{"id":72534,"date":"2025-12-11T09:06:00","date_gmt":"2025-12-11T08:06:00","guid":{"rendered":"https:\/\/alice.ch\/?post_type=news&#038;p=72534"},"modified":"2025-12-11T09:16:54","modified_gmt":"2025-12-11T08:16:54","slug":"neue-titel-fuer-hf-diplome-und-eidgenoessische-berufspruefungen","status":"publish","type":"news","link":"https:\/\/alice.ch\/de\/news\/neue-titel-fuer-hf-diplome-und-eidgenoessische-berufspruefungen\/","title":{"rendered":"\u00abProfessional Bachelor\u00bb und \u00abProfessional Master\u00bb werden eingef\u00fchrt"},"content":{"rendered":"\n<p class=\"is-style-lead\">In der h\u00f6heren Berufsbildung gibt es neue Titelzus\u00e4tze f\u00fcr HF-Diplome und eidgen\u00f6ssische Berufspr\u00fcfungen. Mit dieser und weiteren \u00c4nderungen soll die Berufsbildung attraktiver und international besser anerkannt werden.<\/p>\n\n\n\n<p>Der Nationalrat hat am 10. Dezember 2025 nach dem St\u00e4nderat einer entsprechenden \u00c4nderung des Berufsbildungsgesetzes zugestimmt. Mit der Revision werden die Titelzus\u00e4tze \u00abProfessional Bachelor\u00bb und \u00abProfessional Master\u00bb f\u00fcr die Abschl\u00fcsse der h\u00f6heren Berufsbildung eingef\u00fchrt. Zudem ist Englisch neu eine m\u00f6gliche zus\u00e4tzliche Pr\u00fcfungssprache bei eidgen\u00f6ssischen Berufs- und h\u00f6heren Fachpr\u00fcfungen. K\u00fcnftig d\u00fcrfen ausserdem nur Anbieter eidgen\u00f6ssisch anerkannter Bildungsg\u00e4nge die Bezeichnung \u00abH\u00f6here Fachschule\u00bb f\u00fchren.<\/p>\n\n\n\n<p>Die sei ein wichtiges Signal gegen den Fachkr\u00e4ftemangel und zur Steigerung der Berufsattraktivit\u00e4t in der Schweiz, sagte Kommissionssprecherin Katharina Prelicz-Huber (Gr\u00fcne\/ZH). Zudem w\u00fcrde damit die Berufsbildung im internationalen Kontext besser anerkannt.<\/p>\n\n\n\n<p>Konkret erachtete die Mehrheit die Einf\u00fchrung der Titelzus\u00e4tze als wichtig, damit im Ausland erkennbar ist, dass es sich um Abschl\u00fcsse auf Terti\u00e4rstufe handelt.<\/p>\n\n\n\n<h2 class=\"wp-block-heading\">Ziel: die Berufsbildung st\u00e4rken<\/h2>\n\n\n\n<p>Hintergrund dieser \u00c4nderungen war, dass Hochschulabschl\u00fcsse in den letzten Jahren st\u00e4rker zugenommen haben als Abschl\u00fcsse der h\u00f6heren Berufsbildung. Zugleich beklagten die h\u00f6heren Fachschulen seit l\u00e4ngerem einen Mangel an Bekanntheit und Ansehen. Der Bundesrat hatte deshalb eine Motion zur besseren Positionierung der h\u00f6heren Fachschulen angenommen und die Situation grundlegend pr\u00fcfen lassen. Dabei wurde die gesamte h\u00f6here Berufsbildung \u2013 also auch die eidgen\u00f6ssischen Berufs- und h\u00f6heren Fachpr\u00fcfungen \u2013 ber\u00fccksichtigt.<\/p>\n\n\n\n<p>Die beantragten Massnahmen wurden zusammen mit den Verbundpartnern der Berufsbildung (Bund, Kantone und Organisationen der Arbeitswelt) und unter Einbezug der Hochschulen erarbeitet.<\/p>\n\n\n\n<h2 class=\"wp-block-heading\">SVEB begr\u00fcsst Massnahmenpaket<\/h2>\n\n\n\n<p>Der SVEB hatte sich im Rahmen der Vernehmlassung zur Revision des Berufsbildungsgesetzes f\u00fcr die Einf\u00fchrung des Titelzusatzes \u00abProfessional Bachelor \/ Professional Master\u00bb ausgesprochen und setzt sich seit vielen Jahren auf politischer Ebene f\u00fcr das Anliegen ein. Entsprechend begr\u00fcsst der SVEB den Entscheid als starkes Signal f\u00fcr die Tertiarit\u00e4t, zumal die Einf\u00fchrung der Titelzus\u00e4tze die Abschl\u00fcsse der h\u00f6heren Berufsbildung deutlich aufwertet.<\/p>\n","protected":false},"excerpt":{"rendered":"<p>In der h\u00f6heren Berufsbildung gibt es neue Titelzus\u00e4tze f\u00fcr HF-Diplome und eidgen\u00f6ssische Berufspr\u00fcfungen. Mit dieser und weiteren \u00c4nderungen soll die [&hellip;]<\/p>\n","protected":false},"author":27,"featured_media":72536,"template":"","meta":{"_acf_changed":false,"inline_featured_image":false,"footnotes":""},"news-category":[36],"global-category":[],"class_list":["post-72534","news","type-news","status-publish","has-post-thumbnail","hentry","news-category-professionalisierung"],"acf":[],"yoast_head":"<!-- This site is optimized with the Yoast SEO plugin v27.3 - https:\/\/yoast.com\/product\/yoast-seo-wordpress\/ -->\n<title>\u00abProfessional Bachelor\u00bb und \u00abProfessional Master\u00bb werden eingef\u00fchrt - SVEB<\/title>\n<meta name=\"robots\" content=\"index, follow, max-snippet:-1, max-image-preview:large, max-video-preview:-1\" \/>\n<link rel=\"canonical\" href=\"https:\/\/alice.ch\/de\/news\/neue-titel-fuer-hf-diplome-und-eidgenoessische-berufspruefungen\/\" \/>\n<meta property=\"og:locale\" content=\"de_DE\" \/>\n<meta property=\"og:type\" content=\"article\" \/>\n<meta property=\"og:title\" content=\"\u00abProfessional Bachelor\u00bb und \u00abProfessional Master\u00bb werden eingef\u00fchrt - SVEB\" \/>\n<meta property=\"og:description\" content=\"In der h\u00f6heren Berufsbildung gibt es neue Titelzus\u00e4tze f\u00fcr HF-Diplome und eidgen\u00f6ssische Berufspr\u00fcfungen. Mit dieser und weiteren \u00c4nderungen soll die [&hellip;]\" \/>\n<meta property=\"og:url\" content=\"https:\/\/alice.ch\/de\/news\/neue-titel-fuer-hf-diplome-und-eidgenoessische-berufspruefungen\/\" \/>\n<meta property=\"og:site_name\" content=\"SVEB\" \/>\n<meta property=\"article:modified_time\" content=\"2025-12-11T08:16:54+00:00\" \/>\n<meta property=\"og:image\" content=\"https:\/\/alice.ch\/app\/uploads\/2025\/12\/jordan-gonzalez-RWGz7O06hY-unsplash1.jpg\" \/>\n\t<meta property=\"og:image:width\" content=\"1200\" \/>\n\t<meta property=\"og:image:height\" content=\"627\" \/>\n\t<meta property=\"og:image:type\" content=\"image\/jpeg\" \/>\n<meta name=\"twitter:card\" content=\"summary_large_image\" \/>\n<meta name=\"twitter:label1\" content=\"Gesch\u00e4tzte Lesezeit\" \/>\n\t<meta name=\"twitter:data1\" content=\"2\u00a0Minuten\" \/>\n<script type=\"application\/ld+json\" class=\"yoast-schema-graph\">{\"@context\":\"https:\\\/\\\/schema.org\",\"@graph\":[{\"@type\":\"WebPage\",\"@id\":\"https:\\\/\\\/alice.ch\\\/de\\\/news\\\/neue-titel-fuer-hf-diplome-und-eidgenoessische-berufspruefungen\\\/\",\"url\":\"https:\\\/\\\/alice.ch\\\/de\\\/news\\\/neue-titel-fuer-hf-diplome-und-eidgenoessische-berufspruefungen\\\/\",\"name\":\"\u00abProfessional Bachelor\u00bb und \u00abProfessional Master\u00bb werden eingef\u00fchrt - SVEB\",\"isPartOf\":{\"@id\":\"https:\\\/\\\/alice.ch\\\/de\\\/#website\"},\"primaryImageOfPage\":{\"@id\":\"https:\\\/\\\/alice.ch\\\/de\\\/news\\\/neue-titel-fuer-hf-diplome-und-eidgenoessische-berufspruefungen\\\/#primaryimage\"},\"image\":{\"@id\":\"https:\\\/\\\/alice.ch\\\/de\\\/news\\\/neue-titel-fuer-hf-diplome-und-eidgenoessische-berufspruefungen\\\/#primaryimage\"},\"thumbnailUrl\":\"https:\\\/\\\/alice.ch\\\/app\\\/uploads\\\/2025\\\/12\\\/jordan-gonzalez-RWGz7O06hY-unsplash1.jpg\",\"datePublished\":\"2025-12-11T08:06:00+00:00\",\"dateModified\":\"2025-12-11T08:16:54+00:00\",\"breadcrumb\":{\"@id\":\"https:\\\/\\\/alice.ch\\\/de\\\/news\\\/neue-titel-fuer-hf-diplome-und-eidgenoessische-berufspruefungen\\\/#breadcrumb\"},\"inLanguage\":\"de\",\"potentialAction\":[{\"@type\":\"ReadAction\",\"target\":[\"https:\\\/\\\/alice.ch\\\/de\\\/news\\\/neue-titel-fuer-hf-diplome-und-eidgenoessische-berufspruefungen\\\/\"]}]},{\"@type\":\"ImageObject\",\"inLanguage\":\"de\",\"@id\":\"https:\\\/\\\/alice.ch\\\/de\\\/news\\\/neue-titel-fuer-hf-diplome-und-eidgenoessische-berufspruefungen\\\/#primaryimage\",\"url\":\"https:\\\/\\\/alice.ch\\\/app\\\/uploads\\\/2025\\\/12\\\/jordan-gonzalez-RWGz7O06hY-unsplash1.jpg\",\"contentUrl\":\"https:\\\/\\\/alice.ch\\\/app\\\/uploads\\\/2025\\\/12\\\/jordan-gonzalez-RWGz7O06hY-unsplash1.jpg\",\"width\":1200,\"height\":627},{\"@type\":\"BreadcrumbList\",\"@id\":\"https:\\\/\\\/alice.ch\\\/de\\\/news\\\/neue-titel-fuer-hf-diplome-und-eidgenoessische-berufspruefungen\\\/#breadcrumb\",\"itemListElement\":[{\"@type\":\"ListItem\",\"position\":1,\"name\":\"Startseite\",\"item\":\"https:\\\/\\\/alice.ch\\\/de\\\/\"},{\"@type\":\"ListItem\",\"position\":2,\"name\":\"\u00abProfessional Bachelor\u00bb und \u00abProfessional Master\u00bb werden eingef\u00fchrt\"}]},{\"@type\":\"WebSite\",\"@id\":\"https:\\\/\\\/alice.ch\\\/de\\\/#website\",\"url\":\"https:\\\/\\\/alice.ch\\\/de\\\/\",\"name\":\"alice.ch (Adult Learning Information Center) ist das Portal der Weiterbildung in der Schweiz.\",\"description\":\"Schweizerischer Verband f\u00fcr Weiterbildung\",\"publisher\":{\"@id\":\"https:\\\/\\\/alice.ch\\\/de\\\/#organization\"},\"potentialAction\":[{\"@type\":\"SearchAction\",\"target\":{\"@type\":\"EntryPoint\",\"urlTemplate\":\"https:\\\/\\\/alice.ch\\\/de\\\/?s={search_term_string}\"},\"query-input\":{\"@type\":\"PropertyValueSpecification\",\"valueRequired\":true,\"valueName\":\"search_term_string\"}}],\"inLanguage\":\"de\"},{\"@type\":\"Organization\",\"@id\":\"https:\\\/\\\/alice.ch\\\/de\\\/#organization\",\"name\":\"SVEB Schweizerischer Verband f\u00fcr Weiterbildung\",\"url\":\"https:\\\/\\\/alice.ch\\\/de\\\/\",\"logo\":{\"@type\":\"ImageObject\",\"inLanguage\":\"de\",\"@id\":\"https:\\\/\\\/alice.ch\\\/de\\\/#\\\/schema\\\/logo\\\/image\\\/\",\"url\":\"https:\\\/\\\/alice.ch\\\/app\\\/uploads\\\/2022\\\/07\\\/logo-sveb.png\",\"contentUrl\":\"https:\\\/\\\/alice.ch\\\/app\\\/uploads\\\/2022\\\/07\\\/logo-sveb.png\",\"width\":145,\"height\":64,\"caption\":\"SVEB Schweizerischer Verband f\u00fcr Weiterbildung\"},\"image\":{\"@id\":\"https:\\\/\\\/alice.ch\\\/de\\\/#\\\/schema\\\/logo\\\/image\\\/\"},\"sameAs\":[\"https:\\\/\\\/www.linkedin.com\\\/company\\\/schweizerischer-verband-fr-weiterbildung-sveb\\\/\"]}]}<\/script>\n<!-- \/ Yoast SEO plugin. -->","yoast_head_json":{"title":"\u00abProfessional Bachelor\u00bb und \u00abProfessional Master\u00bb werden eingef\u00fchrt - SVEB","robots":{"index":"index","follow":"follow","max-snippet":"max-snippet:-1","max-image-preview":"max-image-preview:large","max-video-preview":"max-video-preview:-1"},"canonical":"https:\/\/alice.ch\/de\/news\/neue-titel-fuer-hf-diplome-und-eidgenoessische-berufspruefungen\/","og_locale":"de_DE","og_type":"article","og_title":"\u00abProfessional Bachelor\u00bb und \u00abProfessional Master\u00bb werden eingef\u00fchrt - SVEB","og_description":"In der h\u00f6heren Berufsbildung gibt es neue Titelzus\u00e4tze f\u00fcr HF-Diplome und eidgen\u00f6ssische Berufspr\u00fcfungen. Mit dieser und weiteren \u00c4nderungen soll die [&hellip;]","og_url":"https:\/\/alice.ch\/de\/news\/neue-titel-fuer-hf-diplome-und-eidgenoessische-berufspruefungen\/","og_site_name":"SVEB","article_modified_time":"2025-12-11T08:16:54+00:00","og_image":[{"width":1200,"height":627,"url":"https:\/\/alice.ch\/app\/uploads\/2025\/12\/jordan-gonzalez-RWGz7O06hY-unsplash1.jpg","type":"image\/jpeg"}],"twitter_card":"summary_large_image","twitter_misc":{"Gesch\u00e4tzte Lesezeit":"2\u00a0Minuten"},"schema":{"@context":"https:\/\/schema.org","@graph":[{"@type":"WebPage","@id":"https:\/\/alice.ch\/de\/news\/neue-titel-fuer-hf-diplome-und-eidgenoessische-berufspruefungen\/","url":"https:\/\/alice.ch\/de\/news\/neue-titel-fuer-hf-diplome-und-eidgenoessische-berufspruefungen\/","name":"\u00abProfessional Bachelor\u00bb und \u00abProfessional Master\u00bb werden eingef\u00fchrt - SVEB","isPartOf":{"@id":"https:\/\/alice.ch\/de\/#website"},"primaryImageOfPage":{"@id":"https:\/\/alice.ch\/de\/news\/neue-titel-fuer-hf-diplome-und-eidgenoessische-berufspruefungen\/#primaryimage"},"image":{"@id":"https:\/\/alice.ch\/de\/news\/neue-titel-fuer-hf-diplome-und-eidgenoessische-berufspruefungen\/#primaryimage"},"thumbnailUrl":"https:\/\/alice.ch\/app\/uploads\/2025\/12\/jordan-gonzalez-RWGz7O06hY-unsplash1.jpg","datePublished":"2025-12-11T08:06:00+00:00","dateModified":"2025-12-11T08:16:54+00:00","breadcrumb":{"@id":"https:\/\/alice.ch\/de\/news\/neue-titel-fuer-hf-diplome-und-eidgenoessische-berufspruefungen\/#breadcrumb"},"inLanguage":"de","potentialAction":[{"@type":"ReadAction","target":["https:\/\/alice.ch\/de\/news\/neue-titel-fuer-hf-diplome-und-eidgenoessische-berufspruefungen\/"]}]},{"@type":"ImageObject","inLanguage":"de","@id":"https:\/\/alice.ch\/de\/news\/neue-titel-fuer-hf-diplome-und-eidgenoessische-berufspruefungen\/#primaryimage","url":"https:\/\/alice.ch\/app\/uploads\/2025\/12\/jordan-gonzalez-RWGz7O06hY-unsplash1.jpg","contentUrl":"https:\/\/alice.ch\/app\/uploads\/2025\/12\/jordan-gonzalez-RWGz7O06hY-unsplash1.jpg","width":1200,"height":627},{"@type":"BreadcrumbList","@id":"https:\/\/alice.ch\/de\/news\/neue-titel-fuer-hf-diplome-und-eidgenoessische-berufspruefungen\/#breadcrumb","itemListElement":[{"@type":"ListItem","position":1,"name":"Startseite","item":"https:\/\/alice.ch\/de\/"},{"@type":"ListItem","position":2,"name":"\u00abProfessional Bachelor\u00bb und \u00abProfessional Master\u00bb werden eingef\u00fchrt"}]},{"@type":"WebSite","@id":"https:\/\/alice.ch\/de\/#website","url":"https:\/\/alice.ch\/de\/","name":"alice.ch (Adult Learning Information Center) ist das Portal der Weiterbildung in der Schweiz.","description":"Schweizerischer Verband f\u00fcr Weiterbildung","publisher":{"@id":"https:\/\/alice.ch\/de\/#organization"},"potentialAction":[{"@type":"SearchAction","target":{"@type":"EntryPoint","urlTemplate":"https:\/\/alice.ch\/de\/?s={search_term_string}"},"query-input":{"@type":"PropertyValueSpecification","valueRequired":true,"valueName":"search_term_string"}}],"inLanguage":"de"},{"@type":"Organization","@id":"https:\/\/alice.ch\/de\/#organization","name":"SVEB Schweizerischer Verband f\u00fcr Weiterbildung","url":"https:\/\/alice.ch\/de\/","logo":{"@type":"ImageObject","inLanguage":"de","@id":"https:\/\/alice.ch\/de\/#\/schema\/logo\/image\/","url":"https:\/\/alice.ch\/app\/uploads\/2022\/07\/logo-sveb.png","contentUrl":"https:\/\/alice.ch\/app\/uploads\/2022\/07\/logo-sveb.png","width":145,"height":64,"caption":"SVEB Schweizerischer Verband f\u00fcr Weiterbildung"},"image":{"@id":"https:\/\/alice.ch\/de\/#\/schema\/logo\/image\/"},"sameAs":["https:\/\/www.linkedin.com\/company\/schweizerischer-verband-fr-weiterbildung-sveb\/"]}]}},"_links":{"self":[{"href":"https:\/\/alice.ch\/de\/wp-json\/wp\/v2\/news\/72534","targetHints":{"allow":["GET"]}}],"collection":[{"href":"https:\/\/alice.ch\/de\/wp-json\/wp\/v2\/news"}],"about":[{"href":"https:\/\/alice.ch\/de\/wp-json\/wp\/v2\/types\/news"}],"author":[{"embeddable":true,"href":"https:\/\/alice.ch\/de\/wp-json\/wp\/v2\/users\/27"}],"version-history":[{"count":4,"href":"https:\/\/alice.ch\/de\/wp-json\/wp\/v2\/news\/72534\/revisions"}],"predecessor-version":[{"id":72544,"href":"https:\/\/alice.ch\/de\/wp-json\/wp\/v2\/news\/72534\/revisions\/72544"}],"wp:featuredmedia":[{"embeddable":true,"href":"https:\/\/alice.ch\/de\/wp-json\/wp\/v2\/media\/72536"}],"wp:attachment":[{"href":"https:\/\/alice.ch\/de\/wp-json\/wp\/v2\/media?parent=72534"}],"wp:term":[{"taxonomy":"news-category","embeddable":true,"href":"https:\/\/alice.ch\/de\/wp-json\/wp\/v2\/news-category?post=72534"},{"taxonomy":"global-category","embeddable":true,"href":"https:\/\/alice.ch\/de\/wp-json\/wp\/v2\/global-category?post=72534"}],"curies":[{"name":"wp","href":"https:\/\/api.w.org\/{rel}","templated":true}]}}