{"id":72553,"date":"2025-12-13T10:56:18","date_gmt":"2025-12-13T09:56:18","guid":{"rendered":"https:\/\/alice.ch\/?post_type=news&#038;p=72553"},"modified":"2025-12-15T09:02:14","modified_gmt":"2025-12-15T08:02:14","slug":"diese-huerden-blockieren-die-berufliche-weiterbildung-in-deutschland","status":"publish","type":"news","link":"https:\/\/alice.ch\/de\/news\/diese-huerden-blockieren-die-berufliche-weiterbildung-in-deutschland\/","title":{"rendered":"Diese H\u00fcrden blockieren die berufliche Weiterbildung in Deutschland"},"content":{"rendered":"\n<p class=\"is-style-lead\">Von der mangelnden Motivation bis zur weiterbildungsfeindlichen Unternehmenskultur: Gem\u00e4ss einer Studie der Bertelsmann Stiftung gibt es zahlreiche H\u00fcrden und Hindernisse, die zwischen Arbeitnehmenden und einer Weiterbildung stehen. Wobei schon eine davon f\u00fcr eine Nichtteilnahme ausreicht.<\/p>\n\n\n\n<p>\u00abBesch\u00e4ftigte, die ihre beruflichen Kompetenzen erweitern wollen (bzw. erweitern m\u00fcssen), sehen sich zahlreichen H\u00fcrden und Hindernissen gegen\u00fcbergestellt. Es sind Barrieren, die eine berufliche Weiterbildung nicht nur erschweren, sondern in vielen Bereichen sogar verhindern.\u00bb Zu diesem Schluss kommt eine <a href=\"https:\/\/www.bertelsmann-stiftung.de\/de\/publikationen\/publikation\/did\/was-beschaeftigte-von-weiterbildung-abhaelt-1\">Ende November ver\u00f6ffentlichte Studie der Bertelsmann Stiftung<\/a>, bei der online 2641 sozialversicherungspflichtig Besch\u00e4ftigte (25 bis 64 Jahre) befragt wurden.<\/p>\n\n\n\n<p>Im Schnitt nennen Besch\u00e4ftigte sechs bis acht strukturelle, betriebliche oder individuelle Barrieren, die zwischen ihnen und einer Weiterbildung stehen. Schon eine einzige H\u00fcrde reicht, damit sich Besch\u00e4ftigte beruflich nicht weiterbilden. Deshalb hat dies nur jeder Zweite (50,7 Prozent) in den n\u00e4chsten zw\u00f6lf Monaten vor. Das wiederum bedeutet, dass sich Deutschland vom Ziel der Bundesregierung entfernt, bis 2030 eine Weiterbildungsquote von 65 Prozent zu erreichen.<\/p>\n\n\n\n<h2 class=\"wp-block-heading\">Blockaden in mehreren Bereichen<\/h2>\n\n\n\n<p>Das Unterfangen Weiterbildung scheitert demnach an folgenden Punkten:<\/p>\n\n\n\n<ul class=\"wp-block-list\">\n<li>Motivation und Anreize: Zu den st\u00e4rksten Barrieren z\u00e4hlen fehlende externe Anreize. 28,7 Prozent der Besch\u00e4ftigten erwarten kein h\u00f6heres Gehalt; 25,8 Prozent sehen keine besseren Aufstiegschancen. Diese fehlenden Perspektiven bremsen diejenigen st\u00e4rker aus, die sich ohnehin nicht weiterbilden wollen (Weiterbildungs-Passive). Zus\u00e4tzlich sehen 18,5 Prozent der Befragten (und 23,8 Prozent der Weiterbildungs-Passiven) altersbedingt keinen grossen Nutzen mehr in der Weiterbildung.<br><\/li>\n\n\n\n<li>Information und Orientierung: Die Weiterbildungslandschaft gilt bei den Befragten als un\u00fcbersichtlich, fragmentiert und intransparent. Das f\u00fchrt dazu, dass 61,2 Prozent der Besch\u00e4ftigten glauben, unzureichend informiert zu sein. Mehr als ein Viertel (26,5 Prozent) weiss nicht, welche Angebote es \u00fcberhaupt gibt. Besonders aktiv Qualifizierungswillige stossen dabei h\u00e4ufiger auf diese Informationsdefizite (78,4 Prozent) als Passive (43,5 Prozent).<br><\/li>\n\n\n\n<li>Umsetzung (Zeit und Geld): Wenn die ersten H\u00fcrden genommen sind, hindern oft hohe Kosten und fehlende Zeit die Umsetzung. 22 Prozent finden die Kosten zu hoch. Fast jeder F\u00fcnfte findet keine Zeit wegen privater (19,1 Prozent) oder beruflicher (18,3 Prozent) Pflichten. Weil Aktive diese knappen Ressourcen \u00f6fter beanspruchen, stellen diese Umsetzungsh\u00fcrden f\u00fcr sie eine h\u00f6here Barriere dar als f\u00fcr Passive.<br><\/li>\n\n\n\n<li>Unternehmenskultur: \u00dcber 60 Prozent der Besch\u00e4ftigten kritisieren eine mangelnde Weiterbildungskultur im Betrieb. 20,7 Prozent erleben, dass Weiterbildung eher als Privatsache gilt und nicht als Teil der Arbeit. Zudem fehlt in 18,3 Prozent der F\u00e4lle eine systematische Weiterbildungsplanung.<\/li>\n<\/ul>\n\n\n\n<h2 class=\"wp-block-heading\">Vom Matth\u00e4us-Prinzip zur \u00abWeiterbildungsrepublik 2030\u00bb<\/h2>\n\n\n\n<p>Die Studie best\u00e4tigt das Matth\u00e4us-Prinzip: Wer schon gut gebildet und h\u00f6her qualifiziert ist, bildet sich auch am h\u00e4ufigsten fort. Im Jahr 2022 qualifizierten sich 77 Prozent der Besch\u00e4ftigten mit akademischem Abschluss weiter, aber nur 45 Prozent der Geringqualifizierten (ohne Berufsabschluss). Das deutsche Weiterbildungssystem verst\u00e4rke damit bestehende Bildungsungleichheiten.<\/p>\n\n\n\n<p>Um die Umsetzung zu erleichtern, fordern die Studienautoren die Einf\u00fchrung einer finanziell gef\u00f6rderten Bildungs(teil)zeit. Ausserdem soll der Bildungsurlaub aufgewertet werden durch einen bundesweit einheitlichen Berufsbildungsscheck. Dies w\u00fcrde vor allem Geringqualifizierten helfen, weil finanzielle Engp\u00e4sse f\u00fcr sie eine grosse Barriere darstellen.<\/p>\n\n\n\n<p>Um den Informationsdschungel aufzuhellen, m\u00fcssten Beratungsangebote ausserdem besser vernetzt und lokal geb\u00fcndelt werden, zum Beispiel in einer \u00abWeiterbildungsagentur\u00bb. Schliesslich sollen Unternehmen ihre Weiterbildungskultur verbessern. Sie m\u00fcssen Altersstereotype abbauen und Weiterbildung als integralen Bestandteil der strategischen Personalplanung verankern.<\/p>\n\n\n\n<h2 class=\"wp-block-heading\">Weitere Informationen<\/h2>\n\n\n\n<div class=\"wp-block-buttons is-layout-flex wp-block-buttons-is-layout-flex\">\n<div class=\"wp-block-button has-custom-width wp-block-button__width-100 is-style-minimal\"><a class=\"wp-block-button__link wp-element-button\" href=\"http:\/\/\u00abBesch\u00e4ftigte, die ihre beruflichen Kompetenzen erweitern wollen (bzw. erweitern m\u00fcssen), sehen sich zahlreichen H\u00fcrden und Hindernissen gegen\u00fcbergestellt. Es sind Barrieren, die eine berufliche Weiterbildung nicht nur erschweren, sondern in vielen Bereichen sogar verhindern.\u00bb Zu diesem Schluss kommt eine Ende November ver\u00f6ffentlichte Studie der Bertelsmann Stiftung, bei der online 2641 sozialversicherungspflichtig Besch\u00e4ftigte (25 bis 64 Jahre) befragt wurden.\">zur Studie<\/a><\/div>\n<\/div>\n","protected":false},"excerpt":{"rendered":"<p>Von der mangelnden Motivation bis zur weiterbildungsfeindlichen Unternehmenskultur: Gem\u00e4ss einer Studie der Bertelsmann Stiftung gibt es zahlreiche H\u00fcrden und Hindernisse, [&hellip;]<\/p>\n","protected":false},"author":27,"featured_media":72554,"template":"","meta":{"_acf_changed":false,"inline_featured_image":false,"footnotes":""},"news-category":[31],"global-category":[],"class_list":["post-72553","news","type-news","status-publish","has-post-thumbnail","hentry","news-category-branche"],"acf":[],"yoast_head":"<!-- This site is optimized with the Yoast SEO plugin v27.3 - https:\/\/yoast.com\/product\/yoast-seo-wordpress\/ -->\n<title>Diese H\u00fcrden blockieren die berufliche Weiterbildung in Deutschland - SVEB<\/title>\n<meta name=\"robots\" content=\"index, follow, max-snippet:-1, max-image-preview:large, max-video-preview:-1\" \/>\n<link rel=\"canonical\" href=\"https:\/\/alice.ch\/de\/news\/diese-huerden-blockieren-die-berufliche-weiterbildung-in-deutschland\/\" \/>\n<meta property=\"og:locale\" content=\"de_DE\" \/>\n<meta property=\"og:type\" content=\"article\" \/>\n<meta property=\"og:title\" content=\"Diese H\u00fcrden blockieren die berufliche Weiterbildung in Deutschland - SVEB\" \/>\n<meta property=\"og:description\" content=\"Von der mangelnden Motivation bis zur weiterbildungsfeindlichen Unternehmenskultur: Gem\u00e4ss einer Studie der Bertelsmann Stiftung gibt es zahlreiche H\u00fcrden und Hindernisse, [&hellip;]\" \/>\n<meta property=\"og:url\" content=\"https:\/\/alice.ch\/de\/news\/diese-huerden-blockieren-die-berufliche-weiterbildung-in-deutschland\/\" \/>\n<meta property=\"og:site_name\" content=\"SVEB\" \/>\n<meta property=\"article:modified_time\" content=\"2025-12-15T08:02:14+00:00\" \/>\n<meta property=\"og:image\" content=\"https:\/\/alice.ch\/app\/uploads\/2025\/12\/getty-images-IIHydxXIovo-unsplash1.jpg\" \/>\n\t<meta property=\"og:image:width\" content=\"1200\" \/>\n\t<meta property=\"og:image:height\" content=\"627\" \/>\n\t<meta property=\"og:image:type\" content=\"image\/jpeg\" \/>\n<meta name=\"twitter:card\" content=\"summary_large_image\" \/>\n<meta name=\"twitter:label1\" content=\"Gesch\u00e4tzte Lesezeit\" \/>\n\t<meta name=\"twitter:data1\" content=\"3\u00a0Minuten\" \/>\n<script type=\"application\/ld+json\" class=\"yoast-schema-graph\">{\"@context\":\"https:\\\/\\\/schema.org\",\"@graph\":[{\"@type\":\"WebPage\",\"@id\":\"https:\\\/\\\/alice.ch\\\/de\\\/news\\\/diese-huerden-blockieren-die-berufliche-weiterbildung-in-deutschland\\\/\",\"url\":\"https:\\\/\\\/alice.ch\\\/de\\\/news\\\/diese-huerden-blockieren-die-berufliche-weiterbildung-in-deutschland\\\/\",\"name\":\"Diese H\u00fcrden blockieren die berufliche Weiterbildung in Deutschland - SVEB\",\"isPartOf\":{\"@id\":\"https:\\\/\\\/alice.ch\\\/de\\\/#website\"},\"primaryImageOfPage\":{\"@id\":\"https:\\\/\\\/alice.ch\\\/de\\\/news\\\/diese-huerden-blockieren-die-berufliche-weiterbildung-in-deutschland\\\/#primaryimage\"},\"image\":{\"@id\":\"https:\\\/\\\/alice.ch\\\/de\\\/news\\\/diese-huerden-blockieren-die-berufliche-weiterbildung-in-deutschland\\\/#primaryimage\"},\"thumbnailUrl\":\"https:\\\/\\\/alice.ch\\\/app\\\/uploads\\\/2025\\\/12\\\/getty-images-IIHydxXIovo-unsplash1.jpg\",\"datePublished\":\"2025-12-13T09:56:18+00:00\",\"dateModified\":\"2025-12-15T08:02:14+00:00\",\"breadcrumb\":{\"@id\":\"https:\\\/\\\/alice.ch\\\/de\\\/news\\\/diese-huerden-blockieren-die-berufliche-weiterbildung-in-deutschland\\\/#breadcrumb\"},\"inLanguage\":\"de\",\"potentialAction\":[{\"@type\":\"ReadAction\",\"target\":[\"https:\\\/\\\/alice.ch\\\/de\\\/news\\\/diese-huerden-blockieren-die-berufliche-weiterbildung-in-deutschland\\\/\"]}]},{\"@type\":\"ImageObject\",\"inLanguage\":\"de\",\"@id\":\"https:\\\/\\\/alice.ch\\\/de\\\/news\\\/diese-huerden-blockieren-die-berufliche-weiterbildung-in-deutschland\\\/#primaryimage\",\"url\":\"https:\\\/\\\/alice.ch\\\/app\\\/uploads\\\/2025\\\/12\\\/getty-images-IIHydxXIovo-unsplash1.jpg\",\"contentUrl\":\"https:\\\/\\\/alice.ch\\\/app\\\/uploads\\\/2025\\\/12\\\/getty-images-IIHydxXIovo-unsplash1.jpg\",\"width\":1200,\"height\":627},{\"@type\":\"BreadcrumbList\",\"@id\":\"https:\\\/\\\/alice.ch\\\/de\\\/news\\\/diese-huerden-blockieren-die-berufliche-weiterbildung-in-deutschland\\\/#breadcrumb\",\"itemListElement\":[{\"@type\":\"ListItem\",\"position\":1,\"name\":\"Startseite\",\"item\":\"https:\\\/\\\/alice.ch\\\/de\\\/\"},{\"@type\":\"ListItem\",\"position\":2,\"name\":\"Diese H\u00fcrden blockieren die berufliche Weiterbildung in Deutschland\"}]},{\"@type\":\"WebSite\",\"@id\":\"https:\\\/\\\/alice.ch\\\/de\\\/#website\",\"url\":\"https:\\\/\\\/alice.ch\\\/de\\\/\",\"name\":\"alice.ch (Adult Learning Information Center) ist das Portal der Weiterbildung in der Schweiz.\",\"description\":\"Schweizerischer Verband f\u00fcr Weiterbildung\",\"publisher\":{\"@id\":\"https:\\\/\\\/alice.ch\\\/de\\\/#organization\"},\"potentialAction\":[{\"@type\":\"SearchAction\",\"target\":{\"@type\":\"EntryPoint\",\"urlTemplate\":\"https:\\\/\\\/alice.ch\\\/de\\\/?s={search_term_string}\"},\"query-input\":{\"@type\":\"PropertyValueSpecification\",\"valueRequired\":true,\"valueName\":\"search_term_string\"}}],\"inLanguage\":\"de\"},{\"@type\":\"Organization\",\"@id\":\"https:\\\/\\\/alice.ch\\\/de\\\/#organization\",\"name\":\"SVEB Schweizerischer Verband f\u00fcr Weiterbildung\",\"url\":\"https:\\\/\\\/alice.ch\\\/de\\\/\",\"logo\":{\"@type\":\"ImageObject\",\"inLanguage\":\"de\",\"@id\":\"https:\\\/\\\/alice.ch\\\/de\\\/#\\\/schema\\\/logo\\\/image\\\/\",\"url\":\"https:\\\/\\\/alice.ch\\\/app\\\/uploads\\\/2022\\\/07\\\/logo-sveb.png\",\"contentUrl\":\"https:\\\/\\\/alice.ch\\\/app\\\/uploads\\\/2022\\\/07\\\/logo-sveb.png\",\"width\":145,\"height\":64,\"caption\":\"SVEB Schweizerischer Verband f\u00fcr Weiterbildung\"},\"image\":{\"@id\":\"https:\\\/\\\/alice.ch\\\/de\\\/#\\\/schema\\\/logo\\\/image\\\/\"},\"sameAs\":[\"https:\\\/\\\/www.linkedin.com\\\/company\\\/schweizerischer-verband-fr-weiterbildung-sveb\\\/\"]}]}<\/script>\n<!-- \/ Yoast SEO plugin. -->","yoast_head_json":{"title":"Diese H\u00fcrden blockieren die berufliche Weiterbildung in Deutschland - SVEB","robots":{"index":"index","follow":"follow","max-snippet":"max-snippet:-1","max-image-preview":"max-image-preview:large","max-video-preview":"max-video-preview:-1"},"canonical":"https:\/\/alice.ch\/de\/news\/diese-huerden-blockieren-die-berufliche-weiterbildung-in-deutschland\/","og_locale":"de_DE","og_type":"article","og_title":"Diese H\u00fcrden blockieren die berufliche Weiterbildung in Deutschland - SVEB","og_description":"Von der mangelnden Motivation bis zur weiterbildungsfeindlichen Unternehmenskultur: Gem\u00e4ss einer Studie der Bertelsmann Stiftung gibt es zahlreiche H\u00fcrden und Hindernisse, [&hellip;]","og_url":"https:\/\/alice.ch\/de\/news\/diese-huerden-blockieren-die-berufliche-weiterbildung-in-deutschland\/","og_site_name":"SVEB","article_modified_time":"2025-12-15T08:02:14+00:00","og_image":[{"width":1200,"height":627,"url":"https:\/\/alice.ch\/app\/uploads\/2025\/12\/getty-images-IIHydxXIovo-unsplash1.jpg","type":"image\/jpeg"}],"twitter_card":"summary_large_image","twitter_misc":{"Gesch\u00e4tzte Lesezeit":"3\u00a0Minuten"},"schema":{"@context":"https:\/\/schema.org","@graph":[{"@type":"WebPage","@id":"https:\/\/alice.ch\/de\/news\/diese-huerden-blockieren-die-berufliche-weiterbildung-in-deutschland\/","url":"https:\/\/alice.ch\/de\/news\/diese-huerden-blockieren-die-berufliche-weiterbildung-in-deutschland\/","name":"Diese H\u00fcrden blockieren die berufliche Weiterbildung in Deutschland - SVEB","isPartOf":{"@id":"https:\/\/alice.ch\/de\/#website"},"primaryImageOfPage":{"@id":"https:\/\/alice.ch\/de\/news\/diese-huerden-blockieren-die-berufliche-weiterbildung-in-deutschland\/#primaryimage"},"image":{"@id":"https:\/\/alice.ch\/de\/news\/diese-huerden-blockieren-die-berufliche-weiterbildung-in-deutschland\/#primaryimage"},"thumbnailUrl":"https:\/\/alice.ch\/app\/uploads\/2025\/12\/getty-images-IIHydxXIovo-unsplash1.jpg","datePublished":"2025-12-13T09:56:18+00:00","dateModified":"2025-12-15T08:02:14+00:00","breadcrumb":{"@id":"https:\/\/alice.ch\/de\/news\/diese-huerden-blockieren-die-berufliche-weiterbildung-in-deutschland\/#breadcrumb"},"inLanguage":"de","potentialAction":[{"@type":"ReadAction","target":["https:\/\/alice.ch\/de\/news\/diese-huerden-blockieren-die-berufliche-weiterbildung-in-deutschland\/"]}]},{"@type":"ImageObject","inLanguage":"de","@id":"https:\/\/alice.ch\/de\/news\/diese-huerden-blockieren-die-berufliche-weiterbildung-in-deutschland\/#primaryimage","url":"https:\/\/alice.ch\/app\/uploads\/2025\/12\/getty-images-IIHydxXIovo-unsplash1.jpg","contentUrl":"https:\/\/alice.ch\/app\/uploads\/2025\/12\/getty-images-IIHydxXIovo-unsplash1.jpg","width":1200,"height":627},{"@type":"BreadcrumbList","@id":"https:\/\/alice.ch\/de\/news\/diese-huerden-blockieren-die-berufliche-weiterbildung-in-deutschland\/#breadcrumb","itemListElement":[{"@type":"ListItem","position":1,"name":"Startseite","item":"https:\/\/alice.ch\/de\/"},{"@type":"ListItem","position":2,"name":"Diese H\u00fcrden blockieren die berufliche Weiterbildung in Deutschland"}]},{"@type":"WebSite","@id":"https:\/\/alice.ch\/de\/#website","url":"https:\/\/alice.ch\/de\/","name":"alice.ch (Adult Learning Information Center) ist das Portal der Weiterbildung in der Schweiz.","description":"Schweizerischer Verband f\u00fcr Weiterbildung","publisher":{"@id":"https:\/\/alice.ch\/de\/#organization"},"potentialAction":[{"@type":"SearchAction","target":{"@type":"EntryPoint","urlTemplate":"https:\/\/alice.ch\/de\/?s={search_term_string}"},"query-input":{"@type":"PropertyValueSpecification","valueRequired":true,"valueName":"search_term_string"}}],"inLanguage":"de"},{"@type":"Organization","@id":"https:\/\/alice.ch\/de\/#organization","name":"SVEB Schweizerischer Verband f\u00fcr Weiterbildung","url":"https:\/\/alice.ch\/de\/","logo":{"@type":"ImageObject","inLanguage":"de","@id":"https:\/\/alice.ch\/de\/#\/schema\/logo\/image\/","url":"https:\/\/alice.ch\/app\/uploads\/2022\/07\/logo-sveb.png","contentUrl":"https:\/\/alice.ch\/app\/uploads\/2022\/07\/logo-sveb.png","width":145,"height":64,"caption":"SVEB Schweizerischer Verband f\u00fcr Weiterbildung"},"image":{"@id":"https:\/\/alice.ch\/de\/#\/schema\/logo\/image\/"},"sameAs":["https:\/\/www.linkedin.com\/company\/schweizerischer-verband-fr-weiterbildung-sveb\/"]}]}},"_links":{"self":[{"href":"https:\/\/alice.ch\/de\/wp-json\/wp\/v2\/news\/72553","targetHints":{"allow":["GET"]}}],"collection":[{"href":"https:\/\/alice.ch\/de\/wp-json\/wp\/v2\/news"}],"about":[{"href":"https:\/\/alice.ch\/de\/wp-json\/wp\/v2\/types\/news"}],"author":[{"embeddable":true,"href":"https:\/\/alice.ch\/de\/wp-json\/wp\/v2\/users\/27"}],"version-history":[{"count":2,"href":"https:\/\/alice.ch\/de\/wp-json\/wp\/v2\/news\/72553\/revisions"}],"predecessor-version":[{"id":72567,"href":"https:\/\/alice.ch\/de\/wp-json\/wp\/v2\/news\/72553\/revisions\/72567"}],"wp:featuredmedia":[{"embeddable":true,"href":"https:\/\/alice.ch\/de\/wp-json\/wp\/v2\/media\/72554"}],"wp:attachment":[{"href":"https:\/\/alice.ch\/de\/wp-json\/wp\/v2\/media?parent=72553"}],"wp:term":[{"taxonomy":"news-category","embeddable":true,"href":"https:\/\/alice.ch\/de\/wp-json\/wp\/v2\/news-category?post=72553"},{"taxonomy":"global-category","embeddable":true,"href":"https:\/\/alice.ch\/de\/wp-json\/wp\/v2\/global-category?post=72553"}],"curies":[{"name":"wp","href":"https:\/\/api.w.org\/{rel}","templated":true}]}}