{"id":72894,"date":"2026-01-15T11:07:40","date_gmt":"2026-01-15T10:07:40","guid":{"rendered":"https:\/\/alice.ch\/?post_type=news&#038;p=72894"},"modified":"2026-01-15T11:07:44","modified_gmt":"2026-01-15T10:07:44","slug":"die-innovationspreis-was-das-seepferdchen-mit-ki-zu-tun-hat","status":"publish","type":"news","link":"https:\/\/alice.ch\/de\/news\/die-innovationspreis-was-das-seepferdchen-mit-ki-zu-tun-hat\/","title":{"rendered":"DIE-Innovationspreis: Was das Seepferdchen mit KI zu tun hat"},"content":{"rendered":"\n<p class=\"is-style-lead\">Das Deutsche Institut f\u00fcr Erwachsenenbildung (DIE) hat drei innovative Projekte ausgezeichnet, die sich mit KI und Digitalisierung auseinandersetzen: zwei Lernorte und ein interaktives H\u00f6rspiel.<\/p>\n\n\n\n<p>Der DIE-Innovationspreis 2025 stand unter dem Titel \u00abKI und Weiterbildung \u2013 Barrieren abbauen, Teilhabe gestalten\u00bb. Mit der Auszeichnung will das DIE innovative Leistungen anerkennen und sichtbar machen.<\/p>\n\n\n\n<p>2025 wurden drei Projekte ausgezeichnet:<\/p>\n\n\n\n<h2 class=\"wp-block-heading\">Digital Learning Campus (DLC), Schleswig-Holstein: ein Lernort, um sich mit digitalen Themen zu besch\u00e4ftigen<\/h2>\n\n\n\n<p>Ob Medien-Caf\u00e9, offenes Co-Learning oder eine F\u00fchrung durchs AI-Lab \u2013 der <a href=\"https:\/\/dlc.sh\/\">Digital Learning Campus<\/a> macht es m\u00f6glich und verbindet dabei Offline- und Online-Angebote.<\/p>\n\n\n\n<p>Das Themenspektrum reicht von Anwenderweissen zu KI-Chatbots oder Smartphones, \u00fcber Coachings zur Musikproduktion mit KI, bis zum zertifizierten Machine-Learning-Degree mit 12,5 ECTS. \u00abIndem der DLC physische Lernorte schafft und Menschen mit Wissen motiviert, ihr Wissen zu teilen, schafft das Projekt das, was innovative Erwachsenenbildung auszeichnet: Es verbindet Niedrigschwelligkeit mit akademischer Tiefe\u00bb, heisst es in der Laudatio. \u00abHier wird KI nicht nur gelehrt, sondern als praktisches Werkzeug zur Unterst\u00fctzung von Lernen eingesetzt.\u00bb<\/p>\n\n\n\n<h2 class=\"wp-block-heading\">KI-Seepferdchen, Volkshochschule Oberhausen: ein Abzeichen f\u00fcr KI-Kompetenz<\/h2>\n\n\n\n<p>Was f\u00fcrs Schwimmen gilt, kann auch auf KI adaptiert werden. Das heisst: Auch in Sachen KI-Kompetenzen kann man mit dem Seepferdchen einsteigen. Dies nicht im Schwimmbad, sondern in der Stadtbibliothek Oberhausen in Nordrhein-Westfalen.<\/p>\n\n\n\n<p>Was es zum <a href=\"https:\/\/www.vhs-oberhausen.de\/programm\/beruf-it\/kurs\/KI-Seepferdchen\/BD9570W#inhalt\">Seepferdchen<\/a> braucht: die Stationen \u00abPrompts richtig bauen\u00bb, \u00abTexte besser machen\u00bb, \u00abBilder kreativ erstellen\u00bb und \u00abGrenzen sicher erkennen\u00bb. Das Projekt will Teilnehmerinnen und Teilnehmer bef\u00e4higen, KI selbstst\u00e4ndig und reflektiert zu verwenden; spielerisch und praxisnah. Gem\u00e4ss Laudatio zeigt das Seepferdchen, \u00abwie Bildung Br\u00fccken zwischen Generationen, Lebenswelten und Kulturen schlagen kann und das mitten in einer vielf\u00e4ltigen Stadtgesellschaft.\u00bb<\/p>\n\n\n\n<h2 class=\"wp-block-heading\">Unter Verdacht, Arbeit und Leben Th\u00fcringen: ein interaktives H\u00f6rspiel, das zum Nachdenken anregt<\/h2>\n\n\n\n<p>Eine Geschichte um einen m\u00f6glichen Missbrauchsfall und allerlei Theorien, die dazu im Raum stehen: Die Zuh\u00f6rerenden k\u00f6nnen die Handlung mitbestimmen und entscheiden so selbst, wie sich die Geschichte entwickelt. &nbsp;<\/p>\n\n\n\n<p>Zum H\u00f6rspiel <a href=\"https:\/\/unter-verdacht.de\/\">\u00abunter Verdacht\u00bb<\/a> geh\u00f6rt auch ein Podcast, didaktisches Begleitmaterial wie Quiz, Glossar und Einf\u00fchrungstexte sowie Schulungsangebote f\u00fcr Multiplikatorinnen und Multiplikatoren, die zeigen, wie praxisnah das Format im Bildungsalltag eingesetzt werden kann.<\/p>\n\n\n\n<p>Das Projekt zeige, so die Laudatio, wie KI eingesetzt werden kann, um \u00abbarrierearm und lebensweltnah Themen der politischen Bildung zu transportieren\u00bb.<\/p>\n\n\n\n<h2 class=\"wp-block-heading\">Weitere Informationen<\/h2>\n\n\n\n<div class=\"wp-block-buttons is-layout-flex wp-block-buttons-is-layout-flex\">\n<div class=\"wp-block-button has-custom-width wp-block-button__width-100 is-style-minimal\"><a class=\"wp-block-button__link wp-element-button\" href=\"https:\/\/www.die-bonn.de\/institut\/innovationspreis\/2025\" target=\"_blank\" rel=\"noreferrer noopener\">\u00fcber den Innovationspreis 2025<\/a><\/div>\n<\/div>\n","protected":false},"excerpt":{"rendered":"<p>Das Deutsche Institut f\u00fcr Erwachsenenbildung (DIE) hat drei innovative Projekte ausgezeichnet, die sich mit KI und Digitalisierung auseinandersetzen: zwei Lernorte [&hellip;]<\/p>\n","protected":false},"author":27,"featured_media":72896,"template":"","meta":{"_acf_changed":false,"inline_featured_image":false,"footnotes":""},"news-category":[31],"global-category":[366],"class_list":["post-72894","news","type-news","status-publish","has-post-thumbnail","hentry","news-category-branche","global-category-ki-in-der-weiterbildung"],"acf":[],"yoast_head":"<!-- This site is optimized with the Yoast SEO plugin v27.3 - https:\/\/yoast.com\/product\/yoast-seo-wordpress\/ -->\n<title>DIE-Innovationspreis: Was das Seepferdchen mit KI zu tun hat - SVEB<\/title>\n<meta name=\"robots\" content=\"index, follow, max-snippet:-1, max-image-preview:large, max-video-preview:-1\" \/>\n<link rel=\"canonical\" href=\"https:\/\/alice.ch\/de\/news\/die-innovationspreis-was-das-seepferdchen-mit-ki-zu-tun-hat\/\" \/>\n<meta property=\"og:locale\" content=\"de_DE\" \/>\n<meta property=\"og:type\" content=\"article\" \/>\n<meta property=\"og:title\" content=\"DIE-Innovationspreis: Was das Seepferdchen mit KI zu tun hat - SVEB\" \/>\n<meta property=\"og:description\" content=\"Das Deutsche Institut f\u00fcr Erwachsenenbildung (DIE) hat drei innovative Projekte ausgezeichnet, die sich mit KI und Digitalisierung auseinandersetzen: zwei Lernorte [&hellip;]\" \/>\n<meta property=\"og:url\" content=\"https:\/\/alice.ch\/de\/news\/die-innovationspreis-was-das-seepferdchen-mit-ki-zu-tun-hat\/\" \/>\n<meta property=\"og:site_name\" content=\"SVEB\" \/>\n<meta property=\"article:modified_time\" content=\"2026-01-15T10:07:44+00:00\" \/>\n<meta property=\"og:image\" content=\"https:\/\/alice.ch\/app\/uploads\/2026\/01\/gary-walker-jones-wWdstUenUQw-unsplash1.jpg\" \/>\n\t<meta property=\"og:image:width\" content=\"1200\" \/>\n\t<meta property=\"og:image:height\" content=\"627\" \/>\n\t<meta property=\"og:image:type\" content=\"image\/jpeg\" \/>\n<meta name=\"twitter:card\" content=\"summary_large_image\" \/>\n<meta name=\"twitter:label1\" content=\"Gesch\u00e4tzte Lesezeit\" \/>\n\t<meta name=\"twitter:data1\" content=\"2\u00a0Minuten\" \/>\n<script type=\"application\/ld+json\" class=\"yoast-schema-graph\">{\"@context\":\"https:\\\/\\\/schema.org\",\"@graph\":[{\"@type\":\"WebPage\",\"@id\":\"https:\\\/\\\/alice.ch\\\/de\\\/news\\\/die-innovationspreis-was-das-seepferdchen-mit-ki-zu-tun-hat\\\/\",\"url\":\"https:\\\/\\\/alice.ch\\\/de\\\/news\\\/die-innovationspreis-was-das-seepferdchen-mit-ki-zu-tun-hat\\\/\",\"name\":\"DIE-Innovationspreis: Was das Seepferdchen mit KI zu tun hat - SVEB\",\"isPartOf\":{\"@id\":\"https:\\\/\\\/alice.ch\\\/de\\\/#website\"},\"primaryImageOfPage\":{\"@id\":\"https:\\\/\\\/alice.ch\\\/de\\\/news\\\/die-innovationspreis-was-das-seepferdchen-mit-ki-zu-tun-hat\\\/#primaryimage\"},\"image\":{\"@id\":\"https:\\\/\\\/alice.ch\\\/de\\\/news\\\/die-innovationspreis-was-das-seepferdchen-mit-ki-zu-tun-hat\\\/#primaryimage\"},\"thumbnailUrl\":\"https:\\\/\\\/alice.ch\\\/app\\\/uploads\\\/2026\\\/01\\\/gary-walker-jones-wWdstUenUQw-unsplash1.jpg\",\"datePublished\":\"2026-01-15T10:07:40+00:00\",\"dateModified\":\"2026-01-15T10:07:44+00:00\",\"breadcrumb\":{\"@id\":\"https:\\\/\\\/alice.ch\\\/de\\\/news\\\/die-innovationspreis-was-das-seepferdchen-mit-ki-zu-tun-hat\\\/#breadcrumb\"},\"inLanguage\":\"de\",\"potentialAction\":[{\"@type\":\"ReadAction\",\"target\":[\"https:\\\/\\\/alice.ch\\\/de\\\/news\\\/die-innovationspreis-was-das-seepferdchen-mit-ki-zu-tun-hat\\\/\"]}]},{\"@type\":\"ImageObject\",\"inLanguage\":\"de\",\"@id\":\"https:\\\/\\\/alice.ch\\\/de\\\/news\\\/die-innovationspreis-was-das-seepferdchen-mit-ki-zu-tun-hat\\\/#primaryimage\",\"url\":\"https:\\\/\\\/alice.ch\\\/app\\\/uploads\\\/2026\\\/01\\\/gary-walker-jones-wWdstUenUQw-unsplash1.jpg\",\"contentUrl\":\"https:\\\/\\\/alice.ch\\\/app\\\/uploads\\\/2026\\\/01\\\/gary-walker-jones-wWdstUenUQw-unsplash1.jpg\",\"width\":1200,\"height\":627},{\"@type\":\"BreadcrumbList\",\"@id\":\"https:\\\/\\\/alice.ch\\\/de\\\/news\\\/die-innovationspreis-was-das-seepferdchen-mit-ki-zu-tun-hat\\\/#breadcrumb\",\"itemListElement\":[{\"@type\":\"ListItem\",\"position\":1,\"name\":\"Startseite\",\"item\":\"https:\\\/\\\/alice.ch\\\/de\\\/\"},{\"@type\":\"ListItem\",\"position\":2,\"name\":\"DIE-Innovationspreis: Was das Seepferdchen mit KI zu tun hat\"}]},{\"@type\":\"WebSite\",\"@id\":\"https:\\\/\\\/alice.ch\\\/de\\\/#website\",\"url\":\"https:\\\/\\\/alice.ch\\\/de\\\/\",\"name\":\"alice.ch (Adult Learning Information Center) ist das Portal der Weiterbildung in der Schweiz.\",\"description\":\"Schweizerischer Verband f\u00fcr Weiterbildung\",\"publisher\":{\"@id\":\"https:\\\/\\\/alice.ch\\\/de\\\/#organization\"},\"potentialAction\":[{\"@type\":\"SearchAction\",\"target\":{\"@type\":\"EntryPoint\",\"urlTemplate\":\"https:\\\/\\\/alice.ch\\\/de\\\/?s={search_term_string}\"},\"query-input\":{\"@type\":\"PropertyValueSpecification\",\"valueRequired\":true,\"valueName\":\"search_term_string\"}}],\"inLanguage\":\"de\"},{\"@type\":\"Organization\",\"@id\":\"https:\\\/\\\/alice.ch\\\/de\\\/#organization\",\"name\":\"SVEB Schweizerischer Verband f\u00fcr Weiterbildung\",\"url\":\"https:\\\/\\\/alice.ch\\\/de\\\/\",\"logo\":{\"@type\":\"ImageObject\",\"inLanguage\":\"de\",\"@id\":\"https:\\\/\\\/alice.ch\\\/de\\\/#\\\/schema\\\/logo\\\/image\\\/\",\"url\":\"https:\\\/\\\/alice.ch\\\/app\\\/uploads\\\/2022\\\/07\\\/logo-sveb.png\",\"contentUrl\":\"https:\\\/\\\/alice.ch\\\/app\\\/uploads\\\/2022\\\/07\\\/logo-sveb.png\",\"width\":145,\"height\":64,\"caption\":\"SVEB Schweizerischer Verband f\u00fcr Weiterbildung\"},\"image\":{\"@id\":\"https:\\\/\\\/alice.ch\\\/de\\\/#\\\/schema\\\/logo\\\/image\\\/\"},\"sameAs\":[\"https:\\\/\\\/www.linkedin.com\\\/company\\\/schweizerischer-verband-fr-weiterbildung-sveb\\\/\"]}]}<\/script>\n<!-- \/ Yoast SEO plugin. -->","yoast_head_json":{"title":"DIE-Innovationspreis: Was das Seepferdchen mit KI zu tun hat - SVEB","robots":{"index":"index","follow":"follow","max-snippet":"max-snippet:-1","max-image-preview":"max-image-preview:large","max-video-preview":"max-video-preview:-1"},"canonical":"https:\/\/alice.ch\/de\/news\/die-innovationspreis-was-das-seepferdchen-mit-ki-zu-tun-hat\/","og_locale":"de_DE","og_type":"article","og_title":"DIE-Innovationspreis: Was das Seepferdchen mit KI zu tun hat - SVEB","og_description":"Das Deutsche Institut f\u00fcr Erwachsenenbildung (DIE) hat drei innovative Projekte ausgezeichnet, die sich mit KI und Digitalisierung auseinandersetzen: zwei Lernorte [&hellip;]","og_url":"https:\/\/alice.ch\/de\/news\/die-innovationspreis-was-das-seepferdchen-mit-ki-zu-tun-hat\/","og_site_name":"SVEB","article_modified_time":"2026-01-15T10:07:44+00:00","og_image":[{"width":1200,"height":627,"url":"https:\/\/alice.ch\/app\/uploads\/2026\/01\/gary-walker-jones-wWdstUenUQw-unsplash1.jpg","type":"image\/jpeg"}],"twitter_card":"summary_large_image","twitter_misc":{"Gesch\u00e4tzte Lesezeit":"2\u00a0Minuten"},"schema":{"@context":"https:\/\/schema.org","@graph":[{"@type":"WebPage","@id":"https:\/\/alice.ch\/de\/news\/die-innovationspreis-was-das-seepferdchen-mit-ki-zu-tun-hat\/","url":"https:\/\/alice.ch\/de\/news\/die-innovationspreis-was-das-seepferdchen-mit-ki-zu-tun-hat\/","name":"DIE-Innovationspreis: Was das Seepferdchen mit KI zu tun hat - SVEB","isPartOf":{"@id":"https:\/\/alice.ch\/de\/#website"},"primaryImageOfPage":{"@id":"https:\/\/alice.ch\/de\/news\/die-innovationspreis-was-das-seepferdchen-mit-ki-zu-tun-hat\/#primaryimage"},"image":{"@id":"https:\/\/alice.ch\/de\/news\/die-innovationspreis-was-das-seepferdchen-mit-ki-zu-tun-hat\/#primaryimage"},"thumbnailUrl":"https:\/\/alice.ch\/app\/uploads\/2026\/01\/gary-walker-jones-wWdstUenUQw-unsplash1.jpg","datePublished":"2026-01-15T10:07:40+00:00","dateModified":"2026-01-15T10:07:44+00:00","breadcrumb":{"@id":"https:\/\/alice.ch\/de\/news\/die-innovationspreis-was-das-seepferdchen-mit-ki-zu-tun-hat\/#breadcrumb"},"inLanguage":"de","potentialAction":[{"@type":"ReadAction","target":["https:\/\/alice.ch\/de\/news\/die-innovationspreis-was-das-seepferdchen-mit-ki-zu-tun-hat\/"]}]},{"@type":"ImageObject","inLanguage":"de","@id":"https:\/\/alice.ch\/de\/news\/die-innovationspreis-was-das-seepferdchen-mit-ki-zu-tun-hat\/#primaryimage","url":"https:\/\/alice.ch\/app\/uploads\/2026\/01\/gary-walker-jones-wWdstUenUQw-unsplash1.jpg","contentUrl":"https:\/\/alice.ch\/app\/uploads\/2026\/01\/gary-walker-jones-wWdstUenUQw-unsplash1.jpg","width":1200,"height":627},{"@type":"BreadcrumbList","@id":"https:\/\/alice.ch\/de\/news\/die-innovationspreis-was-das-seepferdchen-mit-ki-zu-tun-hat\/#breadcrumb","itemListElement":[{"@type":"ListItem","position":1,"name":"Startseite","item":"https:\/\/alice.ch\/de\/"},{"@type":"ListItem","position":2,"name":"DIE-Innovationspreis: Was das Seepferdchen mit KI zu tun hat"}]},{"@type":"WebSite","@id":"https:\/\/alice.ch\/de\/#website","url":"https:\/\/alice.ch\/de\/","name":"alice.ch (Adult Learning Information Center) ist das Portal der Weiterbildung in der Schweiz.","description":"Schweizerischer Verband f\u00fcr Weiterbildung","publisher":{"@id":"https:\/\/alice.ch\/de\/#organization"},"potentialAction":[{"@type":"SearchAction","target":{"@type":"EntryPoint","urlTemplate":"https:\/\/alice.ch\/de\/?s={search_term_string}"},"query-input":{"@type":"PropertyValueSpecification","valueRequired":true,"valueName":"search_term_string"}}],"inLanguage":"de"},{"@type":"Organization","@id":"https:\/\/alice.ch\/de\/#organization","name":"SVEB Schweizerischer Verband f\u00fcr Weiterbildung","url":"https:\/\/alice.ch\/de\/","logo":{"@type":"ImageObject","inLanguage":"de","@id":"https:\/\/alice.ch\/de\/#\/schema\/logo\/image\/","url":"https:\/\/alice.ch\/app\/uploads\/2022\/07\/logo-sveb.png","contentUrl":"https:\/\/alice.ch\/app\/uploads\/2022\/07\/logo-sveb.png","width":145,"height":64,"caption":"SVEB Schweizerischer Verband f\u00fcr Weiterbildung"},"image":{"@id":"https:\/\/alice.ch\/de\/#\/schema\/logo\/image\/"},"sameAs":["https:\/\/www.linkedin.com\/company\/schweizerischer-verband-fr-weiterbildung-sveb\/"]}]}},"_links":{"self":[{"href":"https:\/\/alice.ch\/de\/wp-json\/wp\/v2\/news\/72894","targetHints":{"allow":["GET"]}}],"collection":[{"href":"https:\/\/alice.ch\/de\/wp-json\/wp\/v2\/news"}],"about":[{"href":"https:\/\/alice.ch\/de\/wp-json\/wp\/v2\/types\/news"}],"author":[{"embeddable":true,"href":"https:\/\/alice.ch\/de\/wp-json\/wp\/v2\/users\/27"}],"version-history":[{"count":3,"href":"https:\/\/alice.ch\/de\/wp-json\/wp\/v2\/news\/72894\/revisions"}],"predecessor-version":[{"id":72901,"href":"https:\/\/alice.ch\/de\/wp-json\/wp\/v2\/news\/72894\/revisions\/72901"}],"wp:featuredmedia":[{"embeddable":true,"href":"https:\/\/alice.ch\/de\/wp-json\/wp\/v2\/media\/72896"}],"wp:attachment":[{"href":"https:\/\/alice.ch\/de\/wp-json\/wp\/v2\/media?parent=72894"}],"wp:term":[{"taxonomy":"news-category","embeddable":true,"href":"https:\/\/alice.ch\/de\/wp-json\/wp\/v2\/news-category?post=72894"},{"taxonomy":"global-category","embeddable":true,"href":"https:\/\/alice.ch\/de\/wp-json\/wp\/v2\/global-category?post=72894"}],"curies":[{"name":"wp","href":"https:\/\/api.w.org\/{rel}","templated":true}]}}