{"id":72945,"date":"2026-01-23T08:51:18","date_gmt":"2026-01-23T07:51:18","guid":{"rendered":"https:\/\/alice.ch\/?post_type=news&#038;p=72945"},"modified":"2026-01-23T08:51:21","modified_gmt":"2026-01-23T07:51:21","slug":"lehrabschluss-mit-39-jahren-ich-wollte-nicht-laenger-zur-kategorie-ungelernt-gehoeren","status":"publish","type":"news","link":"https:\/\/alice.ch\/de\/news\/lehrabschluss-mit-39-jahren-ich-wollte-nicht-laenger-zur-kategorie-ungelernt-gehoeren\/","title":{"rendered":"Lehrabschluss mit 39 Jahren: \u00abIch wollte nicht l\u00e4nger zur Kategorie \u2039ungelernt\u203a geh\u00f6ren\u00bb"},"content":{"rendered":"\n<p class=\"is-style-lead\">Wie ist es eigentlich, mit fast 40 seinen Lehrabschluss zu machen? Und mit welchen Vorurteilen ist man dabei konfrontiert? SVEB-Mitarbeiter Domenico Molinaro gibt Auskunft und findet: \u00abDas EFZ ist das Fundament jeder Karriere.\u00bb<\/p>\n\n\n\n<p>Abschl\u00fcsse f\u00fcr Erwachsene sind f\u00fcr den SVEB schon lange ein wichtiges Thema, nicht nur im Bereich Grundkompetenzen. Dass dies f\u00fcr viele ein anspruchsvoller Weg ist, zeigt das Beispiel von SVEB-Mitarbeiter Domenico Molinaro.<\/p>\n\n\n\n<p><strong><em>Wie kam es, dass du keine Ausbildung gemacht hast?<\/em><\/strong><br>Das hatte damals vor allem famili\u00e4re Gr\u00fcnde. Mein Vater war schwer erkrankt, und da meine Mutter die Einzige war, die das Einkommen sicherte, entschied ich mich, meine erste Ausbildung im Gastgewerbe abzubrechen, um die Familie finanziell zu unterst\u00fctzen. Sp\u00e4ter versuchte ich, in Italien mit dem Liceo Artistico noch einmal neu anzufangen, merkte aber nach einem Jahr, dass meine Wurzeln und mein Lebensmittelpunkt in der Schweiz sind. Zur\u00fcck in Z\u00fcrich stieg ich direkt in die Arbeitswelt ein und bekam bei der damaligen Cablecom (sp\u00e4ter UPC) die Chance, mich zu beweisen. Ich blieb der Firma knapp 15 Jahre lang treu, wodurch der formale Abschluss erst einmal in den Hintergrund r\u00fcckte.<\/p>\n\n\n\n<p><strong><em>Warum hast du mit 39 Jahren beschlossen, doch noch einen Lehrabschluss nachzuholen?<\/em><\/strong><br>Der Wendepunkt kam mit der Fusion von Sunrise und UPC, durch welche meine Stelle gestrichen wurde. Ich nutzte die Zeit f\u00fcr eine Beratung beim Berufsinformationszentrum BIZ. Mir war bewusst, dass ich zwar \u00fcber 22 Jahre Berufserfahrung im Gep\u00e4ck hatte, mir aber das offizielle Diplom fehlte. Ich habe mich f\u00fcr das EFZ entschieden, da es in der Schweiz das Fundament jeder Karriere ist. Ich wollte schwarz auf weiss beweisen, dass ich eine qualifizierte Fachkraft bin \u2013 und nicht l\u00e4nger in die Kategorie\u00a0\u00abungelernt\u00bb fallen.<\/p>\n\n\n\n<p><strong><em>Welche Schwierigkeiten gab es dabei?<br><\/em><\/strong>Die gr\u00f6sste Herausforderung war die enorme Selbstdisziplin, die dieses Verfahren fordert. Man schreibt nicht nur eine Pr\u00fcfung, sondern beweist seine langj\u00e4hrige Erfahrung in detaillierten Dossiers. Insgesamt mussten 24 Handlungskompetenzen validiert werden \u2013 bestehend aus allen Pflichtkompetenzen (wie z. B. Soll-Ist-Vergleiche oder Kommunikation) sowie sechs Wahlpflichtkompetenzen (z. B. Kundengewinnung und Marketing oder Personaladministration). Pro Kompetenz mussten mindestens sechs A4-Seiten mit konkreten Praxisbeispielen erarbeitet werden. Hinzu kam der logistische Aufwand, da nach der Infoveranstaltung und der Zuweisung zum dreit\u00e4gigen Seminar auch die spezifischen Fachkurse sowie die schriftlichen und m\u00fcndlichen Pr\u00fcfungen zentral bei der Wirtschafts- und Kaderschule WKS in Bern stattfanden.<\/p>\n\n\n\n<p><strong><em>Wie war es, sich nach so langer Zeit wieder einer Pr\u00fcfungssituation zu stellen?<\/em><\/strong><br>F\u00fcr mich war es mental eine grosse Umstellung. Da es im Validierungsverfahren kein Punktesystem, sondern nur \u00aberf\u00fcllt\u00bb oder \u00abnicht erf\u00fcllt\u00bb gibt, steht man unter einem enormen Leistungsdruck. Es brauchte viel Kraft, diesen Spagat zwischen dem anspruchsvollen Alltag, den detaillierten Dokumentationen und einer gesundheitlichen Herausforderung erfolgreich zu meistern.Erschwerend war dabei, dass ich im Jahr 2021 mit einer Gesichtsl\u00e4hmung auf der linken Seite konfrontiert war, die mich sowohl physisch als auch psychisch stark angriff. Bevor ich das Verfahren in Angriff nehmen konnte, musste ich mich voll und ganz auf meine Genesung konzentrieren, um gesundheitlich wieder das bestm\u00f6gliche Resultat zu erreichen. Trotz dieser einschneidenden Erfahrung und der intensiven Phase der Rehabilitation die n\u00f6tige Kraft f\u00fcr die Zertifizierung aufzubringen, war eine enorme zus\u00e4tzliche Leistung, die den erfolgreichen Abschluss f\u00fcr mich umso wertvoller macht.<\/p>\n\n\n\n<p><strong><em>Sahst du dich mit Vorurteilen konfrontiert?<\/em><\/strong><br>Beruflich war die Konfrontation mit dem fehlenden Abschluss sehr real. Obwohl ich insgesamt \u00fcber 22 Jahre Erfahrung mitbrachte, sp\u00fcrte ich auf dem Arbeitsmarkt, dass man ohne das\u00a0\u00abPapier\u00bb oft abgestuft wird. Man darf sich teilweise gar nicht auf Stellen bewerben, die man fachlich l\u00e4ngst beherrscht. Das hat auch etwas mit meinem Selbstwertgef\u00fchl gemacht. Ich habe versucht, das durch Selbststudium zu kompensieren, aber dieses Gef\u00fchl, nicht voll anerkannt zu sein, war am Ende der st\u00e4rkste Motor, um das EFZ doch noch nachzuholen.<\/p>\n\n\n\n<p><strong><em>Du konntest auf Unterst\u00fctzung des Kantons z\u00e4hlen \u2013 wie wichtig war das f\u00fcr dich?<\/em><\/strong><br>Die Unterst\u00fctzung war absolut entscheidend. Das begann bei der Beratung durch das BIZ und ging bis zur finanziellen Hilfe: Der Kanton hat einen Beitrag von 1000 Franken \u00fcbernommen. Da meine Situation aufgrund der gesundheitlichen Rehabilitation finanziell angespannt war, konnte ich zus\u00e4tzlich auf Mittel einer Stiftung z\u00e4hlen, die \u00fcber eine kantonale Sonderstelle koordiniert wurden. Ohne diese gezielte Unterst\u00fctzung w\u00e4re die Finanzierung des Verfahrens in dieser Phase der Neuorientierung kaum m\u00f6glich gewesen.<\/p>\n\n\n\n<p><strong><em>Welche Rolle spielte der SVEB dabei?<\/em><\/strong><br>Der SVEB war f\u00fcr mich weit mehr als nur ein Arbeitgeber \u2013 er war der Ort, an dem ich die Chance f\u00fcr einen echten Neuanfang bekam. Ich startete dort im Rahmen einer Wiedereingliederung und von Anfang an sp\u00fcrte ich ein tiefes Vertrauen. Es war ein wertvolles Geben und Nehmen: W\u00e4hrend ich mich schrittweise wieder in den Arbeitsalltag integrierte und produktiv mitarbeitete, gab mir der SVEB den Raum, den ich f\u00fcr mein Validierungsverfahren so dringend brauchte. Besonders die pers\u00f6nliche Unterst\u00fctzung durch die Gesch\u00e4ftsleitung hat mich tief beeindruckt. Der sch\u00f6nste Beweis f\u00fcr den gemeinsamen Erfolg war, dass ich im September 2025 eine feste Stelle beim SVEB antreten durfte. Ich arbeite dort nun in einem 40%-Pensum und bin stolz darauf, fest zum Team zu geh\u00f6ren. Dass ich heute mein EFZ in den H\u00e4nden halte, verdanke ich diesem aussergew\u00f6hnlichen Umfeld, in dem lebenslanges Lernen nicht nur ein Wort ist, sondern mit viel Herz gelebt wird.<\/p>\n\n\n\n<p><a id=\"_msocom_1\"><\/a><\/p>\n","protected":false},"excerpt":{"rendered":"<p>Wie ist es eigentlich, mit fast 40 seinen Lehrabschluss zu machen? Und mit welchen Vorurteilen ist man dabei konfrontiert? SVEB-Mitarbeiter [&hellip;]<\/p>\n","protected":false},"author":27,"featured_media":72947,"template":"","meta":{"_acf_changed":false,"inline_featured_image":false,"footnotes":""},"news-category":[39],"global-category":[],"class_list":["post-72945","news","type-news","status-publish","has-post-thumbnail","hentry","news-category-sveb"],"acf":[],"yoast_head":"<!-- This site is optimized with the Yoast SEO plugin v27.3 - https:\/\/yoast.com\/product\/yoast-seo-wordpress\/ -->\n<title>Lehrabschluss mit 39 Jahren: \u00abIch wollte nicht l\u00e4nger zur Kategorie \u2039ungelernt\u203a geh\u00f6ren\u00bb - SVEB<\/title>\n<meta name=\"robots\" content=\"index, follow, max-snippet:-1, max-image-preview:large, max-video-preview:-1\" \/>\n<link rel=\"canonical\" href=\"https:\/\/alice.ch\/de\/news\/lehrabschluss-mit-39-jahren-ich-wollte-nicht-laenger-zur-kategorie-ungelernt-gehoeren\/\" \/>\n<meta property=\"og:locale\" content=\"de_DE\" \/>\n<meta property=\"og:type\" content=\"article\" \/>\n<meta property=\"og:title\" content=\"Lehrabschluss mit 39 Jahren: \u00abIch wollte nicht l\u00e4nger zur Kategorie \u2039ungelernt\u203a geh\u00f6ren\u00bb - SVEB\" \/>\n<meta property=\"og:description\" content=\"Wie ist es eigentlich, mit fast 40 seinen Lehrabschluss zu machen? Und mit welchen Vorurteilen ist man dabei konfrontiert? SVEB-Mitarbeiter [&hellip;]\" \/>\n<meta property=\"og:url\" content=\"https:\/\/alice.ch\/de\/news\/lehrabschluss-mit-39-jahren-ich-wollte-nicht-laenger-zur-kategorie-ungelernt-gehoeren\/\" \/>\n<meta property=\"og:site_name\" content=\"SVEB\" \/>\n<meta property=\"article:modified_time\" content=\"2026-01-23T07:51:21+00:00\" \/>\n<meta property=\"og:image\" content=\"https:\/\/alice.ch\/app\/uploads\/2026\/01\/dome.jpg\" \/>\n\t<meta property=\"og:image:width\" content=\"1200\" \/>\n\t<meta property=\"og:image:height\" content=\"627\" \/>\n\t<meta property=\"og:image:type\" content=\"image\/jpeg\" \/>\n<meta name=\"twitter:card\" content=\"summary_large_image\" \/>\n<meta name=\"twitter:label1\" content=\"Gesch\u00e4tzte Lesezeit\" \/>\n\t<meta name=\"twitter:data1\" content=\"4\u00a0Minuten\" \/>\n<script type=\"application\/ld+json\" class=\"yoast-schema-graph\">{\"@context\":\"https:\\\/\\\/schema.org\",\"@graph\":[{\"@type\":\"WebPage\",\"@id\":\"https:\\\/\\\/alice.ch\\\/de\\\/news\\\/lehrabschluss-mit-39-jahren-ich-wollte-nicht-laenger-zur-kategorie-ungelernt-gehoeren\\\/\",\"url\":\"https:\\\/\\\/alice.ch\\\/de\\\/news\\\/lehrabschluss-mit-39-jahren-ich-wollte-nicht-laenger-zur-kategorie-ungelernt-gehoeren\\\/\",\"name\":\"Lehrabschluss mit 39 Jahren: \u00abIch wollte nicht l\u00e4nger zur Kategorie \u2039ungelernt\u203a geh\u00f6ren\u00bb - SVEB\",\"isPartOf\":{\"@id\":\"https:\\\/\\\/alice.ch\\\/de\\\/#website\"},\"primaryImageOfPage\":{\"@id\":\"https:\\\/\\\/alice.ch\\\/de\\\/news\\\/lehrabschluss-mit-39-jahren-ich-wollte-nicht-laenger-zur-kategorie-ungelernt-gehoeren\\\/#primaryimage\"},\"image\":{\"@id\":\"https:\\\/\\\/alice.ch\\\/de\\\/news\\\/lehrabschluss-mit-39-jahren-ich-wollte-nicht-laenger-zur-kategorie-ungelernt-gehoeren\\\/#primaryimage\"},\"thumbnailUrl\":\"https:\\\/\\\/alice.ch\\\/app\\\/uploads\\\/2026\\\/01\\\/dome.jpg\",\"datePublished\":\"2026-01-23T07:51:18+00:00\",\"dateModified\":\"2026-01-23T07:51:21+00:00\",\"breadcrumb\":{\"@id\":\"https:\\\/\\\/alice.ch\\\/de\\\/news\\\/lehrabschluss-mit-39-jahren-ich-wollte-nicht-laenger-zur-kategorie-ungelernt-gehoeren\\\/#breadcrumb\"},\"inLanguage\":\"de\",\"potentialAction\":[{\"@type\":\"ReadAction\",\"target\":[\"https:\\\/\\\/alice.ch\\\/de\\\/news\\\/lehrabschluss-mit-39-jahren-ich-wollte-nicht-laenger-zur-kategorie-ungelernt-gehoeren\\\/\"]}]},{\"@type\":\"ImageObject\",\"inLanguage\":\"de\",\"@id\":\"https:\\\/\\\/alice.ch\\\/de\\\/news\\\/lehrabschluss-mit-39-jahren-ich-wollte-nicht-laenger-zur-kategorie-ungelernt-gehoeren\\\/#primaryimage\",\"url\":\"https:\\\/\\\/alice.ch\\\/app\\\/uploads\\\/2026\\\/01\\\/dome.jpg\",\"contentUrl\":\"https:\\\/\\\/alice.ch\\\/app\\\/uploads\\\/2026\\\/01\\\/dome.jpg\",\"width\":1200,\"height\":627},{\"@type\":\"BreadcrumbList\",\"@id\":\"https:\\\/\\\/alice.ch\\\/de\\\/news\\\/lehrabschluss-mit-39-jahren-ich-wollte-nicht-laenger-zur-kategorie-ungelernt-gehoeren\\\/#breadcrumb\",\"itemListElement\":[{\"@type\":\"ListItem\",\"position\":1,\"name\":\"Startseite\",\"item\":\"https:\\\/\\\/alice.ch\\\/de\\\/\"},{\"@type\":\"ListItem\",\"position\":2,\"name\":\"Lehrabschluss mit 39 Jahren: \u00abIch wollte nicht l\u00e4nger zur Kategorie \u2039ungelernt\u203a geh\u00f6ren\u00bb\"}]},{\"@type\":\"WebSite\",\"@id\":\"https:\\\/\\\/alice.ch\\\/de\\\/#website\",\"url\":\"https:\\\/\\\/alice.ch\\\/de\\\/\",\"name\":\"alice.ch (Adult Learning Information Center) ist das Portal der Weiterbildung in der Schweiz.\",\"description\":\"Schweizerischer Verband f\u00fcr Weiterbildung\",\"publisher\":{\"@id\":\"https:\\\/\\\/alice.ch\\\/de\\\/#organization\"},\"potentialAction\":[{\"@type\":\"SearchAction\",\"target\":{\"@type\":\"EntryPoint\",\"urlTemplate\":\"https:\\\/\\\/alice.ch\\\/de\\\/?s={search_term_string}\"},\"query-input\":{\"@type\":\"PropertyValueSpecification\",\"valueRequired\":true,\"valueName\":\"search_term_string\"}}],\"inLanguage\":\"de\"},{\"@type\":\"Organization\",\"@id\":\"https:\\\/\\\/alice.ch\\\/de\\\/#organization\",\"name\":\"SVEB Schweizerischer Verband f\u00fcr Weiterbildung\",\"url\":\"https:\\\/\\\/alice.ch\\\/de\\\/\",\"logo\":{\"@type\":\"ImageObject\",\"inLanguage\":\"de\",\"@id\":\"https:\\\/\\\/alice.ch\\\/de\\\/#\\\/schema\\\/logo\\\/image\\\/\",\"url\":\"https:\\\/\\\/alice.ch\\\/app\\\/uploads\\\/2022\\\/07\\\/logo-sveb.png\",\"contentUrl\":\"https:\\\/\\\/alice.ch\\\/app\\\/uploads\\\/2022\\\/07\\\/logo-sveb.png\",\"width\":145,\"height\":64,\"caption\":\"SVEB Schweizerischer Verband f\u00fcr Weiterbildung\"},\"image\":{\"@id\":\"https:\\\/\\\/alice.ch\\\/de\\\/#\\\/schema\\\/logo\\\/image\\\/\"},\"sameAs\":[\"https:\\\/\\\/www.linkedin.com\\\/company\\\/schweizerischer-verband-fr-weiterbildung-sveb\\\/\"]}]}<\/script>\n<!-- \/ Yoast SEO plugin. -->","yoast_head_json":{"title":"Lehrabschluss mit 39 Jahren: \u00abIch wollte nicht l\u00e4nger zur Kategorie \u2039ungelernt\u203a geh\u00f6ren\u00bb - SVEB","robots":{"index":"index","follow":"follow","max-snippet":"max-snippet:-1","max-image-preview":"max-image-preview:large","max-video-preview":"max-video-preview:-1"},"canonical":"https:\/\/alice.ch\/de\/news\/lehrabschluss-mit-39-jahren-ich-wollte-nicht-laenger-zur-kategorie-ungelernt-gehoeren\/","og_locale":"de_DE","og_type":"article","og_title":"Lehrabschluss mit 39 Jahren: \u00abIch wollte nicht l\u00e4nger zur Kategorie \u2039ungelernt\u203a geh\u00f6ren\u00bb - SVEB","og_description":"Wie ist es eigentlich, mit fast 40 seinen Lehrabschluss zu machen? Und mit welchen Vorurteilen ist man dabei konfrontiert? SVEB-Mitarbeiter [&hellip;]","og_url":"https:\/\/alice.ch\/de\/news\/lehrabschluss-mit-39-jahren-ich-wollte-nicht-laenger-zur-kategorie-ungelernt-gehoeren\/","og_site_name":"SVEB","article_modified_time":"2026-01-23T07:51:21+00:00","og_image":[{"width":1200,"height":627,"url":"https:\/\/alice.ch\/app\/uploads\/2026\/01\/dome.jpg","type":"image\/jpeg"}],"twitter_card":"summary_large_image","twitter_misc":{"Gesch\u00e4tzte Lesezeit":"4\u00a0Minuten"},"schema":{"@context":"https:\/\/schema.org","@graph":[{"@type":"WebPage","@id":"https:\/\/alice.ch\/de\/news\/lehrabschluss-mit-39-jahren-ich-wollte-nicht-laenger-zur-kategorie-ungelernt-gehoeren\/","url":"https:\/\/alice.ch\/de\/news\/lehrabschluss-mit-39-jahren-ich-wollte-nicht-laenger-zur-kategorie-ungelernt-gehoeren\/","name":"Lehrabschluss mit 39 Jahren: \u00abIch wollte nicht l\u00e4nger zur Kategorie \u2039ungelernt\u203a geh\u00f6ren\u00bb - SVEB","isPartOf":{"@id":"https:\/\/alice.ch\/de\/#website"},"primaryImageOfPage":{"@id":"https:\/\/alice.ch\/de\/news\/lehrabschluss-mit-39-jahren-ich-wollte-nicht-laenger-zur-kategorie-ungelernt-gehoeren\/#primaryimage"},"image":{"@id":"https:\/\/alice.ch\/de\/news\/lehrabschluss-mit-39-jahren-ich-wollte-nicht-laenger-zur-kategorie-ungelernt-gehoeren\/#primaryimage"},"thumbnailUrl":"https:\/\/alice.ch\/app\/uploads\/2026\/01\/dome.jpg","datePublished":"2026-01-23T07:51:18+00:00","dateModified":"2026-01-23T07:51:21+00:00","breadcrumb":{"@id":"https:\/\/alice.ch\/de\/news\/lehrabschluss-mit-39-jahren-ich-wollte-nicht-laenger-zur-kategorie-ungelernt-gehoeren\/#breadcrumb"},"inLanguage":"de","potentialAction":[{"@type":"ReadAction","target":["https:\/\/alice.ch\/de\/news\/lehrabschluss-mit-39-jahren-ich-wollte-nicht-laenger-zur-kategorie-ungelernt-gehoeren\/"]}]},{"@type":"ImageObject","inLanguage":"de","@id":"https:\/\/alice.ch\/de\/news\/lehrabschluss-mit-39-jahren-ich-wollte-nicht-laenger-zur-kategorie-ungelernt-gehoeren\/#primaryimage","url":"https:\/\/alice.ch\/app\/uploads\/2026\/01\/dome.jpg","contentUrl":"https:\/\/alice.ch\/app\/uploads\/2026\/01\/dome.jpg","width":1200,"height":627},{"@type":"BreadcrumbList","@id":"https:\/\/alice.ch\/de\/news\/lehrabschluss-mit-39-jahren-ich-wollte-nicht-laenger-zur-kategorie-ungelernt-gehoeren\/#breadcrumb","itemListElement":[{"@type":"ListItem","position":1,"name":"Startseite","item":"https:\/\/alice.ch\/de\/"},{"@type":"ListItem","position":2,"name":"Lehrabschluss mit 39 Jahren: \u00abIch wollte nicht l\u00e4nger zur Kategorie \u2039ungelernt\u203a geh\u00f6ren\u00bb"}]},{"@type":"WebSite","@id":"https:\/\/alice.ch\/de\/#website","url":"https:\/\/alice.ch\/de\/","name":"alice.ch (Adult Learning Information Center) ist das Portal der Weiterbildung in der Schweiz.","description":"Schweizerischer Verband f\u00fcr Weiterbildung","publisher":{"@id":"https:\/\/alice.ch\/de\/#organization"},"potentialAction":[{"@type":"SearchAction","target":{"@type":"EntryPoint","urlTemplate":"https:\/\/alice.ch\/de\/?s={search_term_string}"},"query-input":{"@type":"PropertyValueSpecification","valueRequired":true,"valueName":"search_term_string"}}],"inLanguage":"de"},{"@type":"Organization","@id":"https:\/\/alice.ch\/de\/#organization","name":"SVEB Schweizerischer Verband f\u00fcr Weiterbildung","url":"https:\/\/alice.ch\/de\/","logo":{"@type":"ImageObject","inLanguage":"de","@id":"https:\/\/alice.ch\/de\/#\/schema\/logo\/image\/","url":"https:\/\/alice.ch\/app\/uploads\/2022\/07\/logo-sveb.png","contentUrl":"https:\/\/alice.ch\/app\/uploads\/2022\/07\/logo-sveb.png","width":145,"height":64,"caption":"SVEB Schweizerischer Verband f\u00fcr Weiterbildung"},"image":{"@id":"https:\/\/alice.ch\/de\/#\/schema\/logo\/image\/"},"sameAs":["https:\/\/www.linkedin.com\/company\/schweizerischer-verband-fr-weiterbildung-sveb\/"]}]}},"_links":{"self":[{"href":"https:\/\/alice.ch\/de\/wp-json\/wp\/v2\/news\/72945","targetHints":{"allow":["GET"]}}],"collection":[{"href":"https:\/\/alice.ch\/de\/wp-json\/wp\/v2\/news"}],"about":[{"href":"https:\/\/alice.ch\/de\/wp-json\/wp\/v2\/types\/news"}],"author":[{"embeddable":true,"href":"https:\/\/alice.ch\/de\/wp-json\/wp\/v2\/users\/27"}],"version-history":[{"count":2,"href":"https:\/\/alice.ch\/de\/wp-json\/wp\/v2\/news\/72945\/revisions"}],"predecessor-version":[{"id":72951,"href":"https:\/\/alice.ch\/de\/wp-json\/wp\/v2\/news\/72945\/revisions\/72951"}],"wp:featuredmedia":[{"embeddable":true,"href":"https:\/\/alice.ch\/de\/wp-json\/wp\/v2\/media\/72947"}],"wp:attachment":[{"href":"https:\/\/alice.ch\/de\/wp-json\/wp\/v2\/media?parent=72945"}],"wp:term":[{"taxonomy":"news-category","embeddable":true,"href":"https:\/\/alice.ch\/de\/wp-json\/wp\/v2\/news-category?post=72945"},{"taxonomy":"global-category","embeddable":true,"href":"https:\/\/alice.ch\/de\/wp-json\/wp\/v2\/global-category?post=72945"}],"curies":[{"name":"wp","href":"https:\/\/api.w.org\/{rel}","templated":true}]}}