{"id":73242,"date":"2026-02-04T08:55:17","date_gmt":"2026-02-04T07:55:17","guid":{"rendered":"https:\/\/alice.ch\/?post_type=news&#038;p=73242"},"modified":"2026-02-10T17:35:35","modified_gmt":"2026-02-10T16:35:35","slug":"lernfest-winterthur-wird-nicht-weitergefuehrt","status":"publish","type":"news","link":"https:\/\/alice.ch\/de\/news\/lernfest-winterthur-wird-nicht-weitergefuehrt\/","title":{"rendered":"Lernfest Winterthur wird nicht weitergef\u00fchrt"},"content":{"rendered":"\n<p class=\"is-style-lead\">Das Lernfest, welches aus dem vom SVEB lancierten Lernfestival hervorging, fand 2025 zum letzten Mal statt. Nach 14-j\u00e4hrigem Bestehen, davon neun eigenst\u00e4ndig, h\u00f6rt das f\u00fcnfk\u00f6pfige Organisations-Team auf.<\/p>\n\n\n\n<p>Das Lernfestival-Winterthur wurde im September 2011 zum ersten Mal durchgef\u00fchrt, damals als Teil einer nationalen Kampagne f\u00fcr das lebenslange Lernen, welche der SVEB lancierte.<\/p>\n\n\n\n<p>Weil der Bund keine weitere finanzielle Unterst\u00fctzung zusprach, begleitete der SVEB das Lernfestival ab 2016 nicht weiter. Dies, nachdem er als nationale Koordinationsstelle 20 Jahre lang Lernfestivals in der Schweiz verantwortet hatte.<\/p>\n\n\n\n<h2 class=\"wp-block-heading\">14 Jahre eigenst\u00e4ndig weitergef\u00fchrt<\/h2>\n\n\n\n<p>Da sich das Lernfestival in Winterthur aber gut etabliert hatte, wurde es eigenst\u00e4ndig weitergef\u00fchrt, mit Hilfe von Sponsoren, Freiwilligenarbeit und dem Engagement der Anbieterinnen und Anbieter.<\/p>\n\n\n\n<p>Nun wird es aber nicht mehr stattfinden. \u00abDie Zeit ver\u00e4ndert sich\u00bb, schreibt das Team \u00abund wir uns mit ihr.\u00bb Die Entscheidung markiere das Ende eines langen, ehrenamtlich getragenen Engagements. \u00abWir sind sehr dankbar f\u00fcr diese 14 Jahre und wertvollen Erlebnisse, Begegnungen und Erfahrungen, die damit einhergehen.\u00bb<\/p>\n\n\n\n<p>Man habe vermehrt Schwierigkeiten gehabt, eine Vielfalt von Angeboten zu gew\u00e4hrleisten, Sponsoren zu finden, aber auch die Unverbindlichkeit f\u00fcr die Besucher gegen\u00fcber der Erwartungshaltung der Anbieter zu gew\u00e4hrleisten.<\/p>\n\n\n\n<p>Die Idee des Lernfestival entstand 1994, als in England zum ersten Mal die Adult Learners\u2019Weeks durchgef\u00fchrt wurden. Die UNESCO \u00fcbernahm in der Folge das Patronat f\u00fcr die Sensibilisierungskampagne f\u00fcr das lebenslange Lernen in \u00fcber 50 L\u00e4ndern.<\/p>\n\n\n\n<h2 class=\"wp-block-heading\">Weitere Informationen<\/h2>\n\n\n\n<div class=\"wp-block-buttons is-layout-flex wp-block-buttons-is-layout-flex\">\n<div class=\"wp-block-button has-custom-width wp-block-button__width-100 is-style-minimal\"><a class=\"wp-block-button__link wp-element-button\" href=\"https:\/\/www.lernfest.ch\/\" target=\"_blank\" rel=\"noreferrer noopener\">Website Lernfest Winterthur<\/a><\/div>\n<\/div>\n","protected":false},"excerpt":{"rendered":"<p>Das Lernfest, welches aus dem vom SVEB lancierten Lernfestival hervorging, fand 2025 zum letzten Mal statt. Nach 14-j\u00e4hrigem Bestehen, davon [&hellip;]<\/p>\n","protected":false},"author":27,"featured_media":73243,"template":"","meta":{"_acf_changed":false,"inline_featured_image":false,"footnotes":""},"news-category":[31],"global-category":[],"class_list":["post-73242","news","type-news","status-publish","has-post-thumbnail","hentry","news-category-branche"],"acf":[],"yoast_head":"<!-- This site is optimized with the Yoast SEO plugin v27.3 - https:\/\/yoast.com\/product\/yoast-seo-wordpress\/ -->\n<title>Lernfest Winterthur wird nicht weitergef\u00fchrt - SVEB<\/title>\n<meta name=\"robots\" content=\"index, follow, max-snippet:-1, max-image-preview:large, max-video-preview:-1\" \/>\n<link rel=\"canonical\" href=\"https:\/\/alice.ch\/de\/news\/lernfest-winterthur-wird-nicht-weitergefuehrt\/\" \/>\n<meta property=\"og:locale\" content=\"de_DE\" \/>\n<meta property=\"og:type\" content=\"article\" \/>\n<meta property=\"og:title\" content=\"Lernfest Winterthur wird nicht weitergef\u00fchrt - SVEB\" \/>\n<meta property=\"og:description\" content=\"Das Lernfest, welches aus dem vom SVEB lancierten Lernfestival hervorging, fand 2025 zum letzten Mal statt. Nach 14-j\u00e4hrigem Bestehen, davon [&hellip;]\" \/>\n<meta property=\"og:url\" content=\"https:\/\/alice.ch\/de\/news\/lernfest-winterthur-wird-nicht-weitergefuehrt\/\" \/>\n<meta property=\"og:site_name\" content=\"SVEB\" \/>\n<meta property=\"article:modified_time\" content=\"2026-02-10T16:35:35+00:00\" \/>\n<meta property=\"og:image\" content=\"https:\/\/alice.ch\/app\/uploads\/2026\/02\/Bildschirmfoto-2026-02-04-um-08.46.34.jpg\" \/>\n\t<meta property=\"og:image:width\" content=\"1200\" \/>\n\t<meta property=\"og:image:height\" content=\"627\" \/>\n\t<meta property=\"og:image:type\" content=\"image\/jpeg\" \/>\n<meta name=\"twitter:card\" content=\"summary_large_image\" \/>\n<meta name=\"twitter:label1\" content=\"Gesch\u00e4tzte Lesezeit\" \/>\n\t<meta name=\"twitter:data1\" content=\"1\u00a0Minute\" \/>\n<script type=\"application\/ld+json\" class=\"yoast-schema-graph\">{\"@context\":\"https:\\\/\\\/schema.org\",\"@graph\":[{\"@type\":\"WebPage\",\"@id\":\"https:\\\/\\\/alice.ch\\\/de\\\/news\\\/lernfest-winterthur-wird-nicht-weitergefuehrt\\\/\",\"url\":\"https:\\\/\\\/alice.ch\\\/de\\\/news\\\/lernfest-winterthur-wird-nicht-weitergefuehrt\\\/\",\"name\":\"Lernfest Winterthur wird nicht weitergef\u00fchrt - SVEB\",\"isPartOf\":{\"@id\":\"https:\\\/\\\/alice.ch\\\/de\\\/#website\"},\"primaryImageOfPage\":{\"@id\":\"https:\\\/\\\/alice.ch\\\/de\\\/news\\\/lernfest-winterthur-wird-nicht-weitergefuehrt\\\/#primaryimage\"},\"image\":{\"@id\":\"https:\\\/\\\/alice.ch\\\/de\\\/news\\\/lernfest-winterthur-wird-nicht-weitergefuehrt\\\/#primaryimage\"},\"thumbnailUrl\":\"https:\\\/\\\/alice.ch\\\/app\\\/uploads\\\/2026\\\/02\\\/Bildschirmfoto-2026-02-04-um-08.46.34.jpg\",\"datePublished\":\"2026-02-04T07:55:17+00:00\",\"dateModified\":\"2026-02-10T16:35:35+00:00\",\"breadcrumb\":{\"@id\":\"https:\\\/\\\/alice.ch\\\/de\\\/news\\\/lernfest-winterthur-wird-nicht-weitergefuehrt\\\/#breadcrumb\"},\"inLanguage\":\"de\",\"potentialAction\":[{\"@type\":\"ReadAction\",\"target\":[\"https:\\\/\\\/alice.ch\\\/de\\\/news\\\/lernfest-winterthur-wird-nicht-weitergefuehrt\\\/\"]}]},{\"@type\":\"ImageObject\",\"inLanguage\":\"de\",\"@id\":\"https:\\\/\\\/alice.ch\\\/de\\\/news\\\/lernfest-winterthur-wird-nicht-weitergefuehrt\\\/#primaryimage\",\"url\":\"https:\\\/\\\/alice.ch\\\/app\\\/uploads\\\/2026\\\/02\\\/Bildschirmfoto-2026-02-04-um-08.46.34.jpg\",\"contentUrl\":\"https:\\\/\\\/alice.ch\\\/app\\\/uploads\\\/2026\\\/02\\\/Bildschirmfoto-2026-02-04-um-08.46.34.jpg\",\"width\":1200,\"height\":627},{\"@type\":\"BreadcrumbList\",\"@id\":\"https:\\\/\\\/alice.ch\\\/de\\\/news\\\/lernfest-winterthur-wird-nicht-weitergefuehrt\\\/#breadcrumb\",\"itemListElement\":[{\"@type\":\"ListItem\",\"position\":1,\"name\":\"Startseite\",\"item\":\"https:\\\/\\\/alice.ch\\\/de\\\/\"},{\"@type\":\"ListItem\",\"position\":2,\"name\":\"Lernfest Winterthur wird nicht weitergef\u00fchrt\"}]},{\"@type\":\"WebSite\",\"@id\":\"https:\\\/\\\/alice.ch\\\/de\\\/#website\",\"url\":\"https:\\\/\\\/alice.ch\\\/de\\\/\",\"name\":\"alice.ch (Adult Learning Information Center) ist das Portal der Weiterbildung in der Schweiz.\",\"description\":\"Schweizerischer Verband f\u00fcr Weiterbildung\",\"publisher\":{\"@id\":\"https:\\\/\\\/alice.ch\\\/de\\\/#organization\"},\"potentialAction\":[{\"@type\":\"SearchAction\",\"target\":{\"@type\":\"EntryPoint\",\"urlTemplate\":\"https:\\\/\\\/alice.ch\\\/de\\\/?s={search_term_string}\"},\"query-input\":{\"@type\":\"PropertyValueSpecification\",\"valueRequired\":true,\"valueName\":\"search_term_string\"}}],\"inLanguage\":\"de\"},{\"@type\":\"Organization\",\"@id\":\"https:\\\/\\\/alice.ch\\\/de\\\/#organization\",\"name\":\"SVEB Schweizerischer Verband f\u00fcr Weiterbildung\",\"url\":\"https:\\\/\\\/alice.ch\\\/de\\\/\",\"logo\":{\"@type\":\"ImageObject\",\"inLanguage\":\"de\",\"@id\":\"https:\\\/\\\/alice.ch\\\/de\\\/#\\\/schema\\\/logo\\\/image\\\/\",\"url\":\"https:\\\/\\\/alice.ch\\\/app\\\/uploads\\\/2022\\\/07\\\/logo-sveb.png\",\"contentUrl\":\"https:\\\/\\\/alice.ch\\\/app\\\/uploads\\\/2022\\\/07\\\/logo-sveb.png\",\"width\":145,\"height\":64,\"caption\":\"SVEB Schweizerischer Verband f\u00fcr Weiterbildung\"},\"image\":{\"@id\":\"https:\\\/\\\/alice.ch\\\/de\\\/#\\\/schema\\\/logo\\\/image\\\/\"},\"sameAs\":[\"https:\\\/\\\/www.linkedin.com\\\/company\\\/schweizerischer-verband-fr-weiterbildung-sveb\\\/\"]}]}<\/script>\n<!-- \/ Yoast SEO plugin. -->","yoast_head_json":{"title":"Lernfest Winterthur wird nicht weitergef\u00fchrt - SVEB","robots":{"index":"index","follow":"follow","max-snippet":"max-snippet:-1","max-image-preview":"max-image-preview:large","max-video-preview":"max-video-preview:-1"},"canonical":"https:\/\/alice.ch\/de\/news\/lernfest-winterthur-wird-nicht-weitergefuehrt\/","og_locale":"de_DE","og_type":"article","og_title":"Lernfest Winterthur wird nicht weitergef\u00fchrt - SVEB","og_description":"Das Lernfest, welches aus dem vom SVEB lancierten Lernfestival hervorging, fand 2025 zum letzten Mal statt. Nach 14-j\u00e4hrigem Bestehen, davon [&hellip;]","og_url":"https:\/\/alice.ch\/de\/news\/lernfest-winterthur-wird-nicht-weitergefuehrt\/","og_site_name":"SVEB","article_modified_time":"2026-02-10T16:35:35+00:00","og_image":[{"width":1200,"height":627,"url":"https:\/\/alice.ch\/app\/uploads\/2026\/02\/Bildschirmfoto-2026-02-04-um-08.46.34.jpg","type":"image\/jpeg"}],"twitter_card":"summary_large_image","twitter_misc":{"Gesch\u00e4tzte Lesezeit":"1\u00a0Minute"},"schema":{"@context":"https:\/\/schema.org","@graph":[{"@type":"WebPage","@id":"https:\/\/alice.ch\/de\/news\/lernfest-winterthur-wird-nicht-weitergefuehrt\/","url":"https:\/\/alice.ch\/de\/news\/lernfest-winterthur-wird-nicht-weitergefuehrt\/","name":"Lernfest Winterthur wird nicht weitergef\u00fchrt - SVEB","isPartOf":{"@id":"https:\/\/alice.ch\/de\/#website"},"primaryImageOfPage":{"@id":"https:\/\/alice.ch\/de\/news\/lernfest-winterthur-wird-nicht-weitergefuehrt\/#primaryimage"},"image":{"@id":"https:\/\/alice.ch\/de\/news\/lernfest-winterthur-wird-nicht-weitergefuehrt\/#primaryimage"},"thumbnailUrl":"https:\/\/alice.ch\/app\/uploads\/2026\/02\/Bildschirmfoto-2026-02-04-um-08.46.34.jpg","datePublished":"2026-02-04T07:55:17+00:00","dateModified":"2026-02-10T16:35:35+00:00","breadcrumb":{"@id":"https:\/\/alice.ch\/de\/news\/lernfest-winterthur-wird-nicht-weitergefuehrt\/#breadcrumb"},"inLanguage":"de","potentialAction":[{"@type":"ReadAction","target":["https:\/\/alice.ch\/de\/news\/lernfest-winterthur-wird-nicht-weitergefuehrt\/"]}]},{"@type":"ImageObject","inLanguage":"de","@id":"https:\/\/alice.ch\/de\/news\/lernfest-winterthur-wird-nicht-weitergefuehrt\/#primaryimage","url":"https:\/\/alice.ch\/app\/uploads\/2026\/02\/Bildschirmfoto-2026-02-04-um-08.46.34.jpg","contentUrl":"https:\/\/alice.ch\/app\/uploads\/2026\/02\/Bildschirmfoto-2026-02-04-um-08.46.34.jpg","width":1200,"height":627},{"@type":"BreadcrumbList","@id":"https:\/\/alice.ch\/de\/news\/lernfest-winterthur-wird-nicht-weitergefuehrt\/#breadcrumb","itemListElement":[{"@type":"ListItem","position":1,"name":"Startseite","item":"https:\/\/alice.ch\/de\/"},{"@type":"ListItem","position":2,"name":"Lernfest Winterthur wird nicht weitergef\u00fchrt"}]},{"@type":"WebSite","@id":"https:\/\/alice.ch\/de\/#website","url":"https:\/\/alice.ch\/de\/","name":"alice.ch (Adult Learning Information Center) ist das Portal der Weiterbildung in der Schweiz.","description":"Schweizerischer Verband f\u00fcr Weiterbildung","publisher":{"@id":"https:\/\/alice.ch\/de\/#organization"},"potentialAction":[{"@type":"SearchAction","target":{"@type":"EntryPoint","urlTemplate":"https:\/\/alice.ch\/de\/?s={search_term_string}"},"query-input":{"@type":"PropertyValueSpecification","valueRequired":true,"valueName":"search_term_string"}}],"inLanguage":"de"},{"@type":"Organization","@id":"https:\/\/alice.ch\/de\/#organization","name":"SVEB Schweizerischer Verband f\u00fcr Weiterbildung","url":"https:\/\/alice.ch\/de\/","logo":{"@type":"ImageObject","inLanguage":"de","@id":"https:\/\/alice.ch\/de\/#\/schema\/logo\/image\/","url":"https:\/\/alice.ch\/app\/uploads\/2022\/07\/logo-sveb.png","contentUrl":"https:\/\/alice.ch\/app\/uploads\/2022\/07\/logo-sveb.png","width":145,"height":64,"caption":"SVEB Schweizerischer Verband f\u00fcr Weiterbildung"},"image":{"@id":"https:\/\/alice.ch\/de\/#\/schema\/logo\/image\/"},"sameAs":["https:\/\/www.linkedin.com\/company\/schweizerischer-verband-fr-weiterbildung-sveb\/"]}]}},"_links":{"self":[{"href":"https:\/\/alice.ch\/de\/wp-json\/wp\/v2\/news\/73242","targetHints":{"allow":["GET"]}}],"collection":[{"href":"https:\/\/alice.ch\/de\/wp-json\/wp\/v2\/news"}],"about":[{"href":"https:\/\/alice.ch\/de\/wp-json\/wp\/v2\/types\/news"}],"author":[{"embeddable":true,"href":"https:\/\/alice.ch\/de\/wp-json\/wp\/v2\/users\/27"}],"version-history":[{"count":2,"href":"https:\/\/alice.ch\/de\/wp-json\/wp\/v2\/news\/73242\/revisions"}],"predecessor-version":[{"id":73474,"href":"https:\/\/alice.ch\/de\/wp-json\/wp\/v2\/news\/73242\/revisions\/73474"}],"wp:featuredmedia":[{"embeddable":true,"href":"https:\/\/alice.ch\/de\/wp-json\/wp\/v2\/media\/73243"}],"wp:attachment":[{"href":"https:\/\/alice.ch\/de\/wp-json\/wp\/v2\/media?parent=73242"}],"wp:term":[{"taxonomy":"news-category","embeddable":true,"href":"https:\/\/alice.ch\/de\/wp-json\/wp\/v2\/news-category?post=73242"},{"taxonomy":"global-category","embeddable":true,"href":"https:\/\/alice.ch\/de\/wp-json\/wp\/v2\/global-category?post=73242"}],"curies":[{"name":"wp","href":"https:\/\/api.w.org\/{rel}","templated":true}]}}