{"id":74372,"date":"2026-03-24T15:55:45","date_gmt":"2026-03-24T14:55:45","guid":{"rendered":"https:\/\/alice.ch\/?post_type=news&#038;p=74372"},"modified":"2026-03-25T11:26:49","modified_gmt":"2026-03-25T10:26:49","slug":"krisen-als-herausforderungen-und-chancen","status":"publish","type":"news","link":"https:\/\/alice.ch\/de\/news\/krisen-als-herausforderungen-und-chancen\/","title":{"rendered":"EP: Krisen als Herausforderungen und Chancen"},"content":{"rendered":"\n<p class=\"is-style-lead\">F\u00fcr die zweite Ausgabe 2026 plant die EP-Redaktion ein Themenheft zu Krisen: Wie werden Krisen verstanden? Wie k\u00f6nnen sie bew\u00e4ltigt werden? Und wie gehen Weiterbildungsinstitutionen damit um? Die Redaktion nimmt gern Anregungen und Ideen f\u00fcr Beitr\u00e4ge entgegen.<\/p>\n\n\n\n<p>Krisen, ob global (z.B. Klimawandel, geopolitische Konflikte), national (politische, wirtschaftliche Krisen etc.) oder organisational (z.B. finanzielle Engp\u00e4sse, Fachkr\u00e4ftemangel), sind derzeit ein pr\u00e4gender Kontext der Bildungsarbeit. F\u00fcr die Erwachsenen- und Weiterbildung stellen sie einerseits eine Herausforderung dar: Sie erzeugen Unsicherheit, stellen etablierte Routinen infrage und ver\u00e4ndern bisherige Handlungs- und Deutungsweisen oder f\u00fchren sogar zu schmerzhaften Einschnitten. Zugleich k\u00f6nnen Krisen auch Anl\u00e4sse f\u00fcr Lernen, Innovation und Transformation bieten.<\/p>\n\n\n\n<p>Die EP pr\u00e4sentiert interdisziplin\u00e4re Perspektiven auf Krisen und deren Bew\u00e4ltigung.&nbsp;Dabei geht es darum, wie verschiedene Disziplinen Krisen verstehen und welche Bew\u00e4ltigungsstrategien diskutiert werden. Im Praxisteil liegt der Fokus auf den Weiterbildungsinstitutionen: Wie gehen diese mit Krisen um? Wie ver\u00e4ndern sich Organisationsstrukturen, Programme, Angebote oder das professionelle Selbstverst\u00e4ndnis der Erwachsenenbildung in Krisenzeiten?<\/p>\n\n\n\n<p>Diese Ausgabe erscheint im November. Redaktionsschluss ist der 10. Juli.<\/p>\n\n\n\n<p>Vorschl\u00e4ge f\u00fcr Beitr\u00e4ge zum Heftthema k\u00f6nnen bei der Redaktion eingereicht werden (<a href=\"mailto:ep@alice.ch\">ep@alice.ch<\/a>).<\/p>\n\n\n\n<p><a href=\"https:\/\/alice.ch\/app\/uploads\/2026\/03\/EP_Themenskizze_Krisen_2026-2.pdf\">Themenskizze<\/a><\/p>\n\n\n\n<h2 class=\"wp-block-heading\">Infos zur Content-Partnerschaft<\/h2>\n\n\n\n<p>F\u00fcr 26-2 findet eine redaktionelle Zusammenarbeit zwischen der EP und der vom DIE herausgegebenen Zeitschrift <a href=\"https:\/\/www.die-bonn.de\/publikationen\/weiter_bilden\" target=\"_blank\" rel=\"noreferrer noopener\">weiter bilden<\/a> statt. Die beiden Redaktionen haben im Rahmen dieser \u00abContent-Partnerschaft\u00bb das Thema \u00abKrisen\u00bb als gemeinsames Dachthema festgelegt. Innerhalb dieses Themas werden die EP und \u00abweiter bilden\u00bb f\u00fcr ihre Herbstausgaben 2026 je eigene Schwerpunkte setzen. Bei EP steht die Wahrnehmung, Verarbeitung und Bew\u00e4ltigung von Krisen im Zentrum, bei \u00abweiter bilden\u00bb die Pr\u00e4vention im Sinn einer \u00abDisaster Preparedness\u00bb. Ziel dieser Kooperation ist es, Synergien zu nutzen und den Weiterbildungsakteuren in der Praxis m\u00f6glichst vielf\u00e4ltige Perspektiven auf das aktuelle Thema Krisen zu bieten.&nbsp;<\/p>\n\n\n\n<h2 class=\"wp-block-heading\">Weitere Informationen<\/h2>\n\n\n\n<div class=\"wp-block-buttons is-layout-flex wp-block-buttons-is-layout-flex\">\n<div class=\"wp-block-button has-custom-width wp-block-button__width-100 is-style-minimal\"><a class=\"wp-block-button__link wp-element-button\" href=\"https:\/\/alice.ch\/de\/dienstleistungen\/publikationen-und-produkte\/ep-ausgaben\/\">\u00fcber die EP<\/a><\/div>\n\n\n\n<div class=\"wp-block-button has-custom-width wp-block-button__width-100 is-style-minimal\"><a class=\"wp-block-button__link wp-element-button\" href=\"https:\/\/alice.ch\/app\/uploads\/2026\/03\/EP_Themenskizze_Krisen_2026-2.pdf\">Themenskizze<\/a><\/div>\n<\/div>\n","protected":false},"excerpt":{"rendered":"<p>F\u00fcr die zweite Ausgabe 2026 plant die EP-Redaktion ein Themenheft zu Krisen: Wie werden Krisen verstanden? Wie k\u00f6nnen sie bew\u00e4ltigt [&hellip;]<\/p>\n","protected":false},"author":27,"featured_media":74374,"template":"","meta":{"_acf_changed":false,"inline_featured_image":false,"footnotes":""},"news-category":[23],"global-category":[],"class_list":["post-74372","news","type-news","status-publish","has-post-thumbnail","hentry","news-category-forschung"],"acf":[],"yoast_head":"<!-- This site is optimized with the Yoast SEO plugin v27.3 - https:\/\/yoast.com\/product\/yoast-seo-wordpress\/ -->\n<title>EP: Krisen als Herausforderungen und Chancen - SVEB<\/title>\n<meta name=\"robots\" content=\"index, follow, max-snippet:-1, max-image-preview:large, max-video-preview:-1\" \/>\n<link rel=\"canonical\" href=\"https:\/\/alice.ch\/de\/news\/krisen-als-herausforderungen-und-chancen\/\" \/>\n<meta property=\"og:locale\" content=\"de_DE\" \/>\n<meta property=\"og:type\" content=\"article\" \/>\n<meta property=\"og:title\" content=\"EP: Krisen als Herausforderungen und Chancen - SVEB\" \/>\n<meta property=\"og:description\" content=\"F\u00fcr die zweite Ausgabe 2026 plant die EP-Redaktion ein Themenheft zu Krisen: Wie werden Krisen verstanden? Wie k\u00f6nnen sie bew\u00e4ltigt [&hellip;]\" \/>\n<meta property=\"og:url\" content=\"https:\/\/alice.ch\/de\/news\/krisen-als-herausforderungen-und-chancen\/\" \/>\n<meta property=\"og:site_name\" content=\"SVEB\" \/>\n<meta property=\"article:modified_time\" content=\"2026-03-25T10:26:49+00:00\" \/>\n<meta property=\"og:image\" content=\"https:\/\/alice.ch\/app\/uploads\/2026\/03\/carlos-de-toro-carlosdetoro-PFH9qGtdqbY-unsplash1.jpg\" \/>\n\t<meta property=\"og:image:width\" content=\"1200\" \/>\n\t<meta property=\"og:image:height\" content=\"627\" \/>\n\t<meta property=\"og:image:type\" content=\"image\/jpeg\" \/>\n<meta name=\"twitter:card\" content=\"summary_large_image\" \/>\n<meta name=\"twitter:label1\" content=\"Gesch\u00e4tzte Lesezeit\" \/>\n\t<meta name=\"twitter:data1\" content=\"2\u00a0Minuten\" \/>\n<script type=\"application\/ld+json\" class=\"yoast-schema-graph\">{\"@context\":\"https:\\\/\\\/schema.org\",\"@graph\":[{\"@type\":\"WebPage\",\"@id\":\"https:\\\/\\\/alice.ch\\\/de\\\/news\\\/krisen-als-herausforderungen-und-chancen\\\/\",\"url\":\"https:\\\/\\\/alice.ch\\\/de\\\/news\\\/krisen-als-herausforderungen-und-chancen\\\/\",\"name\":\"EP: Krisen als Herausforderungen und Chancen - SVEB\",\"isPartOf\":{\"@id\":\"https:\\\/\\\/alice.ch\\\/de\\\/#website\"},\"primaryImageOfPage\":{\"@id\":\"https:\\\/\\\/alice.ch\\\/de\\\/news\\\/krisen-als-herausforderungen-und-chancen\\\/#primaryimage\"},\"image\":{\"@id\":\"https:\\\/\\\/alice.ch\\\/de\\\/news\\\/krisen-als-herausforderungen-und-chancen\\\/#primaryimage\"},\"thumbnailUrl\":\"https:\\\/\\\/alice.ch\\\/app\\\/uploads\\\/2026\\\/03\\\/carlos-de-toro-carlosdetoro-PFH9qGtdqbY-unsplash1.jpg\",\"datePublished\":\"2026-03-24T14:55:45+00:00\",\"dateModified\":\"2026-03-25T10:26:49+00:00\",\"breadcrumb\":{\"@id\":\"https:\\\/\\\/alice.ch\\\/de\\\/news\\\/krisen-als-herausforderungen-und-chancen\\\/#breadcrumb\"},\"inLanguage\":\"de\",\"potentialAction\":[{\"@type\":\"ReadAction\",\"target\":[\"https:\\\/\\\/alice.ch\\\/de\\\/news\\\/krisen-als-herausforderungen-und-chancen\\\/\"]}]},{\"@type\":\"ImageObject\",\"inLanguage\":\"de\",\"@id\":\"https:\\\/\\\/alice.ch\\\/de\\\/news\\\/krisen-als-herausforderungen-und-chancen\\\/#primaryimage\",\"url\":\"https:\\\/\\\/alice.ch\\\/app\\\/uploads\\\/2026\\\/03\\\/carlos-de-toro-carlosdetoro-PFH9qGtdqbY-unsplash1.jpg\",\"contentUrl\":\"https:\\\/\\\/alice.ch\\\/app\\\/uploads\\\/2026\\\/03\\\/carlos-de-toro-carlosdetoro-PFH9qGtdqbY-unsplash1.jpg\",\"width\":1200,\"height\":627},{\"@type\":\"BreadcrumbList\",\"@id\":\"https:\\\/\\\/alice.ch\\\/de\\\/news\\\/krisen-als-herausforderungen-und-chancen\\\/#breadcrumb\",\"itemListElement\":[{\"@type\":\"ListItem\",\"position\":1,\"name\":\"Startseite\",\"item\":\"https:\\\/\\\/alice.ch\\\/de\\\/\"},{\"@type\":\"ListItem\",\"position\":2,\"name\":\"EP: Krisen als Herausforderungen und Chancen\"}]},{\"@type\":\"WebSite\",\"@id\":\"https:\\\/\\\/alice.ch\\\/de\\\/#website\",\"url\":\"https:\\\/\\\/alice.ch\\\/de\\\/\",\"name\":\"alice.ch (Adult Learning Information Center) ist das Portal der Weiterbildung in der Schweiz.\",\"description\":\"Schweizerischer Verband f\u00fcr Weiterbildung\",\"publisher\":{\"@id\":\"https:\\\/\\\/alice.ch\\\/de\\\/#organization\"},\"potentialAction\":[{\"@type\":\"SearchAction\",\"target\":{\"@type\":\"EntryPoint\",\"urlTemplate\":\"https:\\\/\\\/alice.ch\\\/de\\\/?s={search_term_string}\"},\"query-input\":{\"@type\":\"PropertyValueSpecification\",\"valueRequired\":true,\"valueName\":\"search_term_string\"}}],\"inLanguage\":\"de\"},{\"@type\":\"Organization\",\"@id\":\"https:\\\/\\\/alice.ch\\\/de\\\/#organization\",\"name\":\"SVEB Schweizerischer Verband f\u00fcr Weiterbildung\",\"url\":\"https:\\\/\\\/alice.ch\\\/de\\\/\",\"logo\":{\"@type\":\"ImageObject\",\"inLanguage\":\"de\",\"@id\":\"https:\\\/\\\/alice.ch\\\/de\\\/#\\\/schema\\\/logo\\\/image\\\/\",\"url\":\"https:\\\/\\\/alice.ch\\\/app\\\/uploads\\\/2022\\\/07\\\/logo-sveb.png\",\"contentUrl\":\"https:\\\/\\\/alice.ch\\\/app\\\/uploads\\\/2022\\\/07\\\/logo-sveb.png\",\"width\":145,\"height\":64,\"caption\":\"SVEB Schweizerischer Verband f\u00fcr Weiterbildung\"},\"image\":{\"@id\":\"https:\\\/\\\/alice.ch\\\/de\\\/#\\\/schema\\\/logo\\\/image\\\/\"},\"sameAs\":[\"https:\\\/\\\/www.linkedin.com\\\/company\\\/schweizerischer-verband-fr-weiterbildung-sveb\\\/\"]}]}<\/script>\n<!-- \/ Yoast SEO plugin. -->","yoast_head_json":{"title":"EP: Krisen als Herausforderungen und Chancen - SVEB","robots":{"index":"index","follow":"follow","max-snippet":"max-snippet:-1","max-image-preview":"max-image-preview:large","max-video-preview":"max-video-preview:-1"},"canonical":"https:\/\/alice.ch\/de\/news\/krisen-als-herausforderungen-und-chancen\/","og_locale":"de_DE","og_type":"article","og_title":"EP: Krisen als Herausforderungen und Chancen - SVEB","og_description":"F\u00fcr die zweite Ausgabe 2026 plant die EP-Redaktion ein Themenheft zu Krisen: Wie werden Krisen verstanden? Wie k\u00f6nnen sie bew\u00e4ltigt [&hellip;]","og_url":"https:\/\/alice.ch\/de\/news\/krisen-als-herausforderungen-und-chancen\/","og_site_name":"SVEB","article_modified_time":"2026-03-25T10:26:49+00:00","og_image":[{"width":1200,"height":627,"url":"https:\/\/alice.ch\/app\/uploads\/2026\/03\/carlos-de-toro-carlosdetoro-PFH9qGtdqbY-unsplash1.jpg","type":"image\/jpeg"}],"twitter_card":"summary_large_image","twitter_misc":{"Gesch\u00e4tzte Lesezeit":"2\u00a0Minuten"},"schema":{"@context":"https:\/\/schema.org","@graph":[{"@type":"WebPage","@id":"https:\/\/alice.ch\/de\/news\/krisen-als-herausforderungen-und-chancen\/","url":"https:\/\/alice.ch\/de\/news\/krisen-als-herausforderungen-und-chancen\/","name":"EP: Krisen als Herausforderungen und Chancen - SVEB","isPartOf":{"@id":"https:\/\/alice.ch\/de\/#website"},"primaryImageOfPage":{"@id":"https:\/\/alice.ch\/de\/news\/krisen-als-herausforderungen-und-chancen\/#primaryimage"},"image":{"@id":"https:\/\/alice.ch\/de\/news\/krisen-als-herausforderungen-und-chancen\/#primaryimage"},"thumbnailUrl":"https:\/\/alice.ch\/app\/uploads\/2026\/03\/carlos-de-toro-carlosdetoro-PFH9qGtdqbY-unsplash1.jpg","datePublished":"2026-03-24T14:55:45+00:00","dateModified":"2026-03-25T10:26:49+00:00","breadcrumb":{"@id":"https:\/\/alice.ch\/de\/news\/krisen-als-herausforderungen-und-chancen\/#breadcrumb"},"inLanguage":"de","potentialAction":[{"@type":"ReadAction","target":["https:\/\/alice.ch\/de\/news\/krisen-als-herausforderungen-und-chancen\/"]}]},{"@type":"ImageObject","inLanguage":"de","@id":"https:\/\/alice.ch\/de\/news\/krisen-als-herausforderungen-und-chancen\/#primaryimage","url":"https:\/\/alice.ch\/app\/uploads\/2026\/03\/carlos-de-toro-carlosdetoro-PFH9qGtdqbY-unsplash1.jpg","contentUrl":"https:\/\/alice.ch\/app\/uploads\/2026\/03\/carlos-de-toro-carlosdetoro-PFH9qGtdqbY-unsplash1.jpg","width":1200,"height":627},{"@type":"BreadcrumbList","@id":"https:\/\/alice.ch\/de\/news\/krisen-als-herausforderungen-und-chancen\/#breadcrumb","itemListElement":[{"@type":"ListItem","position":1,"name":"Startseite","item":"https:\/\/alice.ch\/de\/"},{"@type":"ListItem","position":2,"name":"EP: Krisen als Herausforderungen und Chancen"}]},{"@type":"WebSite","@id":"https:\/\/alice.ch\/de\/#website","url":"https:\/\/alice.ch\/de\/","name":"alice.ch (Adult Learning Information Center) ist das Portal der Weiterbildung in der Schweiz.","description":"Schweizerischer Verband f\u00fcr Weiterbildung","publisher":{"@id":"https:\/\/alice.ch\/de\/#organization"},"potentialAction":[{"@type":"SearchAction","target":{"@type":"EntryPoint","urlTemplate":"https:\/\/alice.ch\/de\/?s={search_term_string}"},"query-input":{"@type":"PropertyValueSpecification","valueRequired":true,"valueName":"search_term_string"}}],"inLanguage":"de"},{"@type":"Organization","@id":"https:\/\/alice.ch\/de\/#organization","name":"SVEB Schweizerischer Verband f\u00fcr Weiterbildung","url":"https:\/\/alice.ch\/de\/","logo":{"@type":"ImageObject","inLanguage":"de","@id":"https:\/\/alice.ch\/de\/#\/schema\/logo\/image\/","url":"https:\/\/alice.ch\/app\/uploads\/2022\/07\/logo-sveb.png","contentUrl":"https:\/\/alice.ch\/app\/uploads\/2022\/07\/logo-sveb.png","width":145,"height":64,"caption":"SVEB Schweizerischer Verband f\u00fcr Weiterbildung"},"image":{"@id":"https:\/\/alice.ch\/de\/#\/schema\/logo\/image\/"},"sameAs":["https:\/\/www.linkedin.com\/company\/schweizerischer-verband-fr-weiterbildung-sveb\/"]}]}},"_links":{"self":[{"href":"https:\/\/alice.ch\/de\/wp-json\/wp\/v2\/news\/74372","targetHints":{"allow":["GET"]}}],"collection":[{"href":"https:\/\/alice.ch\/de\/wp-json\/wp\/v2\/news"}],"about":[{"href":"https:\/\/alice.ch\/de\/wp-json\/wp\/v2\/types\/news"}],"author":[{"embeddable":true,"href":"https:\/\/alice.ch\/de\/wp-json\/wp\/v2\/users\/27"}],"version-history":[{"count":6,"href":"https:\/\/alice.ch\/de\/wp-json\/wp\/v2\/news\/74372\/revisions"}],"predecessor-version":[{"id":74605,"href":"https:\/\/alice.ch\/de\/wp-json\/wp\/v2\/news\/74372\/revisions\/74605"}],"wp:featuredmedia":[{"embeddable":true,"href":"https:\/\/alice.ch\/de\/wp-json\/wp\/v2\/media\/74374"}],"wp:attachment":[{"href":"https:\/\/alice.ch\/de\/wp-json\/wp\/v2\/media?parent=74372"}],"wp:term":[{"taxonomy":"news-category","embeddable":true,"href":"https:\/\/alice.ch\/de\/wp-json\/wp\/v2\/news-category?post=74372"},{"taxonomy":"global-category","embeddable":true,"href":"https:\/\/alice.ch\/de\/wp-json\/wp\/v2\/global-category?post=74372"}],"curies":[{"name":"wp","href":"https:\/\/api.w.org\/{rel}","templated":true}]}}