{"id":74379,"date":"2026-03-20T10:47:52","date_gmt":"2026-03-20T09:47:52","guid":{"rendered":"https:\/\/alice.ch\/?post_type=news&#038;p=74379"},"modified":"2026-03-20T10:47:54","modified_gmt":"2026-03-20T09:47:54","slug":"hoehere-berufsbildung-neuer-markenauftritt-und-erweitertes-angebot-fuer-dualstark","status":"publish","type":"news","link":"https:\/\/alice.ch\/de\/news\/hoehere-berufsbildung-neuer-markenauftritt-und-erweitertes-angebot-fuer-dualstark\/","title":{"rendered":"H\u00f6here Berufsbildung: neuer Markenauftritt und erweitertes Angebot f\u00fcr Dualstark"},"content":{"rendered":"\n<p class=\"is-style-lead\">Die schweizweite Netzwerkplattform f\u00fcr Berufs- und h\u00f6here Fachpr\u00fcfungen hat einen neuen Auftritt. Er soll Dualstark als zentrale Anlaufstelle f\u00fcr Wissen, Austausch und Empfehlungen rund um die h\u00f6here Berufsbildung sichtbarer machen. &nbsp;<\/p>\n\n\n\n<p>Dualstark verbindet nach eigenen Angaben Fachpersonen, f\u00f6rdert den Austausch und unterst\u00fctzt Tr\u00e4gerschaften, Pr\u00fcfungskommissionen und Pr\u00fcfungssekretariate mit Wissen, Orientierung und politischer Interessenvertretung \u2013 f\u00fcr eine starke h\u00f6here Berufsbildung.<\/p>\n\n\n\n<p>Der neue <a href=\"https:\/\/dualstark.ch\/aktuelles\/detail\/neuer-markenauftritt-dualstark-staerkt-seine-rolle-als-plattform-der-hoeheren-berufsbildung\" target=\"_blank\" rel=\"noreferrer noopener\">Markenauftritt<\/a> soll die Rolle als Wissensplattform st\u00e4rken, gegen\u00fcber Organisationen der Arbeitswelt, Pr\u00fcfungsorganisationen, Politik, Verwaltung und Fach\u00f6ffentlichkeit. Im Fokus steht dabei aktuell der\u00a0Leitfaden <a href=\"https:\/\/dualstark.ch\/fileadmin\/redaktion\/Dokumente\/Produkte\/rz_online_Leitfaden_A4-de.pdf\" target=\"_blank\" rel=\"noreferrer noopener\">Good Governance<\/a> in der h\u00f6heren Berufsbildung\u00a0f\u00fcr Berufs- und h\u00f6here Fachpr\u00fcfungen.<\/p>\n\n\n\n<h2 class=\"wp-block-heading\">Arbeitsgruppe und Webinar<\/h2>\n\n\n\n<p>Ausserdem wurde eine Arbeitsgruppe eingerichtet, welche ein praxisorientiertes Instrument zur Identifikation, Bewertung und Steuerung von Risiken im analogen und digitalen Kontext entwickelt. Ziel sei es, Pr\u00fcfungsverantwortliche in Planung und Krisensituationen zu st\u00e4rken und die Durchf\u00fchrungssicherheit nachhaltig zu erh\u00f6hen.<\/p>\n\n\n\n<p>Um den Erfahrungsaustausch innerhalb der h\u00f6heren Berufsbildung zu f\u00f6rdern, bietet Dualstark ausserdem das Webinar-Format \u00abLunch&amp;Learn\u00bb an. Es widmet sich Themen wie Digitalisierung, K\u00fcnstlicher Intelligenz, Governance oder Finanzmanagement.<\/p>\n\n\n\n<p>So soll Dualstark als Stimme der h\u00f6heren Berufsbildung noch besser wahrnehmbar werden. Ziel sei es, gemeinsame Anliegen der h\u00f6heren Berufsbildung zu b\u00fcndeln und sich als kompetente, verl\u00e4ssliche Stimme in bildungspolitischen Diskussionen zu etablieren.<\/p>\n\n\n\n<p>Der SVEB ist Mitglied von Dualstark.<\/p>\n\n\n\n<h2 class=\"wp-block-heading\">Weitere Informationen<\/h2>\n\n\n\n<div class=\"wp-block-buttons is-layout-flex wp-block-buttons-is-layout-flex\">\n<div class=\"wp-block-button has-custom-width wp-block-button__width-100 is-style-minimal\"><a class=\"wp-block-button__link wp-element-button\" href=\"https:\/\/dualstark.ch\" target=\"_blank\" rel=\"noreferrer noopener\">\u00fcber Dualstark<\/a><\/div>\n<\/div>\n","protected":false},"excerpt":{"rendered":"<p>Die schweizweite Netzwerkplattform f\u00fcr Berufs- und h\u00f6here Fachpr\u00fcfungen hat einen neuen Auftritt. Er soll Dualstark als zentrale Anlaufstelle f\u00fcr Wissen, [&hellip;]<\/p>\n","protected":false},"author":27,"featured_media":74380,"template":"","meta":{"_acf_changed":false,"inline_featured_image":false,"footnotes":""},"news-category":[31],"global-category":[],"class_list":["post-74379","news","type-news","status-publish","has-post-thumbnail","hentry","news-category-branche"],"acf":[],"yoast_head":"<!-- This site is optimized with the Yoast SEO plugin v27.3 - https:\/\/yoast.com\/product\/yoast-seo-wordpress\/ -->\n<title>H\u00f6here Berufsbildung: neuer Markenauftritt und erweitertes Angebot f\u00fcr Dualstark - SVEB<\/title>\n<meta name=\"robots\" content=\"index, follow, max-snippet:-1, max-image-preview:large, max-video-preview:-1\" \/>\n<link rel=\"canonical\" href=\"https:\/\/alice.ch\/de\/news\/hoehere-berufsbildung-neuer-markenauftritt-und-erweitertes-angebot-fuer-dualstark\/\" \/>\n<meta property=\"og:locale\" content=\"de_DE\" \/>\n<meta property=\"og:type\" content=\"article\" \/>\n<meta property=\"og:title\" content=\"H\u00f6here Berufsbildung: neuer Markenauftritt und erweitertes Angebot f\u00fcr Dualstark - SVEB\" \/>\n<meta property=\"og:description\" content=\"Die schweizweite Netzwerkplattform f\u00fcr Berufs- und h\u00f6here Fachpr\u00fcfungen hat einen neuen Auftritt. Er soll Dualstark als zentrale Anlaufstelle f\u00fcr Wissen, [&hellip;]\" \/>\n<meta property=\"og:url\" content=\"https:\/\/alice.ch\/de\/news\/hoehere-berufsbildung-neuer-markenauftritt-und-erweitertes-angebot-fuer-dualstark\/\" \/>\n<meta property=\"og:site_name\" content=\"SVEB\" \/>\n<meta property=\"article:modified_time\" content=\"2026-03-20T09:47:54+00:00\" \/>\n<meta property=\"og:image\" content=\"https:\/\/alice.ch\/app\/uploads\/2026\/03\/20260317_1001081.jpg\" \/>\n\t<meta property=\"og:image:width\" content=\"1200\" \/>\n\t<meta property=\"og:image:height\" content=\"627\" \/>\n\t<meta property=\"og:image:type\" content=\"image\/jpeg\" \/>\n<meta name=\"twitter:card\" content=\"summary_large_image\" \/>\n<meta name=\"twitter:label1\" content=\"Gesch\u00e4tzte Lesezeit\" \/>\n\t<meta name=\"twitter:data1\" content=\"1\u00a0Minute\" \/>\n<script type=\"application\/ld+json\" class=\"yoast-schema-graph\">{\"@context\":\"https:\\\/\\\/schema.org\",\"@graph\":[{\"@type\":\"WebPage\",\"@id\":\"https:\\\/\\\/alice.ch\\\/de\\\/news\\\/hoehere-berufsbildung-neuer-markenauftritt-und-erweitertes-angebot-fuer-dualstark\\\/\",\"url\":\"https:\\\/\\\/alice.ch\\\/de\\\/news\\\/hoehere-berufsbildung-neuer-markenauftritt-und-erweitertes-angebot-fuer-dualstark\\\/\",\"name\":\"H\u00f6here Berufsbildung: neuer Markenauftritt und erweitertes Angebot f\u00fcr Dualstark - SVEB\",\"isPartOf\":{\"@id\":\"https:\\\/\\\/alice.ch\\\/de\\\/#website\"},\"primaryImageOfPage\":{\"@id\":\"https:\\\/\\\/alice.ch\\\/de\\\/news\\\/hoehere-berufsbildung-neuer-markenauftritt-und-erweitertes-angebot-fuer-dualstark\\\/#primaryimage\"},\"image\":{\"@id\":\"https:\\\/\\\/alice.ch\\\/de\\\/news\\\/hoehere-berufsbildung-neuer-markenauftritt-und-erweitertes-angebot-fuer-dualstark\\\/#primaryimage\"},\"thumbnailUrl\":\"https:\\\/\\\/alice.ch\\\/app\\\/uploads\\\/2026\\\/03\\\/20260317_1001081.jpg\",\"datePublished\":\"2026-03-20T09:47:52+00:00\",\"dateModified\":\"2026-03-20T09:47:54+00:00\",\"breadcrumb\":{\"@id\":\"https:\\\/\\\/alice.ch\\\/de\\\/news\\\/hoehere-berufsbildung-neuer-markenauftritt-und-erweitertes-angebot-fuer-dualstark\\\/#breadcrumb\"},\"inLanguage\":\"de\",\"potentialAction\":[{\"@type\":\"ReadAction\",\"target\":[\"https:\\\/\\\/alice.ch\\\/de\\\/news\\\/hoehere-berufsbildung-neuer-markenauftritt-und-erweitertes-angebot-fuer-dualstark\\\/\"]}]},{\"@type\":\"ImageObject\",\"inLanguage\":\"de\",\"@id\":\"https:\\\/\\\/alice.ch\\\/de\\\/news\\\/hoehere-berufsbildung-neuer-markenauftritt-und-erweitertes-angebot-fuer-dualstark\\\/#primaryimage\",\"url\":\"https:\\\/\\\/alice.ch\\\/app\\\/uploads\\\/2026\\\/03\\\/20260317_1001081.jpg\",\"contentUrl\":\"https:\\\/\\\/alice.ch\\\/app\\\/uploads\\\/2026\\\/03\\\/20260317_1001081.jpg\",\"width\":1200,\"height\":627},{\"@type\":\"BreadcrumbList\",\"@id\":\"https:\\\/\\\/alice.ch\\\/de\\\/news\\\/hoehere-berufsbildung-neuer-markenauftritt-und-erweitertes-angebot-fuer-dualstark\\\/#breadcrumb\",\"itemListElement\":[{\"@type\":\"ListItem\",\"position\":1,\"name\":\"Startseite\",\"item\":\"https:\\\/\\\/alice.ch\\\/de\\\/\"},{\"@type\":\"ListItem\",\"position\":2,\"name\":\"H\u00f6here Berufsbildung: neuer Markenauftritt und erweitertes Angebot f\u00fcr Dualstark\"}]},{\"@type\":\"WebSite\",\"@id\":\"https:\\\/\\\/alice.ch\\\/de\\\/#website\",\"url\":\"https:\\\/\\\/alice.ch\\\/de\\\/\",\"name\":\"alice.ch (Adult Learning Information Center) ist das Portal der Weiterbildung in der Schweiz.\",\"description\":\"Schweizerischer Verband f\u00fcr Weiterbildung\",\"publisher\":{\"@id\":\"https:\\\/\\\/alice.ch\\\/de\\\/#organization\"},\"potentialAction\":[{\"@type\":\"SearchAction\",\"target\":{\"@type\":\"EntryPoint\",\"urlTemplate\":\"https:\\\/\\\/alice.ch\\\/de\\\/?s={search_term_string}\"},\"query-input\":{\"@type\":\"PropertyValueSpecification\",\"valueRequired\":true,\"valueName\":\"search_term_string\"}}],\"inLanguage\":\"de\"},{\"@type\":\"Organization\",\"@id\":\"https:\\\/\\\/alice.ch\\\/de\\\/#organization\",\"name\":\"SVEB Schweizerischer Verband f\u00fcr Weiterbildung\",\"url\":\"https:\\\/\\\/alice.ch\\\/de\\\/\",\"logo\":{\"@type\":\"ImageObject\",\"inLanguage\":\"de\",\"@id\":\"https:\\\/\\\/alice.ch\\\/de\\\/#\\\/schema\\\/logo\\\/image\\\/\",\"url\":\"https:\\\/\\\/alice.ch\\\/app\\\/uploads\\\/2022\\\/07\\\/logo-sveb.png\",\"contentUrl\":\"https:\\\/\\\/alice.ch\\\/app\\\/uploads\\\/2022\\\/07\\\/logo-sveb.png\",\"width\":145,\"height\":64,\"caption\":\"SVEB Schweizerischer Verband f\u00fcr Weiterbildung\"},\"image\":{\"@id\":\"https:\\\/\\\/alice.ch\\\/de\\\/#\\\/schema\\\/logo\\\/image\\\/\"},\"sameAs\":[\"https:\\\/\\\/www.linkedin.com\\\/company\\\/schweizerischer-verband-fr-weiterbildung-sveb\\\/\"]}]}<\/script>\n<!-- \/ Yoast SEO plugin. -->","yoast_head_json":{"title":"H\u00f6here Berufsbildung: neuer Markenauftritt und erweitertes Angebot f\u00fcr Dualstark - SVEB","robots":{"index":"index","follow":"follow","max-snippet":"max-snippet:-1","max-image-preview":"max-image-preview:large","max-video-preview":"max-video-preview:-1"},"canonical":"https:\/\/alice.ch\/de\/news\/hoehere-berufsbildung-neuer-markenauftritt-und-erweitertes-angebot-fuer-dualstark\/","og_locale":"de_DE","og_type":"article","og_title":"H\u00f6here Berufsbildung: neuer Markenauftritt und erweitertes Angebot f\u00fcr Dualstark - SVEB","og_description":"Die schweizweite Netzwerkplattform f\u00fcr Berufs- und h\u00f6here Fachpr\u00fcfungen hat einen neuen Auftritt. Er soll Dualstark als zentrale Anlaufstelle f\u00fcr Wissen, [&hellip;]","og_url":"https:\/\/alice.ch\/de\/news\/hoehere-berufsbildung-neuer-markenauftritt-und-erweitertes-angebot-fuer-dualstark\/","og_site_name":"SVEB","article_modified_time":"2026-03-20T09:47:54+00:00","og_image":[{"width":1200,"height":627,"url":"https:\/\/alice.ch\/app\/uploads\/2026\/03\/20260317_1001081.jpg","type":"image\/jpeg"}],"twitter_card":"summary_large_image","twitter_misc":{"Gesch\u00e4tzte Lesezeit":"1\u00a0Minute"},"schema":{"@context":"https:\/\/schema.org","@graph":[{"@type":"WebPage","@id":"https:\/\/alice.ch\/de\/news\/hoehere-berufsbildung-neuer-markenauftritt-und-erweitertes-angebot-fuer-dualstark\/","url":"https:\/\/alice.ch\/de\/news\/hoehere-berufsbildung-neuer-markenauftritt-und-erweitertes-angebot-fuer-dualstark\/","name":"H\u00f6here Berufsbildung: neuer Markenauftritt und erweitertes Angebot f\u00fcr Dualstark - SVEB","isPartOf":{"@id":"https:\/\/alice.ch\/de\/#website"},"primaryImageOfPage":{"@id":"https:\/\/alice.ch\/de\/news\/hoehere-berufsbildung-neuer-markenauftritt-und-erweitertes-angebot-fuer-dualstark\/#primaryimage"},"image":{"@id":"https:\/\/alice.ch\/de\/news\/hoehere-berufsbildung-neuer-markenauftritt-und-erweitertes-angebot-fuer-dualstark\/#primaryimage"},"thumbnailUrl":"https:\/\/alice.ch\/app\/uploads\/2026\/03\/20260317_1001081.jpg","datePublished":"2026-03-20T09:47:52+00:00","dateModified":"2026-03-20T09:47:54+00:00","breadcrumb":{"@id":"https:\/\/alice.ch\/de\/news\/hoehere-berufsbildung-neuer-markenauftritt-und-erweitertes-angebot-fuer-dualstark\/#breadcrumb"},"inLanguage":"de","potentialAction":[{"@type":"ReadAction","target":["https:\/\/alice.ch\/de\/news\/hoehere-berufsbildung-neuer-markenauftritt-und-erweitertes-angebot-fuer-dualstark\/"]}]},{"@type":"ImageObject","inLanguage":"de","@id":"https:\/\/alice.ch\/de\/news\/hoehere-berufsbildung-neuer-markenauftritt-und-erweitertes-angebot-fuer-dualstark\/#primaryimage","url":"https:\/\/alice.ch\/app\/uploads\/2026\/03\/20260317_1001081.jpg","contentUrl":"https:\/\/alice.ch\/app\/uploads\/2026\/03\/20260317_1001081.jpg","width":1200,"height":627},{"@type":"BreadcrumbList","@id":"https:\/\/alice.ch\/de\/news\/hoehere-berufsbildung-neuer-markenauftritt-und-erweitertes-angebot-fuer-dualstark\/#breadcrumb","itemListElement":[{"@type":"ListItem","position":1,"name":"Startseite","item":"https:\/\/alice.ch\/de\/"},{"@type":"ListItem","position":2,"name":"H\u00f6here Berufsbildung: neuer Markenauftritt und erweitertes Angebot f\u00fcr Dualstark"}]},{"@type":"WebSite","@id":"https:\/\/alice.ch\/de\/#website","url":"https:\/\/alice.ch\/de\/","name":"alice.ch (Adult Learning Information Center) ist das Portal der Weiterbildung in der Schweiz.","description":"Schweizerischer Verband f\u00fcr Weiterbildung","publisher":{"@id":"https:\/\/alice.ch\/de\/#organization"},"potentialAction":[{"@type":"SearchAction","target":{"@type":"EntryPoint","urlTemplate":"https:\/\/alice.ch\/de\/?s={search_term_string}"},"query-input":{"@type":"PropertyValueSpecification","valueRequired":true,"valueName":"search_term_string"}}],"inLanguage":"de"},{"@type":"Organization","@id":"https:\/\/alice.ch\/de\/#organization","name":"SVEB Schweizerischer Verband f\u00fcr Weiterbildung","url":"https:\/\/alice.ch\/de\/","logo":{"@type":"ImageObject","inLanguage":"de","@id":"https:\/\/alice.ch\/de\/#\/schema\/logo\/image\/","url":"https:\/\/alice.ch\/app\/uploads\/2022\/07\/logo-sveb.png","contentUrl":"https:\/\/alice.ch\/app\/uploads\/2022\/07\/logo-sveb.png","width":145,"height":64,"caption":"SVEB Schweizerischer Verband f\u00fcr Weiterbildung"},"image":{"@id":"https:\/\/alice.ch\/de\/#\/schema\/logo\/image\/"},"sameAs":["https:\/\/www.linkedin.com\/company\/schweizerischer-verband-fr-weiterbildung-sveb\/"]}]}},"_links":{"self":[{"href":"https:\/\/alice.ch\/de\/wp-json\/wp\/v2\/news\/74379","targetHints":{"allow":["GET"]}}],"collection":[{"href":"https:\/\/alice.ch\/de\/wp-json\/wp\/v2\/news"}],"about":[{"href":"https:\/\/alice.ch\/de\/wp-json\/wp\/v2\/types\/news"}],"author":[{"embeddable":true,"href":"https:\/\/alice.ch\/de\/wp-json\/wp\/v2\/users\/27"}],"version-history":[{"count":3,"href":"https:\/\/alice.ch\/de\/wp-json\/wp\/v2\/news\/74379\/revisions"}],"predecessor-version":[{"id":74462,"href":"https:\/\/alice.ch\/de\/wp-json\/wp\/v2\/news\/74379\/revisions\/74462"}],"wp:featuredmedia":[{"embeddable":true,"href":"https:\/\/alice.ch\/de\/wp-json\/wp\/v2\/media\/74380"}],"wp:attachment":[{"href":"https:\/\/alice.ch\/de\/wp-json\/wp\/v2\/media?parent=74379"}],"wp:term":[{"taxonomy":"news-category","embeddable":true,"href":"https:\/\/alice.ch\/de\/wp-json\/wp\/v2\/news-category?post=74379"},{"taxonomy":"global-category","embeddable":true,"href":"https:\/\/alice.ch\/de\/wp-json\/wp\/v2\/global-category?post=74379"}],"curies":[{"name":"wp","href":"https:\/\/api.w.org\/{rel}","templated":true}]}}