{"id":74500,"date":"2026-03-25T08:18:41","date_gmt":"2026-03-25T07:18:41","guid":{"rendered":"https:\/\/alice.ch\/?post_type=news&#038;p=74500"},"modified":"2026-03-25T08:18:43","modified_gmt":"2026-03-25T07:18:43","slug":"wir-koennen-insgesamt-von-einem-erfolg-sprechen","status":"publish","type":"news","link":"https:\/\/alice.ch\/de\/news\/wir-koennen-insgesamt-von-einem-erfolg-sprechen\/","title":{"rendered":"\u00abWir k\u00f6nnen insgesamt von einem Erfolg sprechen\u00bb"},"content":{"rendered":"\n<p class=\"is-style-lead\">Das Parlament hat die Sparpl\u00e4ne des Bundesrats in der Weiterbildung redimensioniert: 15 Millionen von 19 Millionen Franken Bundesmittel bleiben erhalten. SVEB-Direktor Bernhard Gr\u00e4miger sch\u00e4tzt ein und r\u00e4t, vorsichtig zu bleiben.<\/p>\n\n\n\n<p><strong><em>Wie ist der Entscheid des Parlaments zu deuten?<\/em><\/strong><br>Wir konnten einen Frontalangriff auf die Weiterbildung abwehren. Die urspr\u00fcnglichen Sparmassnahmen, welche der Bundesrat vorgesehen hatte, w\u00e4ren drastisch gewesen: Ab 2027 waren den Pl\u00e4nen zufolge keine Bundesmittel f\u00fcr die F\u00f6rderung der Grundkompetenzen sowie f\u00fcr die Organisationen der Weiterbildung mehr vorgesehen und die entsprechenden F\u00f6rderartikel aus dem Gesetz gestrichen worden. Gemeinsam mit der Allianz Weiterbildung konnten wir aufzeigen, dass dies nicht im Interesse der Gesellschaft und Wirtschaft gewesen w\u00e4re. Die Debatte zum Entlastungspaket hat gezeigt: Die Mehrheit im Parlament misst der Weiterbildung grunds\u00e4tzlich eine hohe Bedeutung zu. Und das ist eine gute Grundlage f\u00fcr unsere weitere politische Arbeit f\u00fcr die Weiterbildung.<\/p>\n\n\n\n<p><strong><em>Trotzdem m\u00fcssen 20 Prozent eingespart werden. Was bedeutet das f\u00fcr die F\u00f6rderung der Grundkompetenzen?<\/em><\/strong><br>Nun sind die Kantone gefragt. Die Kantone haben die Wahl, ob sie auf die wegfallenden Bundesmittel mit einer Erh\u00f6hung der Kantonsgelder reagieren oder nicht. Wir hoffen nat\u00fcrlich, dass die Kantone einen Teil der K\u00fcrzungen auffangen werden. Allzu optimistisch darf man diesbez\u00fcglich gem\u00e4ss Aussagen der EDK allerdings nicht sein.<\/p>\n\n\n\n<p><strong><em>Und die Organisationen der Weiterbildung?<\/em><\/strong><br>Der Rahmenkredit wird reduziert, ergo hat jede Organisation der Weiterbildung ab 2027 20 Prozent weniger Bundesmittel zur Verf\u00fcgung. Um Einsparungen zu kompensieren, m\u00fcssen die OWB bestehende Leistungen reduzieren oder ganz streichen. Das hat negative Auswirkungen auf das Weiterbildungsfeld. F\u00fcr den SVEB und die weiteren betroffenen Organisationen ist es zudem \u00e4usserst schmerzhaft. \u00a0Und es ist noch nicht vorbei.<\/p>\n\n\n\n<p><strong><em>Nicht?<\/em><\/strong><br>Nein, Entwarnung ist nicht angesagt. Der Bundesrat hat bereits neue Sparrunden angek\u00fcndigt. Schon im Budgetprozess 2027 k\u00f6nnte es zu weiteren Sparvorschl\u00e4gen\u00a0in der Weiterbildung kommen. In diesem Fall werden wir wieder alle Hebel in Bewegung setzen, um dies zu verhindern.<\/p>\n\n\n\n<h2 class=\"wp-block-heading\">Weitere Informationen<\/h2>\n\n\n\n<div class=\"wp-block-buttons is-layout-flex wp-block-buttons-is-layout-flex\">\n<div class=\"wp-block-button has-custom-width wp-block-button__width-100 is-style-minimal\"><a class=\"wp-block-button__link wp-element-button\" href=\"https:\/\/alice.ch\/de\/sveb\/weiterbildungspolitik\/sparplaene-des-bundes\/\">Kampf gegen die Sparpl\u00e4ne des Bundes<\/a><\/div>\n<\/div>\n","protected":false},"excerpt":{"rendered":"<p>Das Parlament hat die Sparpl\u00e4ne des Bundesrats in der Weiterbildung redimensioniert: 15 Millionen von 19 Millionen Franken Bundesmittel bleiben erhalten. [&hellip;]<\/p>\n","protected":false},"author":27,"featured_media":62113,"template":"","meta":{"_acf_changed":false,"inline_featured_image":false,"footnotes":""},"news-category":[37],"global-category":[432],"class_list":["post-74500","news","type-news","status-publish","has-post-thumbnail","hentry","news-category-politik","global-category-sparplaene-in-der-weiterbildung"],"acf":[],"yoast_head":"<!-- This site is optimized with the Yoast SEO plugin v27.3 - https:\/\/yoast.com\/product\/yoast-seo-wordpress\/ -->\n<title>\u00abWir k\u00f6nnen insgesamt von einem Erfolg sprechen\u00bb - SVEB<\/title>\n<meta name=\"robots\" content=\"index, follow, max-snippet:-1, max-image-preview:large, max-video-preview:-1\" \/>\n<link rel=\"canonical\" href=\"https:\/\/alice.ch\/de\/news\/wir-koennen-insgesamt-von-einem-erfolg-sprechen\/\" \/>\n<meta property=\"og:locale\" content=\"de_DE\" \/>\n<meta property=\"og:type\" content=\"article\" \/>\n<meta property=\"og:title\" content=\"\u00abWir k\u00f6nnen insgesamt von einem Erfolg sprechen\u00bb - SVEB\" \/>\n<meta property=\"og:description\" content=\"Das Parlament hat die Sparpl\u00e4ne des Bundesrats in der Weiterbildung redimensioniert: 15 Millionen von 19 Millionen Franken Bundesmittel bleiben erhalten. [&hellip;]\" \/>\n<meta property=\"og:url\" content=\"https:\/\/alice.ch\/de\/news\/wir-koennen-insgesamt-von-einem-erfolg-sprechen\/\" \/>\n<meta property=\"og:site_name\" content=\"SVEB\" \/>\n<meta property=\"article:modified_time\" content=\"2026-03-25T07:18:43+00:00\" \/>\n<meta property=\"og:image\" content=\"https:\/\/alice.ch\/app\/uploads\/2024\/09\/pen-2181101_1280-crop.png\" \/>\n\t<meta property=\"og:image:width\" content=\"1200\" \/>\n\t<meta property=\"og:image:height\" content=\"627\" \/>\n\t<meta property=\"og:image:type\" content=\"image\/png\" \/>\n<meta name=\"twitter:card\" content=\"summary_large_image\" \/>\n<meta name=\"twitter:label1\" content=\"Gesch\u00e4tzte Lesezeit\" \/>\n\t<meta name=\"twitter:data1\" content=\"2\u00a0Minuten\" \/>\n<script type=\"application\/ld+json\" class=\"yoast-schema-graph\">{\"@context\":\"https:\\\/\\\/schema.org\",\"@graph\":[{\"@type\":\"WebPage\",\"@id\":\"https:\\\/\\\/alice.ch\\\/de\\\/news\\\/wir-koennen-insgesamt-von-einem-erfolg-sprechen\\\/\",\"url\":\"https:\\\/\\\/alice.ch\\\/de\\\/news\\\/wir-koennen-insgesamt-von-einem-erfolg-sprechen\\\/\",\"name\":\"\u00abWir k\u00f6nnen insgesamt von einem Erfolg sprechen\u00bb - SVEB\",\"isPartOf\":{\"@id\":\"https:\\\/\\\/alice.ch\\\/de\\\/#website\"},\"primaryImageOfPage\":{\"@id\":\"https:\\\/\\\/alice.ch\\\/de\\\/news\\\/wir-koennen-insgesamt-von-einem-erfolg-sprechen\\\/#primaryimage\"},\"image\":{\"@id\":\"https:\\\/\\\/alice.ch\\\/de\\\/news\\\/wir-koennen-insgesamt-von-einem-erfolg-sprechen\\\/#primaryimage\"},\"thumbnailUrl\":\"https:\\\/\\\/alice.ch\\\/app\\\/uploads\\\/2024\\\/09\\\/pen-2181101_1280-crop.png\",\"datePublished\":\"2026-03-25T07:18:41+00:00\",\"dateModified\":\"2026-03-25T07:18:43+00:00\",\"breadcrumb\":{\"@id\":\"https:\\\/\\\/alice.ch\\\/de\\\/news\\\/wir-koennen-insgesamt-von-einem-erfolg-sprechen\\\/#breadcrumb\"},\"inLanguage\":\"de\",\"potentialAction\":[{\"@type\":\"ReadAction\",\"target\":[\"https:\\\/\\\/alice.ch\\\/de\\\/news\\\/wir-koennen-insgesamt-von-einem-erfolg-sprechen\\\/\"]}]},{\"@type\":\"ImageObject\",\"inLanguage\":\"de\",\"@id\":\"https:\\\/\\\/alice.ch\\\/de\\\/news\\\/wir-koennen-insgesamt-von-einem-erfolg-sprechen\\\/#primaryimage\",\"url\":\"https:\\\/\\\/alice.ch\\\/app\\\/uploads\\\/2024\\\/09\\\/pen-2181101_1280-crop.png\",\"contentUrl\":\"https:\\\/\\\/alice.ch\\\/app\\\/uploads\\\/2024\\\/09\\\/pen-2181101_1280-crop.png\",\"width\":1200,\"height\":627},{\"@type\":\"BreadcrumbList\",\"@id\":\"https:\\\/\\\/alice.ch\\\/de\\\/news\\\/wir-koennen-insgesamt-von-einem-erfolg-sprechen\\\/#breadcrumb\",\"itemListElement\":[{\"@type\":\"ListItem\",\"position\":1,\"name\":\"Startseite\",\"item\":\"https:\\\/\\\/alice.ch\\\/de\\\/\"},{\"@type\":\"ListItem\",\"position\":2,\"name\":\"\u00abWir k\u00f6nnen insgesamt von einem Erfolg sprechen\u00bb\"}]},{\"@type\":\"WebSite\",\"@id\":\"https:\\\/\\\/alice.ch\\\/de\\\/#website\",\"url\":\"https:\\\/\\\/alice.ch\\\/de\\\/\",\"name\":\"alice.ch (Adult Learning Information Center) ist das Portal der Weiterbildung in der Schweiz.\",\"description\":\"Schweizerischer Verband f\u00fcr Weiterbildung\",\"publisher\":{\"@id\":\"https:\\\/\\\/alice.ch\\\/de\\\/#organization\"},\"potentialAction\":[{\"@type\":\"SearchAction\",\"target\":{\"@type\":\"EntryPoint\",\"urlTemplate\":\"https:\\\/\\\/alice.ch\\\/de\\\/?s={search_term_string}\"},\"query-input\":{\"@type\":\"PropertyValueSpecification\",\"valueRequired\":true,\"valueName\":\"search_term_string\"}}],\"inLanguage\":\"de\"},{\"@type\":\"Organization\",\"@id\":\"https:\\\/\\\/alice.ch\\\/de\\\/#organization\",\"name\":\"SVEB Schweizerischer Verband f\u00fcr Weiterbildung\",\"url\":\"https:\\\/\\\/alice.ch\\\/de\\\/\",\"logo\":{\"@type\":\"ImageObject\",\"inLanguage\":\"de\",\"@id\":\"https:\\\/\\\/alice.ch\\\/de\\\/#\\\/schema\\\/logo\\\/image\\\/\",\"url\":\"https:\\\/\\\/alice.ch\\\/app\\\/uploads\\\/2022\\\/07\\\/logo-sveb.png\",\"contentUrl\":\"https:\\\/\\\/alice.ch\\\/app\\\/uploads\\\/2022\\\/07\\\/logo-sveb.png\",\"width\":145,\"height\":64,\"caption\":\"SVEB Schweizerischer Verband f\u00fcr Weiterbildung\"},\"image\":{\"@id\":\"https:\\\/\\\/alice.ch\\\/de\\\/#\\\/schema\\\/logo\\\/image\\\/\"},\"sameAs\":[\"https:\\\/\\\/www.linkedin.com\\\/company\\\/schweizerischer-verband-fr-weiterbildung-sveb\\\/\"]}]}<\/script>\n<!-- \/ Yoast SEO plugin. -->","yoast_head_json":{"title":"\u00abWir k\u00f6nnen insgesamt von einem Erfolg sprechen\u00bb - SVEB","robots":{"index":"index","follow":"follow","max-snippet":"max-snippet:-1","max-image-preview":"max-image-preview:large","max-video-preview":"max-video-preview:-1"},"canonical":"https:\/\/alice.ch\/de\/news\/wir-koennen-insgesamt-von-einem-erfolg-sprechen\/","og_locale":"de_DE","og_type":"article","og_title":"\u00abWir k\u00f6nnen insgesamt von einem Erfolg sprechen\u00bb - SVEB","og_description":"Das Parlament hat die Sparpl\u00e4ne des Bundesrats in der Weiterbildung redimensioniert: 15 Millionen von 19 Millionen Franken Bundesmittel bleiben erhalten. [&hellip;]","og_url":"https:\/\/alice.ch\/de\/news\/wir-koennen-insgesamt-von-einem-erfolg-sprechen\/","og_site_name":"SVEB","article_modified_time":"2026-03-25T07:18:43+00:00","og_image":[{"width":1200,"height":627,"url":"https:\/\/alice.ch\/app\/uploads\/2024\/09\/pen-2181101_1280-crop.png","type":"image\/png"}],"twitter_card":"summary_large_image","twitter_misc":{"Gesch\u00e4tzte Lesezeit":"2\u00a0Minuten"},"schema":{"@context":"https:\/\/schema.org","@graph":[{"@type":"WebPage","@id":"https:\/\/alice.ch\/de\/news\/wir-koennen-insgesamt-von-einem-erfolg-sprechen\/","url":"https:\/\/alice.ch\/de\/news\/wir-koennen-insgesamt-von-einem-erfolg-sprechen\/","name":"\u00abWir k\u00f6nnen insgesamt von einem Erfolg sprechen\u00bb - SVEB","isPartOf":{"@id":"https:\/\/alice.ch\/de\/#website"},"primaryImageOfPage":{"@id":"https:\/\/alice.ch\/de\/news\/wir-koennen-insgesamt-von-einem-erfolg-sprechen\/#primaryimage"},"image":{"@id":"https:\/\/alice.ch\/de\/news\/wir-koennen-insgesamt-von-einem-erfolg-sprechen\/#primaryimage"},"thumbnailUrl":"https:\/\/alice.ch\/app\/uploads\/2024\/09\/pen-2181101_1280-crop.png","datePublished":"2026-03-25T07:18:41+00:00","dateModified":"2026-03-25T07:18:43+00:00","breadcrumb":{"@id":"https:\/\/alice.ch\/de\/news\/wir-koennen-insgesamt-von-einem-erfolg-sprechen\/#breadcrumb"},"inLanguage":"de","potentialAction":[{"@type":"ReadAction","target":["https:\/\/alice.ch\/de\/news\/wir-koennen-insgesamt-von-einem-erfolg-sprechen\/"]}]},{"@type":"ImageObject","inLanguage":"de","@id":"https:\/\/alice.ch\/de\/news\/wir-koennen-insgesamt-von-einem-erfolg-sprechen\/#primaryimage","url":"https:\/\/alice.ch\/app\/uploads\/2024\/09\/pen-2181101_1280-crop.png","contentUrl":"https:\/\/alice.ch\/app\/uploads\/2024\/09\/pen-2181101_1280-crop.png","width":1200,"height":627},{"@type":"BreadcrumbList","@id":"https:\/\/alice.ch\/de\/news\/wir-koennen-insgesamt-von-einem-erfolg-sprechen\/#breadcrumb","itemListElement":[{"@type":"ListItem","position":1,"name":"Startseite","item":"https:\/\/alice.ch\/de\/"},{"@type":"ListItem","position":2,"name":"\u00abWir k\u00f6nnen insgesamt von einem Erfolg sprechen\u00bb"}]},{"@type":"WebSite","@id":"https:\/\/alice.ch\/de\/#website","url":"https:\/\/alice.ch\/de\/","name":"alice.ch (Adult Learning Information Center) ist das Portal der Weiterbildung in der Schweiz.","description":"Schweizerischer Verband f\u00fcr Weiterbildung","publisher":{"@id":"https:\/\/alice.ch\/de\/#organization"},"potentialAction":[{"@type":"SearchAction","target":{"@type":"EntryPoint","urlTemplate":"https:\/\/alice.ch\/de\/?s={search_term_string}"},"query-input":{"@type":"PropertyValueSpecification","valueRequired":true,"valueName":"search_term_string"}}],"inLanguage":"de"},{"@type":"Organization","@id":"https:\/\/alice.ch\/de\/#organization","name":"SVEB Schweizerischer Verband f\u00fcr Weiterbildung","url":"https:\/\/alice.ch\/de\/","logo":{"@type":"ImageObject","inLanguage":"de","@id":"https:\/\/alice.ch\/de\/#\/schema\/logo\/image\/","url":"https:\/\/alice.ch\/app\/uploads\/2022\/07\/logo-sveb.png","contentUrl":"https:\/\/alice.ch\/app\/uploads\/2022\/07\/logo-sveb.png","width":145,"height":64,"caption":"SVEB Schweizerischer Verband f\u00fcr Weiterbildung"},"image":{"@id":"https:\/\/alice.ch\/de\/#\/schema\/logo\/image\/"},"sameAs":["https:\/\/www.linkedin.com\/company\/schweizerischer-verband-fr-weiterbildung-sveb\/"]}]}},"_links":{"self":[{"href":"https:\/\/alice.ch\/de\/wp-json\/wp\/v2\/news\/74500","targetHints":{"allow":["GET"]}}],"collection":[{"href":"https:\/\/alice.ch\/de\/wp-json\/wp\/v2\/news"}],"about":[{"href":"https:\/\/alice.ch\/de\/wp-json\/wp\/v2\/types\/news"}],"author":[{"embeddable":true,"href":"https:\/\/alice.ch\/de\/wp-json\/wp\/v2\/users\/27"}],"version-history":[{"count":1,"href":"https:\/\/alice.ch\/de\/wp-json\/wp\/v2\/news\/74500\/revisions"}],"predecessor-version":[{"id":74501,"href":"https:\/\/alice.ch\/de\/wp-json\/wp\/v2\/news\/74500\/revisions\/74501"}],"wp:featuredmedia":[{"embeddable":true,"href":"https:\/\/alice.ch\/de\/wp-json\/wp\/v2\/media\/62113"}],"wp:attachment":[{"href":"https:\/\/alice.ch\/de\/wp-json\/wp\/v2\/media?parent=74500"}],"wp:term":[{"taxonomy":"news-category","embeddable":true,"href":"https:\/\/alice.ch\/de\/wp-json\/wp\/v2\/news-category?post=74500"},{"taxonomy":"global-category","embeddable":true,"href":"https:\/\/alice.ch\/de\/wp-json\/wp\/v2\/global-category?post=74500"}],"curies":[{"name":"wp","href":"https:\/\/api.w.org\/{rel}","templated":true}]}}