{"id":74561,"date":"2026-03-24T15:56:40","date_gmt":"2026-03-24T14:56:40","guid":{"rendered":"https:\/\/alice.ch\/?post_type=news&#038;p=74561"},"modified":"2026-03-24T19:49:58","modified_gmt":"2026-03-24T18:49:58","slug":"bildungsbericht-2026-ungleichheit-in-der-weiterbildung","status":"publish","type":"news","link":"https:\/\/alice.ch\/de\/news\/bildungsbericht-2026-ungleichheit-in-der-weiterbildung\/","title":{"rendered":"Bildungsbericht 2026: Ungleichheit in der Weiterbildung"},"content":{"rendered":"\n<p class=\"is-style-lead\">Der f\u00fcnfte Schweizer Bildungsbericht ist erschienen. Er pr\u00e4sentiert auf \u00fcber 400 Seiten das aktuelle Wissen \u00fcber das Bildungswesen Schweiz. Was die Weiterbildungsteilnahme anbelangt, zeigt sich dabei ein einseitiges Bild.<\/p>\n\n\n\n<p>Erarbeitet wurde der <a href=\"https:\/\/www.skbf-csre.ch\/fileadmin\/files\/pdf\/bildungsberichte\/2026\/BiBer_2026_DE.pdf\">Bildungsbericht Schweiz 2026<\/a> wiederum von der Schweizerischen Koordinationsstelle f\u00fcr Bildungsforschung (<a href=\"https:\/\/www.skbf-csre.ch\/\" target=\"_blank\" rel=\"noreferrer noopener\">SKBF<\/a>) im Auftrag des Staatssekretariats f\u00fcr Bildung, Forschung und Innovation (<a href=\"https:\/\/www.sbfi.admin.ch\/sbfi\/de\/home.html\" target=\"_blank\" rel=\"noreferrer noopener\">SBFI<\/a>) und der Konferenz der kantonalen Erziehungsdirektorinnen und -direktoren (<a href=\"https:\/\/www.edk.ch\/de\/die-edk\" target=\"_blank\" rel=\"noreferrer noopener\">EDK<\/a>).&nbsp;Als wichtiges Referenzwerk enth\u00e4lt der Bericht aktuelles, verdichtetes Wissen aus Statistik, Forschung und Verwaltung zum gesamten Bildungswesen der Schweiz. Damit erm\u00f6glicht er den Bildungsakteuren die Steuerung und Weiterentwicklung des Bildungssystems.<\/p>\n\n\n\n<p>Auf \u00fcber zwanzig Seiten widmet sich der Bericht der Weiterbildung. Es geht insbesondere um den Weiterbildungsmarkt, die Teilnahme an Weiterbildung, Weiterbildungskosten und deren Finanzierung.<\/p>\n\n\n\n<h2 class=\"wp-block-heading\">Weiterbildung von Disparit\u00e4t gepr\u00e4gt<\/h2>\n\n\n\n<p>Diese Seiten verdeutlichen, dass in der Schweiz im internationalen Vergleich besonders viele Menschen einen Bildungsabschluss besitzen. Und auch die Teilnahme an Weiterbildung ist hierzulande hoch. Allerdings ist auch die Disparit\u00e4t (Gutgebildete besuchen Weiterbildungen, Niedrigqualifizierte eher nicht) ausgepr\u00e4gt.<\/p>\n\n\n\n<p>Obwohl zwischen 2000 und 2020 die Zahl der Schweizerinnen und Schweizer ohne nachobligatorische Bildung in praktisch allen Altersgruppen um etwa die H\u00e4lfte zur\u00fcckging (aktueller Stand: rund 5 Prozent), legt der Bericht nahe, dass sich das Problem \u00abnicht von selbst l\u00f6sen wird\u00bb: \u00abBei Personen ausl\u00e4ndischer Nationalit\u00e4t wird selbst in zehn Jahren noch praktisch jede f\u00fcnfte Person gering qualifiziert sein.\u00bb<\/p>\n\n\n\n<p>Massnahmen m\u00fcssten sowohl bei der formalen Bildung als auch bei einer gezielten Weiterbildung ansetzen.<\/p>\n\n\n\n<p>Die Weiterbildungsteilnahme, zeigt der Bericht weiter, h\u00e4ngt neben dem Bildungsniveau auch von der Erwerbssituation und individuellen Ressourcen ab. Auch die betriebliche Unterst\u00fctzung (Finanzierung, Freistellung) ist zentral. Diese findet ebenfalls selektiv und einseitig statt: Auch hier werden vorwiegend die Gutqualifizierten unterst\u00fctzt.<\/p>\n\n\n\n<h2 class=\"wp-block-heading\">Zum Bildungsbericht<\/h2>\n\n\n\n<p>Seit 20 Jahren stellt der Bildungsbericht Schweiz Daten und Erkenntnisse aus Statistik, Forschung und Verwaltung zum gesamten Bildungssystem der Schweiz bereit \u2013 von der Vorschule bis zur Weiterbildung. Er ist nach eigenen Angaben ein Kerninstrument des nationalen Bildungsmonitorings und bilde eine Grundlage, um die Weiterentwicklung des Schweizer Bildungssystems faktenbasiert zu gestalten.<\/p>\n\n\n\n<h2 class=\"wp-block-heading\">Weitere Informationen<\/h2>\n\n\n\n<div class=\"wp-block-buttons is-layout-flex wp-block-buttons-is-layout-flex\">\n<div class=\"wp-block-button has-custom-width wp-block-button__width-100 is-style-minimal\"><a class=\"wp-block-button__link wp-element-button\" href=\"https:\/\/www.skbf-csre.ch\/fileadmin\/files\/pdf\/bildungsberichte\/2026\/BiBer_2026_DE.pdf\" target=\"_blank\" rel=\"noreferrer noopener\">Bildungsbericht als PDF<\/a><\/div>\n<\/div>\n","protected":false},"excerpt":{"rendered":"<p>Der f\u00fcnfte Schweizer Bildungsbericht ist erschienen. Er pr\u00e4sentiert auf \u00fcber 400 Seiten das aktuelle Wissen \u00fcber das Bildungswesen Schweiz. Was [&hellip;]<\/p>\n","protected":false},"author":27,"featured_media":74563,"template":"","meta":{"_acf_changed":false,"inline_featured_image":false,"footnotes":""},"news-category":[31],"global-category":[],"class_list":["post-74561","news","type-news","status-publish","has-post-thumbnail","hentry","news-category-branche"],"acf":[],"yoast_head":"<!-- This site is optimized with the Yoast SEO plugin v27.3 - https:\/\/yoast.com\/product\/yoast-seo-wordpress\/ -->\n<title>Bildungsbericht 2026: Ungleichheit in der Weiterbildung - SVEB<\/title>\n<meta name=\"robots\" content=\"index, follow, max-snippet:-1, max-image-preview:large, max-video-preview:-1\" \/>\n<link rel=\"canonical\" href=\"https:\/\/alice.ch\/de\/news\/bildungsbericht-2026-ungleichheit-in-der-weiterbildung\/\" \/>\n<meta property=\"og:locale\" content=\"de_DE\" \/>\n<meta property=\"og:type\" content=\"article\" \/>\n<meta property=\"og:title\" content=\"Bildungsbericht 2026: Ungleichheit in der Weiterbildung - SVEB\" \/>\n<meta property=\"og:description\" content=\"Der f\u00fcnfte Schweizer Bildungsbericht ist erschienen. Er pr\u00e4sentiert auf \u00fcber 400 Seiten das aktuelle Wissen \u00fcber das Bildungswesen Schweiz. Was [&hellip;]\" \/>\n<meta property=\"og:url\" content=\"https:\/\/alice.ch\/de\/news\/bildungsbericht-2026-ungleichheit-in-der-weiterbildung\/\" \/>\n<meta property=\"og:site_name\" content=\"SVEB\" \/>\n<meta property=\"article:modified_time\" content=\"2026-03-24T18:49:58+00:00\" \/>\n<meta property=\"og:image\" content=\"https:\/\/alice.ch\/app\/uploads\/2026\/03\/getty-images-mlXiFoPPJDc-unsplash1.jpg\" \/>\n\t<meta property=\"og:image:width\" content=\"1200\" \/>\n\t<meta property=\"og:image:height\" content=\"627\" \/>\n\t<meta property=\"og:image:type\" content=\"image\/jpeg\" \/>\n<meta name=\"twitter:card\" content=\"summary_large_image\" \/>\n<meta name=\"twitter:label1\" content=\"Gesch\u00e4tzte Lesezeit\" \/>\n\t<meta name=\"twitter:data1\" content=\"2\u00a0Minuten\" \/>\n<script type=\"application\/ld+json\" class=\"yoast-schema-graph\">{\"@context\":\"https:\\\/\\\/schema.org\",\"@graph\":[{\"@type\":\"WebPage\",\"@id\":\"https:\\\/\\\/alice.ch\\\/de\\\/news\\\/bildungsbericht-2026-ungleichheit-in-der-weiterbildung\\\/\",\"url\":\"https:\\\/\\\/alice.ch\\\/de\\\/news\\\/bildungsbericht-2026-ungleichheit-in-der-weiterbildung\\\/\",\"name\":\"Bildungsbericht 2026: Ungleichheit in der Weiterbildung - SVEB\",\"isPartOf\":{\"@id\":\"https:\\\/\\\/alice.ch\\\/de\\\/#website\"},\"primaryImageOfPage\":{\"@id\":\"https:\\\/\\\/alice.ch\\\/de\\\/news\\\/bildungsbericht-2026-ungleichheit-in-der-weiterbildung\\\/#primaryimage\"},\"image\":{\"@id\":\"https:\\\/\\\/alice.ch\\\/de\\\/news\\\/bildungsbericht-2026-ungleichheit-in-der-weiterbildung\\\/#primaryimage\"},\"thumbnailUrl\":\"https:\\\/\\\/alice.ch\\\/app\\\/uploads\\\/2026\\\/03\\\/getty-images-mlXiFoPPJDc-unsplash1.jpg\",\"datePublished\":\"2026-03-24T14:56:40+00:00\",\"dateModified\":\"2026-03-24T18:49:58+00:00\",\"breadcrumb\":{\"@id\":\"https:\\\/\\\/alice.ch\\\/de\\\/news\\\/bildungsbericht-2026-ungleichheit-in-der-weiterbildung\\\/#breadcrumb\"},\"inLanguage\":\"de\",\"potentialAction\":[{\"@type\":\"ReadAction\",\"target\":[\"https:\\\/\\\/alice.ch\\\/de\\\/news\\\/bildungsbericht-2026-ungleichheit-in-der-weiterbildung\\\/\"]}]},{\"@type\":\"ImageObject\",\"inLanguage\":\"de\",\"@id\":\"https:\\\/\\\/alice.ch\\\/de\\\/news\\\/bildungsbericht-2026-ungleichheit-in-der-weiterbildung\\\/#primaryimage\",\"url\":\"https:\\\/\\\/alice.ch\\\/app\\\/uploads\\\/2026\\\/03\\\/getty-images-mlXiFoPPJDc-unsplash1.jpg\",\"contentUrl\":\"https:\\\/\\\/alice.ch\\\/app\\\/uploads\\\/2026\\\/03\\\/getty-images-mlXiFoPPJDc-unsplash1.jpg\",\"width\":1200,\"height\":627},{\"@type\":\"BreadcrumbList\",\"@id\":\"https:\\\/\\\/alice.ch\\\/de\\\/news\\\/bildungsbericht-2026-ungleichheit-in-der-weiterbildung\\\/#breadcrumb\",\"itemListElement\":[{\"@type\":\"ListItem\",\"position\":1,\"name\":\"Startseite\",\"item\":\"https:\\\/\\\/alice.ch\\\/de\\\/\"},{\"@type\":\"ListItem\",\"position\":2,\"name\":\"Bildungsbericht 2026: Ungleichheit in der Weiterbildung\"}]},{\"@type\":\"WebSite\",\"@id\":\"https:\\\/\\\/alice.ch\\\/de\\\/#website\",\"url\":\"https:\\\/\\\/alice.ch\\\/de\\\/\",\"name\":\"alice.ch (Adult Learning Information Center) ist das Portal der Weiterbildung in der Schweiz.\",\"description\":\"Schweizerischer Verband f\u00fcr Weiterbildung\",\"publisher\":{\"@id\":\"https:\\\/\\\/alice.ch\\\/de\\\/#organization\"},\"potentialAction\":[{\"@type\":\"SearchAction\",\"target\":{\"@type\":\"EntryPoint\",\"urlTemplate\":\"https:\\\/\\\/alice.ch\\\/de\\\/?s={search_term_string}\"},\"query-input\":{\"@type\":\"PropertyValueSpecification\",\"valueRequired\":true,\"valueName\":\"search_term_string\"}}],\"inLanguage\":\"de\"},{\"@type\":\"Organization\",\"@id\":\"https:\\\/\\\/alice.ch\\\/de\\\/#organization\",\"name\":\"SVEB Schweizerischer Verband f\u00fcr Weiterbildung\",\"url\":\"https:\\\/\\\/alice.ch\\\/de\\\/\",\"logo\":{\"@type\":\"ImageObject\",\"inLanguage\":\"de\",\"@id\":\"https:\\\/\\\/alice.ch\\\/de\\\/#\\\/schema\\\/logo\\\/image\\\/\",\"url\":\"https:\\\/\\\/alice.ch\\\/app\\\/uploads\\\/2022\\\/07\\\/logo-sveb.png\",\"contentUrl\":\"https:\\\/\\\/alice.ch\\\/app\\\/uploads\\\/2022\\\/07\\\/logo-sveb.png\",\"width\":145,\"height\":64,\"caption\":\"SVEB Schweizerischer Verband f\u00fcr Weiterbildung\"},\"image\":{\"@id\":\"https:\\\/\\\/alice.ch\\\/de\\\/#\\\/schema\\\/logo\\\/image\\\/\"},\"sameAs\":[\"https:\\\/\\\/www.linkedin.com\\\/company\\\/schweizerischer-verband-fr-weiterbildung-sveb\\\/\"]}]}<\/script>\n<!-- \/ Yoast SEO plugin. -->","yoast_head_json":{"title":"Bildungsbericht 2026: Ungleichheit in der Weiterbildung - SVEB","robots":{"index":"index","follow":"follow","max-snippet":"max-snippet:-1","max-image-preview":"max-image-preview:large","max-video-preview":"max-video-preview:-1"},"canonical":"https:\/\/alice.ch\/de\/news\/bildungsbericht-2026-ungleichheit-in-der-weiterbildung\/","og_locale":"de_DE","og_type":"article","og_title":"Bildungsbericht 2026: Ungleichheit in der Weiterbildung - SVEB","og_description":"Der f\u00fcnfte Schweizer Bildungsbericht ist erschienen. Er pr\u00e4sentiert auf \u00fcber 400 Seiten das aktuelle Wissen \u00fcber das Bildungswesen Schweiz. Was [&hellip;]","og_url":"https:\/\/alice.ch\/de\/news\/bildungsbericht-2026-ungleichheit-in-der-weiterbildung\/","og_site_name":"SVEB","article_modified_time":"2026-03-24T18:49:58+00:00","og_image":[{"width":1200,"height":627,"url":"https:\/\/alice.ch\/app\/uploads\/2026\/03\/getty-images-mlXiFoPPJDc-unsplash1.jpg","type":"image\/jpeg"}],"twitter_card":"summary_large_image","twitter_misc":{"Gesch\u00e4tzte Lesezeit":"2\u00a0Minuten"},"schema":{"@context":"https:\/\/schema.org","@graph":[{"@type":"WebPage","@id":"https:\/\/alice.ch\/de\/news\/bildungsbericht-2026-ungleichheit-in-der-weiterbildung\/","url":"https:\/\/alice.ch\/de\/news\/bildungsbericht-2026-ungleichheit-in-der-weiterbildung\/","name":"Bildungsbericht 2026: Ungleichheit in der Weiterbildung - SVEB","isPartOf":{"@id":"https:\/\/alice.ch\/de\/#website"},"primaryImageOfPage":{"@id":"https:\/\/alice.ch\/de\/news\/bildungsbericht-2026-ungleichheit-in-der-weiterbildung\/#primaryimage"},"image":{"@id":"https:\/\/alice.ch\/de\/news\/bildungsbericht-2026-ungleichheit-in-der-weiterbildung\/#primaryimage"},"thumbnailUrl":"https:\/\/alice.ch\/app\/uploads\/2026\/03\/getty-images-mlXiFoPPJDc-unsplash1.jpg","datePublished":"2026-03-24T14:56:40+00:00","dateModified":"2026-03-24T18:49:58+00:00","breadcrumb":{"@id":"https:\/\/alice.ch\/de\/news\/bildungsbericht-2026-ungleichheit-in-der-weiterbildung\/#breadcrumb"},"inLanguage":"de","potentialAction":[{"@type":"ReadAction","target":["https:\/\/alice.ch\/de\/news\/bildungsbericht-2026-ungleichheit-in-der-weiterbildung\/"]}]},{"@type":"ImageObject","inLanguage":"de","@id":"https:\/\/alice.ch\/de\/news\/bildungsbericht-2026-ungleichheit-in-der-weiterbildung\/#primaryimage","url":"https:\/\/alice.ch\/app\/uploads\/2026\/03\/getty-images-mlXiFoPPJDc-unsplash1.jpg","contentUrl":"https:\/\/alice.ch\/app\/uploads\/2026\/03\/getty-images-mlXiFoPPJDc-unsplash1.jpg","width":1200,"height":627},{"@type":"BreadcrumbList","@id":"https:\/\/alice.ch\/de\/news\/bildungsbericht-2026-ungleichheit-in-der-weiterbildung\/#breadcrumb","itemListElement":[{"@type":"ListItem","position":1,"name":"Startseite","item":"https:\/\/alice.ch\/de\/"},{"@type":"ListItem","position":2,"name":"Bildungsbericht 2026: Ungleichheit in der Weiterbildung"}]},{"@type":"WebSite","@id":"https:\/\/alice.ch\/de\/#website","url":"https:\/\/alice.ch\/de\/","name":"alice.ch (Adult Learning Information Center) ist das Portal der Weiterbildung in der Schweiz.","description":"Schweizerischer Verband f\u00fcr Weiterbildung","publisher":{"@id":"https:\/\/alice.ch\/de\/#organization"},"potentialAction":[{"@type":"SearchAction","target":{"@type":"EntryPoint","urlTemplate":"https:\/\/alice.ch\/de\/?s={search_term_string}"},"query-input":{"@type":"PropertyValueSpecification","valueRequired":true,"valueName":"search_term_string"}}],"inLanguage":"de"},{"@type":"Organization","@id":"https:\/\/alice.ch\/de\/#organization","name":"SVEB Schweizerischer Verband f\u00fcr Weiterbildung","url":"https:\/\/alice.ch\/de\/","logo":{"@type":"ImageObject","inLanguage":"de","@id":"https:\/\/alice.ch\/de\/#\/schema\/logo\/image\/","url":"https:\/\/alice.ch\/app\/uploads\/2022\/07\/logo-sveb.png","contentUrl":"https:\/\/alice.ch\/app\/uploads\/2022\/07\/logo-sveb.png","width":145,"height":64,"caption":"SVEB Schweizerischer Verband f\u00fcr Weiterbildung"},"image":{"@id":"https:\/\/alice.ch\/de\/#\/schema\/logo\/image\/"},"sameAs":["https:\/\/www.linkedin.com\/company\/schweizerischer-verband-fr-weiterbildung-sveb\/"]}]}},"_links":{"self":[{"href":"https:\/\/alice.ch\/de\/wp-json\/wp\/v2\/news\/74561","targetHints":{"allow":["GET"]}}],"collection":[{"href":"https:\/\/alice.ch\/de\/wp-json\/wp\/v2\/news"}],"about":[{"href":"https:\/\/alice.ch\/de\/wp-json\/wp\/v2\/types\/news"}],"author":[{"embeddable":true,"href":"https:\/\/alice.ch\/de\/wp-json\/wp\/v2\/users\/27"}],"version-history":[{"count":6,"href":"https:\/\/alice.ch\/de\/wp-json\/wp\/v2\/news\/74561\/revisions"}],"predecessor-version":[{"id":74582,"href":"https:\/\/alice.ch\/de\/wp-json\/wp\/v2\/news\/74561\/revisions\/74582"}],"wp:featuredmedia":[{"embeddable":true,"href":"https:\/\/alice.ch\/de\/wp-json\/wp\/v2\/media\/74563"}],"wp:attachment":[{"href":"https:\/\/alice.ch\/de\/wp-json\/wp\/v2\/media?parent=74561"}],"wp:term":[{"taxonomy":"news-category","embeddable":true,"href":"https:\/\/alice.ch\/de\/wp-json\/wp\/v2\/news-category?post=74561"},{"taxonomy":"global-category","embeddable":true,"href":"https:\/\/alice.ch\/de\/wp-json\/wp\/v2\/global-category?post=74561"}],"curies":[{"name":"wp","href":"https:\/\/api.w.org\/{rel}","templated":true}]}}