{"id":74576,"date":"2026-03-25T08:41:25","date_gmt":"2026-03-25T07:41:25","guid":{"rendered":"https:\/\/alice.ch\/?post_type=news&#038;p=74576"},"modified":"2026-03-25T08:41:28","modified_gmt":"2026-03-25T07:41:28","slug":"gastgewerbe-mindestlohnregulierung-zahlbarer-wohnraum-und-foerderung-der-betrieblichen-weiterbildung-sind-gefragt","status":"publish","type":"news","link":"https:\/\/alice.ch\/de\/news\/gastgewerbe-mindestlohnregulierung-zahlbarer-wohnraum-und-foerderung-der-betrieblichen-weiterbildung-sind-gefragt\/","title":{"rendered":"Gastgewerbe: Mindestlohnregulierung, zahlbarer Wohnraum und F\u00f6rderung der betrieblichen Weiterbildung sind gefragt\u00a0"},"content":{"rendered":"\n<p class=\"is-style-lead\">Ein Forschungsprojekt hat mit einer Befragung untersucht, wie Arbeitsmigrantinnen und -migranten im Gastgewerbe ihre Situation wahrnehmen \u2013 und wie sie sich daran anpassen. Die Studie zeigt, welche politischen Massnahmen dennoch n\u00f6tig sind.&nbsp;<\/p>\n\n\n\n<p><em>Text: Christine B\u00e4rlocher<\/em><\/p>\n\n\n\n<p>Das Gastgewerbe ist ein typisches Beispiel einer Niedriglohnbranche, die in besonderem Mass von Prekarit\u00e4t gepr\u00e4gt ist. Zudem hat die Branche grosse Schwierigkeiten, ausgebildetes Personal zu finden. Im Jahr 2024 hatten 49 Prozent der Besch\u00e4ftigten im Gastgewerbe einen ausl\u00e4ndischen Pass.&nbsp;<\/p>\n\n\n\n<p>Das Forschungsprojekt \u00abWandel von (Im-)Mobilit\u00e4tsregimen: Rechtsanspr\u00fcche und Prekarisierung von Arbeitsmigrant*innen in Krisenzeiten\u00bb untersucht, wie Arbeitsmigrantinnen und -migranten selbst ihre Situation wahrnehmen \u2013 und wie sie sich daran anpassen. Daf\u00fcr wurden 29 Personen im Kanton Wallis und Graub\u00fcnden befragt.&nbsp;<\/p>\n\n\n\n<p>Aus den Ergebnissen identifizierte das Forschungsteam drei Handlungsfelder, mit denen Entscheidungstr\u00e4ger zu einer besseren Zukunft sowohl f\u00fcr die Migrantinnen und Migranten als auch f\u00fcr die Branche beitragen k\u00f6nnen: Mindestlohnregulierung, eine Politik f\u00fcr bezahlbare Wohnungen und die betriebliche Weiterbildungsf\u00f6rderung.&nbsp;<\/p>\n\n\n\n<h2 class=\"wp-block-heading\">\u00abIn Portugal ist es schlimmer\u00bb&nbsp;<\/h2>\n\n\n\n<p>Die Arbeitsmigrantinnen und -migranten aus den Gastrobetrieben berichteten gem\u00e4ss der Studie von k\u00f6rperlich harter Arbeit, strikten Arbeitszeiten und -pl\u00e4nen sowie von L\u00f6hnen, die kaum zum Leben reichen.&nbsp;<\/p>\n\n\n\n<p>Und doch: Die Migrantinnen und Migranten zeigten eine hohe Anpassungsbereitschaft an die prek\u00e4ren Arbeitsbedingungen. Positiv gewertet wurde beispielsweise die gute infrastrukturelle Ausstattung der Arbeitspl\u00e4tze in der Schweiz. Auch die niedrigen L\u00f6hne wurden im transnationalen Vergleich relativiert: \u00abIn Portugal ist es schlimmer\u00bb, hiess es in den Gespr\u00e4chen. Andere betonten, dass ihnen das Geld gerade reiche \u2013 sie k\u00f6nnten sich jedoch nicht vorstellen, wie sie mit Kindern \u00fcber die Runden k\u00e4men, oder wenn sie das ganze Jahr \u00fcber in der Schweiz w\u00e4ren.\u00a0<\/p>\n\n\n\n<h2 class=\"wp-block-heading\">Flexibel bleiben: Strategien im Umgang mit Unsicherheiten&nbsp;<\/h2>\n\n\n\n<p>Ausl\u00e4nderrechtlich bedingten Unsicherheiten durch nur befristete Bewilligungen begegnen die Betroffenen laut der Studie mit individuellen und famili\u00e4ren L\u00f6sungen, mit denen sie das Arbeitsjahr organisieren. Manche nutzen auch die M\u00f6glichkeit, in der Zwischensaison zum Regionalen Arbeitsvermittlungszentrum (RAV) zu gehen.&nbsp;<\/p>\n\n\n\n<p>Die prinzipielle M\u00f6glichkeit einer R\u00fcckkehr \u2013 die Befragten stammen bis auf drei Ausnahmen aus EU\/Efta L\u00e4ndern \u2013 scheint zudem emotional zu entlasten: als Alternative, falls sich die Situation verschlimmern w\u00fcrde.&nbsp;<\/p>\n\n\n\n<p>H\u00e4ufig wechselten Betroffene bei Problemen den Job&nbsp; \u2013 sei es wegen (zu) tiefen L\u00f6hnen, Konflikten im Team oder fehlenden M\u00f6glichkeiten der beruflichen Weiterentwicklung. Sowohl qualifizierte als auch ungelernte Mitarbeitende gaben an, dass sie schon einmal oder mehrmals die Stelle gewechselt h\u00e4tten.&nbsp;&nbsp;<\/p>\n\n\n\n<h2 class=\"wp-block-heading\">Teures Wohnen in touristischen Berggebieten&nbsp;<\/h2>\n\n\n\n<p>Durchwegs Sorgen bereitet der Mangel an zahlbaren Wohnungen in den touristischen Berggebieten in Kombination mit dem niedrigen Lohn. \u00abFr\u00fcher hatten wir immer eine Unterkunft, wir hatten keinen Job. Jetzt gibt es Arbeit, aber keine Wohnungen\u00bb, wird eine Person zitiert. Das betrifft auch besser gestellte Mitarbeitende.&nbsp;&nbsp;<\/p>\n\n\n\n<p>Aus diesem Befund leiten die Forscherinnen und Forscher in einem \u00abPolicy Brief\u00bb Massnahmen in der Wohnpolitik als eine der drei wichtigsten Botschaften an Entscheidungstr\u00e4gerinnen und -tr\u00e4ger ab. Die beiden anderen Botschaften sind die Regulierung der Mindestl\u00f6hne und die F\u00f6rderung der betrieblichen Weiterbildung.&nbsp;<\/p>\n\n\n\n<h2 class=\"wp-block-heading\">Betriebliche Weiterbildung f\u00f6rdern&nbsp;<\/h2>\n\n\n\n<p>Denn wer keine anerkannte Aus- oder Weiterbildung vorweisen kann, bleibt auf dem tiefsten Niveau des Mindestlohns stecken. Selbst nach vielen Jahren Berufserfahrung k\u00e4men sie nicht \u00fcber das Minimum, erz\u00e4hlten Betroffene. Gleichzeitig haben laut der Studie gut doppelt so viele Betriebe Schwierigkeiten im Rekrutieren von ausgebildetem Personal wie im Durchschnitt aller Branchen.\u00a0\u00a0<\/p>\n\n\n\n<p>Die Betriebe scheinen zu wenig in der Lage oder zu wenig erfolgreich darin zu sein, ihren Mitarbeitenden durch den Zugang zu geeigneten Weiterbildungen eine bessere Ausgangslage zu verschaffen \u2013 dies, obwohl die Konditionen durch staatliche und \u00fcber den Gesamtarbeitsvertrag gest\u00fctzte Finanzierungsmodelle, die nebst den Kurskosten auch den Erwerbsausfall vollumf\u00e4nglich abdecken, sehr gut w\u00e4ren (z.B. <a href=\"https:\/\/alice.ch\/de\/news\/die-kmu-werden-mit-loyalen-motivierten-und-besser-qualifizierten-mitarbeitenden-belohnt\/\">Progresso-Lehrg\u00e4nge<\/a> oder das F\u00f6rderprogramm <a href=\"https:\/\/www.einfach-besser.ch\/betriebe\/\" target=\"_blank\" rel=\"noreferrer noopener\">\u00abEinfach besser! &#8230; am Arbeitsplatz\u00bb<\/a>).\u00a0<\/p>\n\n\n\n<p><em>Quellen:<\/em><\/p>\n\n\n\n<p><em><a href=\"https:\/\/nccr-onthemove.ch\/projects\/evolving-immobility-regimes-migrant-workers-entitlement-and-precarization-in-times-of-crisis\/\" target=\"_blank\" rel=\"noreferrer noopener\">\u00abWandel von (Im-)Mobilit\u00e4tsregimen: Rechtsanspr\u00fcche und Prekarisierung von Arbeitsmigrant*innen in Krisenzeiten\u00bb Eric Crettaz, Stefanie Kurt, Francesco Maiani, Eva Mey. Ein Projekt des nationalen F\u00f6rderschwerpunkts \u00abnccr \u2013 on the move\u00bb.&nbsp;<\/a><\/em><\/p>\n\n\n\n<p><em><a href=\"https:\/\/nccr-onthemove.ch\/knowledge-transfer\/policy-briefs-kurz-und-bundig\/prekaritat-im-gastgewerbe-wie-arbeitsmigrantinnen-damit-umgehen-und-wo-politik-gefragt-ist\/\" target=\"_blank\" rel=\"noreferrer noopener\">Eva Mey et al. (2026): Prekarit\u00e4t im Gastgewerbe: Wie Arbeitsmigrant*innen damit umgehen \u2013 und wo Politik gefragt ist. Kurz und B\u00fcndig (28)&nbsp;<\/a><\/em><\/p>\n\n\n\n<h2 class=\"wp-block-heading\">Weitere Informationen<\/h2>\n\n\n\n<div class=\"wp-block-buttons is-layout-flex wp-block-buttons-is-layout-flex\">\n<div class=\"wp-block-button has-custom-width wp-block-button__width-100 is-style-minimal\"><a class=\"wp-block-button__link wp-element-button\" href=\"https:\/\/nccr-onthemove.ch\/projects\/evolving-immobility-regimes-migrant-workers-entitlement-and-precarization-in-times-of-crisis\/\" target=\"_blank\" rel=\"noreferrer noopener\">Zum Forschungsprojekt&nbsp;<\/a><\/div>\n\n\n\n<div class=\"wp-block-button has-custom-width wp-block-button__width-100 is-style-minimal\"><a class=\"wp-block-button__link wp-element-button\" href=\"https:\/\/nccr-onthemove.ch\/knowledge-transfer\/policy-briefs-kurz-und-bundig\/prekaritat-im-gastgewerbe-wie-arbeitsmigrantinnen-damit-umgehen-und-wo-politik-gefragt-ist\/\" target=\"_blank\" rel=\"noreferrer noopener\">Policy-Brief&nbsp;<\/a><\/div>\n\n\n\n<div class=\"wp-block-button has-custom-width wp-block-button__width-100 is-style-minimal\"><a class=\"wp-block-button__link wp-element-button\" href=\"https:\/\/alice.ch\/de\/news\/geringqualifizierte-in-der-hotellerie-und-gastronomie-foerdern\/\" target=\"_blank\" rel=\"noreferrer noopener\">SVEB Gastro Event (Dokumentation)&nbsp;<\/a><\/div>\n<\/div>\n","protected":false},"excerpt":{"rendered":"<p>Ein Forschungsprojekt hat mit einer Befragung untersucht, wie Arbeitsmigrantinnen und -migranten im Gastgewerbe ihre Situation wahrnehmen \u2013 und wie sie [&hellip;]<\/p>\n","protected":false},"author":27,"featured_media":74577,"template":"","meta":{"_acf_changed":false,"inline_featured_image":false,"footnotes":""},"news-category":[38],"global-category":[],"class_list":["post-74576","news","type-news","status-publish","has-post-thumbnail","hentry","news-category-kmu"],"acf":[],"yoast_head":"<!-- This site is optimized with the Yoast SEO plugin v27.3 - https:\/\/yoast.com\/product\/yoast-seo-wordpress\/ -->\n<title>Gastgewerbe: Mindestlohnregulierung, zahlbarer Wohnraum und F\u00f6rderung der betrieblichen Weiterbildung sind gefragt\u00a0 - SVEB<\/title>\n<meta name=\"robots\" content=\"index, follow, max-snippet:-1, max-image-preview:large, max-video-preview:-1\" \/>\n<link rel=\"canonical\" href=\"https:\/\/alice.ch\/de\/news\/gastgewerbe-mindestlohnregulierung-zahlbarer-wohnraum-und-foerderung-der-betrieblichen-weiterbildung-sind-gefragt\/\" \/>\n<meta property=\"og:locale\" content=\"de_DE\" \/>\n<meta property=\"og:type\" content=\"article\" \/>\n<meta property=\"og:title\" content=\"Gastgewerbe: Mindestlohnregulierung, zahlbarer Wohnraum und F\u00f6rderung der betrieblichen Weiterbildung sind gefragt\u00a0 - SVEB\" \/>\n<meta property=\"og:description\" content=\"Ein Forschungsprojekt hat mit einer Befragung untersucht, wie Arbeitsmigrantinnen und -migranten im Gastgewerbe ihre Situation wahrnehmen \u2013 und wie sie [&hellip;]\" \/>\n<meta property=\"og:url\" content=\"https:\/\/alice.ch\/de\/news\/gastgewerbe-mindestlohnregulierung-zahlbarer-wohnraum-und-foerderung-der-betrieblichen-weiterbildung-sind-gefragt\/\" \/>\n<meta property=\"og:site_name\" content=\"SVEB\" \/>\n<meta property=\"article:modified_time\" content=\"2026-03-25T07:41:28+00:00\" \/>\n<meta property=\"og:image\" content=\"https:\/\/alice.ch\/app\/uploads\/2026\/03\/ahmed-1kWsEpewlvU-unsplash1.jpg\" \/>\n\t<meta property=\"og:image:width\" content=\"1200\" \/>\n\t<meta property=\"og:image:height\" content=\"627\" \/>\n\t<meta property=\"og:image:type\" content=\"image\/jpeg\" \/>\n<meta name=\"twitter:card\" content=\"summary_large_image\" \/>\n<meta name=\"twitter:label1\" content=\"Gesch\u00e4tzte Lesezeit\" \/>\n\t<meta name=\"twitter:data1\" content=\"4\u00a0Minuten\" \/>\n<script type=\"application\/ld+json\" class=\"yoast-schema-graph\">{\"@context\":\"https:\\\/\\\/schema.org\",\"@graph\":[{\"@type\":\"WebPage\",\"@id\":\"https:\\\/\\\/alice.ch\\\/de\\\/news\\\/gastgewerbe-mindestlohnregulierung-zahlbarer-wohnraum-und-foerderung-der-betrieblichen-weiterbildung-sind-gefragt\\\/\",\"url\":\"https:\\\/\\\/alice.ch\\\/de\\\/news\\\/gastgewerbe-mindestlohnregulierung-zahlbarer-wohnraum-und-foerderung-der-betrieblichen-weiterbildung-sind-gefragt\\\/\",\"name\":\"Gastgewerbe: Mindestlohnregulierung, zahlbarer Wohnraum und F\u00f6rderung der betrieblichen Weiterbildung sind gefragt\u00a0 - SVEB\",\"isPartOf\":{\"@id\":\"https:\\\/\\\/alice.ch\\\/de\\\/#website\"},\"primaryImageOfPage\":{\"@id\":\"https:\\\/\\\/alice.ch\\\/de\\\/news\\\/gastgewerbe-mindestlohnregulierung-zahlbarer-wohnraum-und-foerderung-der-betrieblichen-weiterbildung-sind-gefragt\\\/#primaryimage\"},\"image\":{\"@id\":\"https:\\\/\\\/alice.ch\\\/de\\\/news\\\/gastgewerbe-mindestlohnregulierung-zahlbarer-wohnraum-und-foerderung-der-betrieblichen-weiterbildung-sind-gefragt\\\/#primaryimage\"},\"thumbnailUrl\":\"https:\\\/\\\/alice.ch\\\/app\\\/uploads\\\/2026\\\/03\\\/ahmed-1kWsEpewlvU-unsplash1.jpg\",\"datePublished\":\"2026-03-25T07:41:25+00:00\",\"dateModified\":\"2026-03-25T07:41:28+00:00\",\"breadcrumb\":{\"@id\":\"https:\\\/\\\/alice.ch\\\/de\\\/news\\\/gastgewerbe-mindestlohnregulierung-zahlbarer-wohnraum-und-foerderung-der-betrieblichen-weiterbildung-sind-gefragt\\\/#breadcrumb\"},\"inLanguage\":\"de\",\"potentialAction\":[{\"@type\":\"ReadAction\",\"target\":[\"https:\\\/\\\/alice.ch\\\/de\\\/news\\\/gastgewerbe-mindestlohnregulierung-zahlbarer-wohnraum-und-foerderung-der-betrieblichen-weiterbildung-sind-gefragt\\\/\"]}]},{\"@type\":\"ImageObject\",\"inLanguage\":\"de\",\"@id\":\"https:\\\/\\\/alice.ch\\\/de\\\/news\\\/gastgewerbe-mindestlohnregulierung-zahlbarer-wohnraum-und-foerderung-der-betrieblichen-weiterbildung-sind-gefragt\\\/#primaryimage\",\"url\":\"https:\\\/\\\/alice.ch\\\/app\\\/uploads\\\/2026\\\/03\\\/ahmed-1kWsEpewlvU-unsplash1.jpg\",\"contentUrl\":\"https:\\\/\\\/alice.ch\\\/app\\\/uploads\\\/2026\\\/03\\\/ahmed-1kWsEpewlvU-unsplash1.jpg\",\"width\":1200,\"height\":627},{\"@type\":\"BreadcrumbList\",\"@id\":\"https:\\\/\\\/alice.ch\\\/de\\\/news\\\/gastgewerbe-mindestlohnregulierung-zahlbarer-wohnraum-und-foerderung-der-betrieblichen-weiterbildung-sind-gefragt\\\/#breadcrumb\",\"itemListElement\":[{\"@type\":\"ListItem\",\"position\":1,\"name\":\"Startseite\",\"item\":\"https:\\\/\\\/alice.ch\\\/de\\\/\"},{\"@type\":\"ListItem\",\"position\":2,\"name\":\"Gastgewerbe: Mindestlohnregulierung, zahlbarer Wohnraum und F\u00f6rderung der betrieblichen Weiterbildung sind gefragt\u00a0\"}]},{\"@type\":\"WebSite\",\"@id\":\"https:\\\/\\\/alice.ch\\\/de\\\/#website\",\"url\":\"https:\\\/\\\/alice.ch\\\/de\\\/\",\"name\":\"alice.ch (Adult Learning Information Center) ist das Portal der Weiterbildung in der Schweiz.\",\"description\":\"Schweizerischer Verband f\u00fcr Weiterbildung\",\"publisher\":{\"@id\":\"https:\\\/\\\/alice.ch\\\/de\\\/#organization\"},\"potentialAction\":[{\"@type\":\"SearchAction\",\"target\":{\"@type\":\"EntryPoint\",\"urlTemplate\":\"https:\\\/\\\/alice.ch\\\/de\\\/?s={search_term_string}\"},\"query-input\":{\"@type\":\"PropertyValueSpecification\",\"valueRequired\":true,\"valueName\":\"search_term_string\"}}],\"inLanguage\":\"de\"},{\"@type\":\"Organization\",\"@id\":\"https:\\\/\\\/alice.ch\\\/de\\\/#organization\",\"name\":\"SVEB Schweizerischer Verband f\u00fcr Weiterbildung\",\"url\":\"https:\\\/\\\/alice.ch\\\/de\\\/\",\"logo\":{\"@type\":\"ImageObject\",\"inLanguage\":\"de\",\"@id\":\"https:\\\/\\\/alice.ch\\\/de\\\/#\\\/schema\\\/logo\\\/image\\\/\",\"url\":\"https:\\\/\\\/alice.ch\\\/app\\\/uploads\\\/2022\\\/07\\\/logo-sveb.png\",\"contentUrl\":\"https:\\\/\\\/alice.ch\\\/app\\\/uploads\\\/2022\\\/07\\\/logo-sveb.png\",\"width\":145,\"height\":64,\"caption\":\"SVEB Schweizerischer Verband f\u00fcr Weiterbildung\"},\"image\":{\"@id\":\"https:\\\/\\\/alice.ch\\\/de\\\/#\\\/schema\\\/logo\\\/image\\\/\"},\"sameAs\":[\"https:\\\/\\\/www.linkedin.com\\\/company\\\/schweizerischer-verband-fr-weiterbildung-sveb\\\/\"]}]}<\/script>\n<!-- \/ Yoast SEO plugin. -->","yoast_head_json":{"title":"Gastgewerbe: Mindestlohnregulierung, zahlbarer Wohnraum und F\u00f6rderung der betrieblichen Weiterbildung sind gefragt\u00a0 - SVEB","robots":{"index":"index","follow":"follow","max-snippet":"max-snippet:-1","max-image-preview":"max-image-preview:large","max-video-preview":"max-video-preview:-1"},"canonical":"https:\/\/alice.ch\/de\/news\/gastgewerbe-mindestlohnregulierung-zahlbarer-wohnraum-und-foerderung-der-betrieblichen-weiterbildung-sind-gefragt\/","og_locale":"de_DE","og_type":"article","og_title":"Gastgewerbe: Mindestlohnregulierung, zahlbarer Wohnraum und F\u00f6rderung der betrieblichen Weiterbildung sind gefragt\u00a0 - SVEB","og_description":"Ein Forschungsprojekt hat mit einer Befragung untersucht, wie Arbeitsmigrantinnen und -migranten im Gastgewerbe ihre Situation wahrnehmen \u2013 und wie sie [&hellip;]","og_url":"https:\/\/alice.ch\/de\/news\/gastgewerbe-mindestlohnregulierung-zahlbarer-wohnraum-und-foerderung-der-betrieblichen-weiterbildung-sind-gefragt\/","og_site_name":"SVEB","article_modified_time":"2026-03-25T07:41:28+00:00","og_image":[{"width":1200,"height":627,"url":"https:\/\/alice.ch\/app\/uploads\/2026\/03\/ahmed-1kWsEpewlvU-unsplash1.jpg","type":"image\/jpeg"}],"twitter_card":"summary_large_image","twitter_misc":{"Gesch\u00e4tzte Lesezeit":"4\u00a0Minuten"},"schema":{"@context":"https:\/\/schema.org","@graph":[{"@type":"WebPage","@id":"https:\/\/alice.ch\/de\/news\/gastgewerbe-mindestlohnregulierung-zahlbarer-wohnraum-und-foerderung-der-betrieblichen-weiterbildung-sind-gefragt\/","url":"https:\/\/alice.ch\/de\/news\/gastgewerbe-mindestlohnregulierung-zahlbarer-wohnraum-und-foerderung-der-betrieblichen-weiterbildung-sind-gefragt\/","name":"Gastgewerbe: Mindestlohnregulierung, zahlbarer Wohnraum und F\u00f6rderung der betrieblichen Weiterbildung sind gefragt\u00a0 - SVEB","isPartOf":{"@id":"https:\/\/alice.ch\/de\/#website"},"primaryImageOfPage":{"@id":"https:\/\/alice.ch\/de\/news\/gastgewerbe-mindestlohnregulierung-zahlbarer-wohnraum-und-foerderung-der-betrieblichen-weiterbildung-sind-gefragt\/#primaryimage"},"image":{"@id":"https:\/\/alice.ch\/de\/news\/gastgewerbe-mindestlohnregulierung-zahlbarer-wohnraum-und-foerderung-der-betrieblichen-weiterbildung-sind-gefragt\/#primaryimage"},"thumbnailUrl":"https:\/\/alice.ch\/app\/uploads\/2026\/03\/ahmed-1kWsEpewlvU-unsplash1.jpg","datePublished":"2026-03-25T07:41:25+00:00","dateModified":"2026-03-25T07:41:28+00:00","breadcrumb":{"@id":"https:\/\/alice.ch\/de\/news\/gastgewerbe-mindestlohnregulierung-zahlbarer-wohnraum-und-foerderung-der-betrieblichen-weiterbildung-sind-gefragt\/#breadcrumb"},"inLanguage":"de","potentialAction":[{"@type":"ReadAction","target":["https:\/\/alice.ch\/de\/news\/gastgewerbe-mindestlohnregulierung-zahlbarer-wohnraum-und-foerderung-der-betrieblichen-weiterbildung-sind-gefragt\/"]}]},{"@type":"ImageObject","inLanguage":"de","@id":"https:\/\/alice.ch\/de\/news\/gastgewerbe-mindestlohnregulierung-zahlbarer-wohnraum-und-foerderung-der-betrieblichen-weiterbildung-sind-gefragt\/#primaryimage","url":"https:\/\/alice.ch\/app\/uploads\/2026\/03\/ahmed-1kWsEpewlvU-unsplash1.jpg","contentUrl":"https:\/\/alice.ch\/app\/uploads\/2026\/03\/ahmed-1kWsEpewlvU-unsplash1.jpg","width":1200,"height":627},{"@type":"BreadcrumbList","@id":"https:\/\/alice.ch\/de\/news\/gastgewerbe-mindestlohnregulierung-zahlbarer-wohnraum-und-foerderung-der-betrieblichen-weiterbildung-sind-gefragt\/#breadcrumb","itemListElement":[{"@type":"ListItem","position":1,"name":"Startseite","item":"https:\/\/alice.ch\/de\/"},{"@type":"ListItem","position":2,"name":"Gastgewerbe: Mindestlohnregulierung, zahlbarer Wohnraum und F\u00f6rderung der betrieblichen Weiterbildung sind gefragt\u00a0"}]},{"@type":"WebSite","@id":"https:\/\/alice.ch\/de\/#website","url":"https:\/\/alice.ch\/de\/","name":"alice.ch (Adult Learning Information Center) ist das Portal der Weiterbildung in der Schweiz.","description":"Schweizerischer Verband f\u00fcr Weiterbildung","publisher":{"@id":"https:\/\/alice.ch\/de\/#organization"},"potentialAction":[{"@type":"SearchAction","target":{"@type":"EntryPoint","urlTemplate":"https:\/\/alice.ch\/de\/?s={search_term_string}"},"query-input":{"@type":"PropertyValueSpecification","valueRequired":true,"valueName":"search_term_string"}}],"inLanguage":"de"},{"@type":"Organization","@id":"https:\/\/alice.ch\/de\/#organization","name":"SVEB Schweizerischer Verband f\u00fcr Weiterbildung","url":"https:\/\/alice.ch\/de\/","logo":{"@type":"ImageObject","inLanguage":"de","@id":"https:\/\/alice.ch\/de\/#\/schema\/logo\/image\/","url":"https:\/\/alice.ch\/app\/uploads\/2022\/07\/logo-sveb.png","contentUrl":"https:\/\/alice.ch\/app\/uploads\/2022\/07\/logo-sveb.png","width":145,"height":64,"caption":"SVEB Schweizerischer Verband f\u00fcr Weiterbildung"},"image":{"@id":"https:\/\/alice.ch\/de\/#\/schema\/logo\/image\/"},"sameAs":["https:\/\/www.linkedin.com\/company\/schweizerischer-verband-fr-weiterbildung-sveb\/"]}]}},"_links":{"self":[{"href":"https:\/\/alice.ch\/de\/wp-json\/wp\/v2\/news\/74576","targetHints":{"allow":["GET"]}}],"collection":[{"href":"https:\/\/alice.ch\/de\/wp-json\/wp\/v2\/news"}],"about":[{"href":"https:\/\/alice.ch\/de\/wp-json\/wp\/v2\/types\/news"}],"author":[{"embeddable":true,"href":"https:\/\/alice.ch\/de\/wp-json\/wp\/v2\/users\/27"}],"version-history":[{"count":2,"href":"https:\/\/alice.ch\/de\/wp-json\/wp\/v2\/news\/74576\/revisions"}],"predecessor-version":[{"id":74587,"href":"https:\/\/alice.ch\/de\/wp-json\/wp\/v2\/news\/74576\/revisions\/74587"}],"wp:featuredmedia":[{"embeddable":true,"href":"https:\/\/alice.ch\/de\/wp-json\/wp\/v2\/media\/74577"}],"wp:attachment":[{"href":"https:\/\/alice.ch\/de\/wp-json\/wp\/v2\/media?parent=74576"}],"wp:term":[{"taxonomy":"news-category","embeddable":true,"href":"https:\/\/alice.ch\/de\/wp-json\/wp\/v2\/news-category?post=74576"},{"taxonomy":"global-category","embeddable":true,"href":"https:\/\/alice.ch\/de\/wp-json\/wp\/v2\/global-category?post=74576"}],"curies":[{"name":"wp","href":"https:\/\/api.w.org\/{rel}","templated":true}]}}