{"id":74939,"date":"2026-04-20T09:14:23","date_gmt":"2026-04-20T07:14:23","guid":{"rendered":"https:\/\/alice.ch\/?post_type=news&#038;p=74939"},"modified":"2026-04-27T08:37:21","modified_gmt":"2026-04-27T06:37:21","slug":"nachhaltigkeit-in-der-erwachsenenbildung-kaum-systematisch-eingebettet","status":"publish","type":"news","link":"https:\/\/alice.ch\/de\/news\/nachhaltigkeit-in-der-erwachsenenbildung-kaum-systematisch-eingebettet\/","title":{"rendered":"Nachhaltigkeit in der Erwachsenenbildung kaum systematisch eingebettet"},"content":{"rendered":"\n<p class=\"is-style-lead\">Eine Studie des \u00f6sterreichischen Instituts f\u00fcr Erwachsenenbildung hat untersucht, wie die Erwachsenenbildung mit dem Thema Nachhaltigkeit umgeht. Dabei wird das Thema meist projektbezogen oder anlassorientiert behandelt, ohne Einbindung in Leitbilder, Programme und Strukturen. F\u00fcr die Zukunft wollen viele Einrichtungen Nachhaltigkeit als Querschnittsthema verankern. <\/p>\n\n\n\n<p>Nachhaltige Entwicklung erfordert nicht nur technologische und wirtschaftliche L\u00f6sungen oder einzelne Verhaltens\u00e4nderungen, sondern einen umfassenden Lern- und Ver\u00e4nderungsprozess auf individueller, institutioneller und gesellschaftlicher Ebene. So weit die Pr\u00e4misse der Studie des \u00f6sterreichischen Instituts f\u00fcr Erwachsenenbildung unter dem Titel <a href=\"https:\/\/www.oieb.at\/2026\/03\/16\/next-level-sustainability-nachhaltigkeit-als-thema-und-aufgabe-der-erwachsenenbildung\/\" target=\"_blank\" rel=\"noreferrer noopener\">\u00abNext Level Sustainability? Nachhaltigkeit als Thema und Aufgabe der Erwachsenenbildung\u00bb<\/a>. Die Studie \u00absystematisiert Konzepte und Instrumente, dokumentiert Praxis und Konfliktlinien, benennt institutionelle Aufgaben und skizziert Wege, wie die Erwachsenenbildung in \u00d6sterreich ihre Potenziale f\u00fcr eine lebenswerte, gerechte und zukunftsf\u00e4hige Gesellschaft noch besser aussch\u00f6pfen kann\u00bb.<\/p>\n\n\n\n<p>Erwachsenenbildung nehme in der nachhaltigen Entwicklung eine Schl\u00fcsselrolle ein, weil sie auch jene Zielgruppen erreiche, die in Politik, Wirtschaft und Zivilgesellschaft Entscheidungen treffen und damit die materiellen und normativen Rahmenbedingungen unseres Zusammenlebens wesentlich pr\u00e4gen.<\/p>\n\n\n\n<h2 class=\"wp-block-heading\">Kaum systematisch oder strategisch eingebunden<\/h2>\n\n\n\n<p>Die Ergebnisse einer Online-Befragung unter Mitarbeitenden von zwei Verb\u00e4nden allgemeiner Erwachsenenbildung zeigen, dass Nachhaltigkeit in der Erwachsenenbildung grunds\u00e4tzlich als relevantes Thema anerkannt, jedoch sehr unterschiedlich verankert ist. In vielen Einrichtungen fehlt eine systematische und strategische Einbindung in Leitbilder, Programme und Strukturen, sodass Nachhaltigkeit h\u00e4ufig projektbezogen oder anlassorientiert behandelt wird. Zudem berichten einige Akteurinnen und Akteure von nachlassendem Interesse, Schwierigkeiten bei der Ansprache neuer Zielgruppen und einer gewissen Erm\u00fcdung durch die inflation\u00e4re Verwendung des Begriffs Nachhaltigkeit.<\/p>\n\n\n\n<p>\u00abBesonders wirksam wird nachhaltige Erwachsenenbildung dort eingesch\u00e4tzt, wo sie praxisorientiert, lebensweltbezogen und dialogisch gestaltet ist und Nachhaltigkeit glaubw\u00fcrdig vorlebt, etwa durch eine klimafreundliche Organisation von Veranstaltungen\u00bb, heisst es in der Studie. Rein theoretische oder belehrende Angebote stossen hingegen oft auf geringe Resonanz. F\u00fcr die Zukunft planen viele Einrichtungen, Nachhaltigkeit st\u00e4rker als Querschnittsthema zu verankern, neue kooperative und innovative Lernformate zu entwickeln und soziale Aspekte wie Klimagerechtigkeit und regionale Resilienz st\u00e4rker zu ber\u00fccksichtigen.<\/p>\n\n\n\n<h2 class=\"wp-block-heading\">Wichtiger Beitrag zur Nachhaltigkeit<\/h2>\n\n\n\n<p>Auf organisationaler Ebene spielt der Whole Institution Approach (WIA), der Nachhaltigkeit als Aufgabe der gesamten Institution begreift, zunehmend eine Rolle. Er geht davon aus, dass Bildung f\u00fcr nachhaltige Entwicklung besonders wirksam ist, wenn Lernen und institutionelles Handeln miteinander verbunden werden. Entsprechen wirken Bildungseinrichtungen dann glaubw\u00fcrdig, wenn sie Nachhaltigkeit nicht nur lehren, sondern selbst leben. Transparenz, Partizipation und Handlungsorientierung st\u00e4rken zudem die Motivation aller Beteiligten und erh\u00f6hen die \u00dcberzeugungskraft nachhaltiger Bildungsarbeit.<\/p>\n\n\n\n<p>Insgesamt zeigt sich, dass Erwachsenenbildung kein Allheilmittel ist, aber einen wichtigen Beitrag zur Bewusstseinsbildung, zur F\u00f6rderung nachhaltigen Handelns im Alltag und zur Unterst\u00fctzung langfristiger gesellschaftlicher Transformationsprozesse leisten kann.<\/p>\n\n\n\n<h2 class=\"wp-block-heading\">Weitere Informationen<\/h2>\n\n\n\n<div class=\"wp-block-buttons is-layout-flex wp-block-buttons-is-layout-flex\">\n<div class=\"wp-block-button has-custom-width wp-block-button__width-100 is-style-minimal\"><a class=\"wp-block-button__link wp-element-button\" href=\"https:\/\/www.oieb.at\/2026\/03\/16\/next-level-sustainability-nachhaltigkeit-als-thema-und-aufgabe-der-erwachsenenbildung\/\" target=\"_blank\" rel=\"noreferrer noopener\">zur Studie<\/a><\/div>\n<\/div>\n","protected":false},"excerpt":{"rendered":"<p>Eine Studie des \u00f6sterreichischen Instituts f\u00fcr Erwachsenenbildung hat untersucht, wie die Erwachsenenbildung mit dem Thema Nachhaltigkeit umgeht. Dabei wird das [&hellip;]<\/p>\n","protected":false},"author":27,"featured_media":74941,"template":"","meta":{"_acf_changed":false,"inline_featured_image":false,"footnotes":""},"news-category":[341],"global-category":[369],"class_list":["post-74939","news","type-news","status-publish","has-post-thumbnail","hentry","news-category-nachhaltigkeit","global-category-nachhaltigkeit-in-der-weiterbildung"],"acf":[],"yoast_head":"<!-- This site is optimized with the Yoast SEO plugin v27.3 - https:\/\/yoast.com\/product\/yoast-seo-wordpress\/ -->\n<title>Nachhaltigkeit in der Erwachsenenbildung kaum systematisch eingebettet - SVEB<\/title>\n<meta name=\"robots\" content=\"index, follow, max-snippet:-1, max-image-preview:large, max-video-preview:-1\" \/>\n<link rel=\"canonical\" href=\"https:\/\/alice.ch\/de\/news\/nachhaltigkeit-in-der-erwachsenenbildung-kaum-systematisch-eingebettet\/\" \/>\n<meta property=\"og:locale\" content=\"de_DE\" \/>\n<meta property=\"og:type\" content=\"article\" \/>\n<meta property=\"og:title\" content=\"Nachhaltigkeit in der Erwachsenenbildung kaum systematisch eingebettet - SVEB\" \/>\n<meta property=\"og:description\" content=\"Eine Studie des \u00f6sterreichischen Instituts f\u00fcr Erwachsenenbildung hat untersucht, wie die Erwachsenenbildung mit dem Thema Nachhaltigkeit umgeht. Dabei wird das [&hellip;]\" \/>\n<meta property=\"og:url\" content=\"https:\/\/alice.ch\/de\/news\/nachhaltigkeit-in-der-erwachsenenbildung-kaum-systematisch-eingebettet\/\" \/>\n<meta property=\"og:site_name\" content=\"SVEB\" \/>\n<meta property=\"article:modified_time\" content=\"2026-04-27T06:37:21+00:00\" \/>\n<meta property=\"og:image\" content=\"https:\/\/alice.ch\/app\/uploads\/2026\/04\/curated-lifestyle-hNZMpA0g6l8-unsplash1.jpg\" \/>\n\t<meta property=\"og:image:width\" content=\"1200\" \/>\n\t<meta property=\"og:image:height\" content=\"627\" \/>\n\t<meta property=\"og:image:type\" content=\"image\/jpeg\" \/>\n<meta name=\"twitter:card\" content=\"summary_large_image\" \/>\n<meta name=\"twitter:label1\" content=\"Gesch\u00e4tzte Lesezeit\" \/>\n\t<meta name=\"twitter:data1\" content=\"2\u00a0Minuten\" \/>\n<script type=\"application\/ld+json\" class=\"yoast-schema-graph\">{\"@context\":\"https:\\\/\\\/schema.org\",\"@graph\":[{\"@type\":\"WebPage\",\"@id\":\"https:\\\/\\\/alice.ch\\\/de\\\/news\\\/nachhaltigkeit-in-der-erwachsenenbildung-kaum-systematisch-eingebettet\\\/\",\"url\":\"https:\\\/\\\/alice.ch\\\/de\\\/news\\\/nachhaltigkeit-in-der-erwachsenenbildung-kaum-systematisch-eingebettet\\\/\",\"name\":\"Nachhaltigkeit in der Erwachsenenbildung kaum systematisch eingebettet - SVEB\",\"isPartOf\":{\"@id\":\"https:\\\/\\\/alice.ch\\\/de\\\/#website\"},\"primaryImageOfPage\":{\"@id\":\"https:\\\/\\\/alice.ch\\\/de\\\/news\\\/nachhaltigkeit-in-der-erwachsenenbildung-kaum-systematisch-eingebettet\\\/#primaryimage\"},\"image\":{\"@id\":\"https:\\\/\\\/alice.ch\\\/de\\\/news\\\/nachhaltigkeit-in-der-erwachsenenbildung-kaum-systematisch-eingebettet\\\/#primaryimage\"},\"thumbnailUrl\":\"https:\\\/\\\/alice.ch\\\/app\\\/uploads\\\/2026\\\/04\\\/curated-lifestyle-hNZMpA0g6l8-unsplash1.jpg\",\"datePublished\":\"2026-04-20T07:14:23+00:00\",\"dateModified\":\"2026-04-27T06:37:21+00:00\",\"breadcrumb\":{\"@id\":\"https:\\\/\\\/alice.ch\\\/de\\\/news\\\/nachhaltigkeit-in-der-erwachsenenbildung-kaum-systematisch-eingebettet\\\/#breadcrumb\"},\"inLanguage\":\"de\",\"potentialAction\":[{\"@type\":\"ReadAction\",\"target\":[\"https:\\\/\\\/alice.ch\\\/de\\\/news\\\/nachhaltigkeit-in-der-erwachsenenbildung-kaum-systematisch-eingebettet\\\/\"]}]},{\"@type\":\"ImageObject\",\"inLanguage\":\"de\",\"@id\":\"https:\\\/\\\/alice.ch\\\/de\\\/news\\\/nachhaltigkeit-in-der-erwachsenenbildung-kaum-systematisch-eingebettet\\\/#primaryimage\",\"url\":\"https:\\\/\\\/alice.ch\\\/app\\\/uploads\\\/2026\\\/04\\\/curated-lifestyle-hNZMpA0g6l8-unsplash1.jpg\",\"contentUrl\":\"https:\\\/\\\/alice.ch\\\/app\\\/uploads\\\/2026\\\/04\\\/curated-lifestyle-hNZMpA0g6l8-unsplash1.jpg\",\"width\":1200,\"height\":627},{\"@type\":\"BreadcrumbList\",\"@id\":\"https:\\\/\\\/alice.ch\\\/de\\\/news\\\/nachhaltigkeit-in-der-erwachsenenbildung-kaum-systematisch-eingebettet\\\/#breadcrumb\",\"itemListElement\":[{\"@type\":\"ListItem\",\"position\":1,\"name\":\"Startseite\",\"item\":\"https:\\\/\\\/alice.ch\\\/de\\\/\"},{\"@type\":\"ListItem\",\"position\":2,\"name\":\"Nachhaltigkeit in der Erwachsenenbildung kaum systematisch eingebettet\"}]},{\"@type\":\"WebSite\",\"@id\":\"https:\\\/\\\/alice.ch\\\/de\\\/#website\",\"url\":\"https:\\\/\\\/alice.ch\\\/de\\\/\",\"name\":\"alice.ch (Adult Learning Information Center) ist das Portal der Weiterbildung in der Schweiz.\",\"description\":\"Schweizerischer Verband f\u00fcr Weiterbildung\",\"publisher\":{\"@id\":\"https:\\\/\\\/alice.ch\\\/de\\\/#organization\"},\"potentialAction\":[{\"@type\":\"SearchAction\",\"target\":{\"@type\":\"EntryPoint\",\"urlTemplate\":\"https:\\\/\\\/alice.ch\\\/de\\\/?s={search_term_string}\"},\"query-input\":{\"@type\":\"PropertyValueSpecification\",\"valueRequired\":true,\"valueName\":\"search_term_string\"}}],\"inLanguage\":\"de\"},{\"@type\":\"Organization\",\"@id\":\"https:\\\/\\\/alice.ch\\\/de\\\/#organization\",\"name\":\"SVEB Schweizerischer Verband f\u00fcr Weiterbildung\",\"url\":\"https:\\\/\\\/alice.ch\\\/de\\\/\",\"logo\":{\"@type\":\"ImageObject\",\"inLanguage\":\"de\",\"@id\":\"https:\\\/\\\/alice.ch\\\/de\\\/#\\\/schema\\\/logo\\\/image\\\/\",\"url\":\"https:\\\/\\\/alice.ch\\\/app\\\/uploads\\\/2022\\\/07\\\/logo-sveb.png\",\"contentUrl\":\"https:\\\/\\\/alice.ch\\\/app\\\/uploads\\\/2022\\\/07\\\/logo-sveb.png\",\"width\":145,\"height\":64,\"caption\":\"SVEB Schweizerischer Verband f\u00fcr Weiterbildung\"},\"image\":{\"@id\":\"https:\\\/\\\/alice.ch\\\/de\\\/#\\\/schema\\\/logo\\\/image\\\/\"},\"sameAs\":[\"https:\\\/\\\/www.linkedin.com\\\/company\\\/schweizerischer-verband-fr-weiterbildung-sveb\\\/\"]}]}<\/script>\n<!-- \/ Yoast SEO plugin. -->","yoast_head_json":{"title":"Nachhaltigkeit in der Erwachsenenbildung kaum systematisch eingebettet - SVEB","robots":{"index":"index","follow":"follow","max-snippet":"max-snippet:-1","max-image-preview":"max-image-preview:large","max-video-preview":"max-video-preview:-1"},"canonical":"https:\/\/alice.ch\/de\/news\/nachhaltigkeit-in-der-erwachsenenbildung-kaum-systematisch-eingebettet\/","og_locale":"de_DE","og_type":"article","og_title":"Nachhaltigkeit in der Erwachsenenbildung kaum systematisch eingebettet - SVEB","og_description":"Eine Studie des \u00f6sterreichischen Instituts f\u00fcr Erwachsenenbildung hat untersucht, wie die Erwachsenenbildung mit dem Thema Nachhaltigkeit umgeht. Dabei wird das [&hellip;]","og_url":"https:\/\/alice.ch\/de\/news\/nachhaltigkeit-in-der-erwachsenenbildung-kaum-systematisch-eingebettet\/","og_site_name":"SVEB","article_modified_time":"2026-04-27T06:37:21+00:00","og_image":[{"width":1200,"height":627,"url":"https:\/\/alice.ch\/app\/uploads\/2026\/04\/curated-lifestyle-hNZMpA0g6l8-unsplash1.jpg","type":"image\/jpeg"}],"twitter_card":"summary_large_image","twitter_misc":{"Gesch\u00e4tzte Lesezeit":"2\u00a0Minuten"},"schema":{"@context":"https:\/\/schema.org","@graph":[{"@type":"WebPage","@id":"https:\/\/alice.ch\/de\/news\/nachhaltigkeit-in-der-erwachsenenbildung-kaum-systematisch-eingebettet\/","url":"https:\/\/alice.ch\/de\/news\/nachhaltigkeit-in-der-erwachsenenbildung-kaum-systematisch-eingebettet\/","name":"Nachhaltigkeit in der Erwachsenenbildung kaum systematisch eingebettet - SVEB","isPartOf":{"@id":"https:\/\/alice.ch\/de\/#website"},"primaryImageOfPage":{"@id":"https:\/\/alice.ch\/de\/news\/nachhaltigkeit-in-der-erwachsenenbildung-kaum-systematisch-eingebettet\/#primaryimage"},"image":{"@id":"https:\/\/alice.ch\/de\/news\/nachhaltigkeit-in-der-erwachsenenbildung-kaum-systematisch-eingebettet\/#primaryimage"},"thumbnailUrl":"https:\/\/alice.ch\/app\/uploads\/2026\/04\/curated-lifestyle-hNZMpA0g6l8-unsplash1.jpg","datePublished":"2026-04-20T07:14:23+00:00","dateModified":"2026-04-27T06:37:21+00:00","breadcrumb":{"@id":"https:\/\/alice.ch\/de\/news\/nachhaltigkeit-in-der-erwachsenenbildung-kaum-systematisch-eingebettet\/#breadcrumb"},"inLanguage":"de","potentialAction":[{"@type":"ReadAction","target":["https:\/\/alice.ch\/de\/news\/nachhaltigkeit-in-der-erwachsenenbildung-kaum-systematisch-eingebettet\/"]}]},{"@type":"ImageObject","inLanguage":"de","@id":"https:\/\/alice.ch\/de\/news\/nachhaltigkeit-in-der-erwachsenenbildung-kaum-systematisch-eingebettet\/#primaryimage","url":"https:\/\/alice.ch\/app\/uploads\/2026\/04\/curated-lifestyle-hNZMpA0g6l8-unsplash1.jpg","contentUrl":"https:\/\/alice.ch\/app\/uploads\/2026\/04\/curated-lifestyle-hNZMpA0g6l8-unsplash1.jpg","width":1200,"height":627},{"@type":"BreadcrumbList","@id":"https:\/\/alice.ch\/de\/news\/nachhaltigkeit-in-der-erwachsenenbildung-kaum-systematisch-eingebettet\/#breadcrumb","itemListElement":[{"@type":"ListItem","position":1,"name":"Startseite","item":"https:\/\/alice.ch\/de\/"},{"@type":"ListItem","position":2,"name":"Nachhaltigkeit in der Erwachsenenbildung kaum systematisch eingebettet"}]},{"@type":"WebSite","@id":"https:\/\/alice.ch\/de\/#website","url":"https:\/\/alice.ch\/de\/","name":"alice.ch (Adult Learning Information Center) ist das Portal der Weiterbildung in der Schweiz.","description":"Schweizerischer Verband f\u00fcr Weiterbildung","publisher":{"@id":"https:\/\/alice.ch\/de\/#organization"},"potentialAction":[{"@type":"SearchAction","target":{"@type":"EntryPoint","urlTemplate":"https:\/\/alice.ch\/de\/?s={search_term_string}"},"query-input":{"@type":"PropertyValueSpecification","valueRequired":true,"valueName":"search_term_string"}}],"inLanguage":"de"},{"@type":"Organization","@id":"https:\/\/alice.ch\/de\/#organization","name":"SVEB Schweizerischer Verband f\u00fcr Weiterbildung","url":"https:\/\/alice.ch\/de\/","logo":{"@type":"ImageObject","inLanguage":"de","@id":"https:\/\/alice.ch\/de\/#\/schema\/logo\/image\/","url":"https:\/\/alice.ch\/app\/uploads\/2022\/07\/logo-sveb.png","contentUrl":"https:\/\/alice.ch\/app\/uploads\/2022\/07\/logo-sveb.png","width":145,"height":64,"caption":"SVEB Schweizerischer Verband f\u00fcr Weiterbildung"},"image":{"@id":"https:\/\/alice.ch\/de\/#\/schema\/logo\/image\/"},"sameAs":["https:\/\/www.linkedin.com\/company\/schweizerischer-verband-fr-weiterbildung-sveb\/"]}]}},"_links":{"self":[{"href":"https:\/\/alice.ch\/de\/wp-json\/wp\/v2\/news\/74939","targetHints":{"allow":["GET"]}}],"collection":[{"href":"https:\/\/alice.ch\/de\/wp-json\/wp\/v2\/news"}],"about":[{"href":"https:\/\/alice.ch\/de\/wp-json\/wp\/v2\/types\/news"}],"author":[{"embeddable":true,"href":"https:\/\/alice.ch\/de\/wp-json\/wp\/v2\/users\/27"}],"version-history":[{"count":3,"href":"https:\/\/alice.ch\/de\/wp-json\/wp\/v2\/news\/74939\/revisions"}],"predecessor-version":[{"id":74970,"href":"https:\/\/alice.ch\/de\/wp-json\/wp\/v2\/news\/74939\/revisions\/74970"}],"wp:featuredmedia":[{"embeddable":true,"href":"https:\/\/alice.ch\/de\/wp-json\/wp\/v2\/media\/74941"}],"wp:attachment":[{"href":"https:\/\/alice.ch\/de\/wp-json\/wp\/v2\/media?parent=74939"}],"wp:term":[{"taxonomy":"news-category","embeddable":true,"href":"https:\/\/alice.ch\/de\/wp-json\/wp\/v2\/news-category?post=74939"},{"taxonomy":"global-category","embeddable":true,"href":"https:\/\/alice.ch\/de\/wp-json\/wp\/v2\/global-category?post=74939"}],"curies":[{"name":"wp","href":"https:\/\/api.w.org\/{rel}","templated":true}]}}