{"id":75140,"date":"2026-04-27T09:02:26","date_gmt":"2026-04-27T07:02:26","guid":{"rendered":"https:\/\/alice.ch\/?post_type=news&#038;p=75140"},"modified":"2026-04-27T09:03:19","modified_gmt":"2026-04-27T07:03:19","slug":"warum-die-schweiz-sich-erasmus-anschliessen-sollte","status":"publish","type":"news","link":"https:\/\/alice.ch\/de\/news\/warum-die-schweiz-sich-erasmus-anschliessen-sollte\/","title":{"rendered":"Warum sich die Schweiz Erasmus+ anschliessen sollte"},"content":{"rendered":"\n<p class=\"is-style-lead\">Im Herbst entscheidet das Parlament \u00fcber die Finanzierung der Assoziierung der Schweiz an das EU-Programm Erasmus+. Daf\u00fcr muss ein Zusatzkredit von 130 Millionen Franken gesprochen werden. Der SVEB ist \u00fcberzeugt: Diese Investition lohnt sich.<\/p>\n\n\n\n<p>Im November 2024 traf der Bundesrat einen Grundsatzentscheid und legte damit den Grundstein f\u00fcr die Assoziierung der Schweiz an das EU-Programm Erasmus+ per 2027. Das bedeutet: N\u00e4chstes Jahr kann die Schweiz dem europ\u00e4ischen Bildungsprogramm Erasmus+ beitreten.&nbsp;<\/p>\n\n\n\n<p>Erasmus+ ist das umfangreichste Bildungsprogramm zur F\u00f6rderung der Mobilit\u00e4t und Kooperation in Europa und dar\u00fcber hinaus. \u00dcber 30 L\u00e4nder sind beteiligt. Es verf\u00fcgt \u00fcber ein Budget von 26,2 Milliarden Euro.<\/p>\n\n\n\n<p>Im Herbst 2026 wird nun das Parlament die Finanzierung der Schweizer Beteiligung diskutieren. Ben\u00f6tigt ist ein Zusatzkredit von 130 Millionen Franken.<\/p>\n\n\n\n<h2 class=\"wp-block-heading\">Assoziierung birgt viel Potenzial<\/h2>\n\n\n\n<p>Mit der aktuellen Praxis k\u00f6nnen sich Schweizer Organisationen lediglich als \u00abstiller Partner\u00bb an Kooperationsprojekten beteiligen, sprich: an praxisorientierten Entwicklungsprojekten, in denen gemeinsam mit Projektpartnern in Europa nach L\u00f6sungsans\u00e4tzen f\u00fcr Herausforderungen in der Weiterbildung gesucht werden. Auch Mobilit\u00e4ten sind m\u00f6glich: Personen, die in der Weiterbildung t\u00e4tig sind, etwa Ausbildende oder Programmentwickler in Weiterbildungsorganisationen, k\u00f6nnen Angebote oder Austauschm\u00f6glichkeiten im Ausland nutzen.<\/p>\n\n\n\n<p>Bei einer Assoziierung kommt zus\u00e4tzlich die M\u00f6glichkeit hinzu, selbst Innovations- und Pilotprojekten zu entwickeln. Diese k\u00f6nnten so an die Bed\u00fcrfnisse der Schweiz angepasst werden. Durch eine Assoziierung h\u00e4tten Schweizer Weiterbildungsinstitutionen und -Organisationen zudem uneingeschr\u00e4nkten Zugang zu Angeboten, Tools, Netzwerken und F\u00f6rderm\u00f6glichkeiten von Erasmus+. Die Schweiz k\u00f6nnte so an thematischen Plattformen und Netzwerken mitarbeiten und in europ\u00e4ischen Arbeitsgruppen mitwirken. Schweizer Anbieter k\u00f6nnten sich direkt an europ\u00e4ischen Ausschreibungen beteiligen, Konsortien beitreten und w\u00e4ren f\u00fcr ausl\u00e4ndische Organisationen ein attraktiver Partner.<\/p>\n\n\n\n<h2 class=\"wp-block-heading\">Einfluss auf Wettbewerbsf\u00e4higkeit der Schweiz <\/h2>\n\n\n\n<p>Aus Sicht des SVEB w\u00e4re eine Assoziierung darum sehr w\u00fcnschenswert. Denn die internationale Zusammenarbeit und der damit einhergehende Know-How-Transfer aus Europa w\u00fcrde die Weiterbildung in der Schweiz effizienter und effektiver machen. So wiederum bringen Investitionen, die in der Schweiz Weiterbildung get\u00e4tigt werden, einen h\u00f6heren Return on Investment \u2013 was einen direkten positiven Effekt auf die Wettbewerbsf\u00e4higkeit der Schweiz hat.<\/p>\n\n\n\n<p>\u00abErasmus+ ist f\u00fcr die Schweiz der einzige strukturierte Zugang zur europ\u00e4ischen Zusammenarbeit im Bereich der Weiterbildung \u2013 und damit alternativlos\u00bb, sagt SVEB-Direktor Bernhard Gr\u00e4miger.<\/p>\n\n\n\n<p>\u00abDas Programm erm\u00f6glicht es der Weiterbildung in der Schweiz, sich dort, wo sie im internationalen Vergleich bereits gut ist, gezielt weiterzuentwickeln. Und dort, wo sie noch Entwicklungsbedarf hat, besser zu werden.\u00bb<\/p>\n\n\n\n<h2 class=\"wp-block-heading\">\u00abDeutlicher Mehrwert\u00bb<\/h2>\n\n\n\n<p>Gr\u00e4miger nennt als Beispiel f\u00fcr Themen, bei denen die Schweiz aktuell noch sehr viel von den Partnern in der EU lernen kann, die Anerkennung von Lernleistungen mit sogenannten Micro Credentials sowie den Bereich der Digitalisierung der Lernsettings.<\/p>\n\n\n\n<p>Die Assoziierung an Erasmus+ er\u00f6ffne die M\u00f6glichkeit, die Zusammenarbeit mit Europa zu vertiefen und auszuweiten. \u00abIm Vergleich zur aktuellen Schweizer L\u00f6sung bietet sie einen deutlichen Mehrwert. Sie ist deshalb aus unserer Sicht eine sehr grosse Chance f\u00fcr die Schweiz, die wir nutzen sollten.\u00bb<\/p>\n\n\n\n<p>Der SVEB fordert entsprechend das Parlament auf, sich f\u00fcr die Assoziierung auszusprechen.<\/p>\n\n\n\n<h2 class=\"wp-block-heading\">Weitere Informationen<\/h2>\n\n\n\n<div class=\"wp-block-buttons is-layout-flex wp-block-buttons-is-layout-flex\">\n<div class=\"wp-block-button has-custom-width wp-block-button__width-100 is-style-minimal\"><a class=\"wp-block-button__link wp-element-button\" href=\"https:\/\/alice.ch\/de\/news\/bundesrat-heisst-eu-programmabkommen-gut-erasmus-ab-2027-moeglich\/\">Bundesrat heisst EU-Programmabkommen gut \u2013 Erasmus+ ab 2027 m\u00f6glich<br><\/a><\/div>\n<\/div>\n","protected":false},"excerpt":{"rendered":"<p>Im Herbst entscheidet das Parlament \u00fcber die Finanzierung der Assoziierung der Schweiz an das EU-Programm Erasmus+. Daf\u00fcr muss ein Zusatzkredit [&hellip;]<\/p>\n","protected":false},"author":27,"featured_media":75141,"template":"","meta":{"_acf_changed":false,"inline_featured_image":false,"footnotes":""},"news-category":[27],"global-category":[],"class_list":["post-75140","news","type-news","status-publish","has-post-thumbnail","hentry","news-category-international"],"acf":[],"yoast_head":"<!-- This site is optimized with the Yoast SEO plugin v27.3 - https:\/\/yoast.com\/product\/yoast-seo-wordpress\/ -->\n<title>Warum sich die Schweiz Erasmus+ anschliessen sollte - SVEB<\/title>\n<meta name=\"robots\" content=\"index, follow, max-snippet:-1, max-image-preview:large, max-video-preview:-1\" \/>\n<link rel=\"canonical\" href=\"https:\/\/alice.ch\/de\/news\/warum-die-schweiz-sich-erasmus-anschliessen-sollte\/\" \/>\n<meta property=\"og:locale\" content=\"de_DE\" \/>\n<meta property=\"og:type\" content=\"article\" \/>\n<meta property=\"og:title\" content=\"Warum sich die Schweiz Erasmus+ anschliessen sollte - SVEB\" \/>\n<meta property=\"og:description\" content=\"Im Herbst entscheidet das Parlament \u00fcber die Finanzierung der Assoziierung der Schweiz an das EU-Programm Erasmus+. Daf\u00fcr muss ein Zusatzkredit [&hellip;]\" \/>\n<meta property=\"og:url\" content=\"https:\/\/alice.ch\/de\/news\/warum-die-schweiz-sich-erasmus-anschliessen-sollte\/\" \/>\n<meta property=\"og:site_name\" content=\"SVEB\" \/>\n<meta property=\"article:modified_time\" content=\"2026-04-27T07:03:19+00:00\" \/>\n<meta property=\"og:image\" content=\"https:\/\/alice.ch\/app\/uploads\/2026\/04\/antoine-schibler-KF3Ty-K6NVA-unsplash1.jpg\" \/>\n\t<meta property=\"og:image:width\" content=\"1200\" \/>\n\t<meta property=\"og:image:height\" content=\"627\" \/>\n\t<meta property=\"og:image:type\" content=\"image\/jpeg\" \/>\n<meta name=\"twitter:card\" content=\"summary_large_image\" \/>\n<meta name=\"twitter:label1\" content=\"Gesch\u00e4tzte Lesezeit\" \/>\n\t<meta name=\"twitter:data1\" content=\"3\u00a0Minuten\" \/>\n<script type=\"application\/ld+json\" class=\"yoast-schema-graph\">{\"@context\":\"https:\\\/\\\/schema.org\",\"@graph\":[{\"@type\":\"WebPage\",\"@id\":\"https:\\\/\\\/alice.ch\\\/de\\\/news\\\/warum-die-schweiz-sich-erasmus-anschliessen-sollte\\\/\",\"url\":\"https:\\\/\\\/alice.ch\\\/de\\\/news\\\/warum-die-schweiz-sich-erasmus-anschliessen-sollte\\\/\",\"name\":\"Warum sich die Schweiz Erasmus+ anschliessen sollte - SVEB\",\"isPartOf\":{\"@id\":\"https:\\\/\\\/alice.ch\\\/de\\\/#website\"},\"primaryImageOfPage\":{\"@id\":\"https:\\\/\\\/alice.ch\\\/de\\\/news\\\/warum-die-schweiz-sich-erasmus-anschliessen-sollte\\\/#primaryimage\"},\"image\":{\"@id\":\"https:\\\/\\\/alice.ch\\\/de\\\/news\\\/warum-die-schweiz-sich-erasmus-anschliessen-sollte\\\/#primaryimage\"},\"thumbnailUrl\":\"https:\\\/\\\/alice.ch\\\/app\\\/uploads\\\/2026\\\/04\\\/antoine-schibler-KF3Ty-K6NVA-unsplash1.jpg\",\"datePublished\":\"2026-04-27T07:02:26+00:00\",\"dateModified\":\"2026-04-27T07:03:19+00:00\",\"breadcrumb\":{\"@id\":\"https:\\\/\\\/alice.ch\\\/de\\\/news\\\/warum-die-schweiz-sich-erasmus-anschliessen-sollte\\\/#breadcrumb\"},\"inLanguage\":\"de\",\"potentialAction\":[{\"@type\":\"ReadAction\",\"target\":[\"https:\\\/\\\/alice.ch\\\/de\\\/news\\\/warum-die-schweiz-sich-erasmus-anschliessen-sollte\\\/\"]}]},{\"@type\":\"ImageObject\",\"inLanguage\":\"de\",\"@id\":\"https:\\\/\\\/alice.ch\\\/de\\\/news\\\/warum-die-schweiz-sich-erasmus-anschliessen-sollte\\\/#primaryimage\",\"url\":\"https:\\\/\\\/alice.ch\\\/app\\\/uploads\\\/2026\\\/04\\\/antoine-schibler-KF3Ty-K6NVA-unsplash1.jpg\",\"contentUrl\":\"https:\\\/\\\/alice.ch\\\/app\\\/uploads\\\/2026\\\/04\\\/antoine-schibler-KF3Ty-K6NVA-unsplash1.jpg\",\"width\":1200,\"height\":627},{\"@type\":\"BreadcrumbList\",\"@id\":\"https:\\\/\\\/alice.ch\\\/de\\\/news\\\/warum-die-schweiz-sich-erasmus-anschliessen-sollte\\\/#breadcrumb\",\"itemListElement\":[{\"@type\":\"ListItem\",\"position\":1,\"name\":\"Startseite\",\"item\":\"https:\\\/\\\/alice.ch\\\/de\\\/\"},{\"@type\":\"ListItem\",\"position\":2,\"name\":\"Warum sich die Schweiz Erasmus+ anschliessen sollte\"}]},{\"@type\":\"WebSite\",\"@id\":\"https:\\\/\\\/alice.ch\\\/de\\\/#website\",\"url\":\"https:\\\/\\\/alice.ch\\\/de\\\/\",\"name\":\"alice.ch (Adult Learning Information Center) ist das Portal der Weiterbildung in der Schweiz.\",\"description\":\"Schweizerischer Verband f\u00fcr Weiterbildung\",\"publisher\":{\"@id\":\"https:\\\/\\\/alice.ch\\\/de\\\/#organization\"},\"potentialAction\":[{\"@type\":\"SearchAction\",\"target\":{\"@type\":\"EntryPoint\",\"urlTemplate\":\"https:\\\/\\\/alice.ch\\\/de\\\/?s={search_term_string}\"},\"query-input\":{\"@type\":\"PropertyValueSpecification\",\"valueRequired\":true,\"valueName\":\"search_term_string\"}}],\"inLanguage\":\"de\"},{\"@type\":\"Organization\",\"@id\":\"https:\\\/\\\/alice.ch\\\/de\\\/#organization\",\"name\":\"SVEB Schweizerischer Verband f\u00fcr Weiterbildung\",\"url\":\"https:\\\/\\\/alice.ch\\\/de\\\/\",\"logo\":{\"@type\":\"ImageObject\",\"inLanguage\":\"de\",\"@id\":\"https:\\\/\\\/alice.ch\\\/de\\\/#\\\/schema\\\/logo\\\/image\\\/\",\"url\":\"https:\\\/\\\/alice.ch\\\/app\\\/uploads\\\/2022\\\/07\\\/logo-sveb.png\",\"contentUrl\":\"https:\\\/\\\/alice.ch\\\/app\\\/uploads\\\/2022\\\/07\\\/logo-sveb.png\",\"width\":145,\"height\":64,\"caption\":\"SVEB Schweizerischer Verband f\u00fcr Weiterbildung\"},\"image\":{\"@id\":\"https:\\\/\\\/alice.ch\\\/de\\\/#\\\/schema\\\/logo\\\/image\\\/\"},\"sameAs\":[\"https:\\\/\\\/www.linkedin.com\\\/company\\\/schweizerischer-verband-fr-weiterbildung-sveb\\\/\"]}]}<\/script>\n<!-- \/ Yoast SEO plugin. -->","yoast_head_json":{"title":"Warum sich die Schweiz Erasmus+ anschliessen sollte - SVEB","robots":{"index":"index","follow":"follow","max-snippet":"max-snippet:-1","max-image-preview":"max-image-preview:large","max-video-preview":"max-video-preview:-1"},"canonical":"https:\/\/alice.ch\/de\/news\/warum-die-schweiz-sich-erasmus-anschliessen-sollte\/","og_locale":"de_DE","og_type":"article","og_title":"Warum sich die Schweiz Erasmus+ anschliessen sollte - SVEB","og_description":"Im Herbst entscheidet das Parlament \u00fcber die Finanzierung der Assoziierung der Schweiz an das EU-Programm Erasmus+. Daf\u00fcr muss ein Zusatzkredit [&hellip;]","og_url":"https:\/\/alice.ch\/de\/news\/warum-die-schweiz-sich-erasmus-anschliessen-sollte\/","og_site_name":"SVEB","article_modified_time":"2026-04-27T07:03:19+00:00","og_image":[{"width":1200,"height":627,"url":"https:\/\/alice.ch\/app\/uploads\/2026\/04\/antoine-schibler-KF3Ty-K6NVA-unsplash1.jpg","type":"image\/jpeg"}],"twitter_card":"summary_large_image","twitter_misc":{"Gesch\u00e4tzte Lesezeit":"3\u00a0Minuten"},"schema":{"@context":"https:\/\/schema.org","@graph":[{"@type":"WebPage","@id":"https:\/\/alice.ch\/de\/news\/warum-die-schweiz-sich-erasmus-anschliessen-sollte\/","url":"https:\/\/alice.ch\/de\/news\/warum-die-schweiz-sich-erasmus-anschliessen-sollte\/","name":"Warum sich die Schweiz Erasmus+ anschliessen sollte - SVEB","isPartOf":{"@id":"https:\/\/alice.ch\/de\/#website"},"primaryImageOfPage":{"@id":"https:\/\/alice.ch\/de\/news\/warum-die-schweiz-sich-erasmus-anschliessen-sollte\/#primaryimage"},"image":{"@id":"https:\/\/alice.ch\/de\/news\/warum-die-schweiz-sich-erasmus-anschliessen-sollte\/#primaryimage"},"thumbnailUrl":"https:\/\/alice.ch\/app\/uploads\/2026\/04\/antoine-schibler-KF3Ty-K6NVA-unsplash1.jpg","datePublished":"2026-04-27T07:02:26+00:00","dateModified":"2026-04-27T07:03:19+00:00","breadcrumb":{"@id":"https:\/\/alice.ch\/de\/news\/warum-die-schweiz-sich-erasmus-anschliessen-sollte\/#breadcrumb"},"inLanguage":"de","potentialAction":[{"@type":"ReadAction","target":["https:\/\/alice.ch\/de\/news\/warum-die-schweiz-sich-erasmus-anschliessen-sollte\/"]}]},{"@type":"ImageObject","inLanguage":"de","@id":"https:\/\/alice.ch\/de\/news\/warum-die-schweiz-sich-erasmus-anschliessen-sollte\/#primaryimage","url":"https:\/\/alice.ch\/app\/uploads\/2026\/04\/antoine-schibler-KF3Ty-K6NVA-unsplash1.jpg","contentUrl":"https:\/\/alice.ch\/app\/uploads\/2026\/04\/antoine-schibler-KF3Ty-K6NVA-unsplash1.jpg","width":1200,"height":627},{"@type":"BreadcrumbList","@id":"https:\/\/alice.ch\/de\/news\/warum-die-schweiz-sich-erasmus-anschliessen-sollte\/#breadcrumb","itemListElement":[{"@type":"ListItem","position":1,"name":"Startseite","item":"https:\/\/alice.ch\/de\/"},{"@type":"ListItem","position":2,"name":"Warum sich die Schweiz Erasmus+ anschliessen sollte"}]},{"@type":"WebSite","@id":"https:\/\/alice.ch\/de\/#website","url":"https:\/\/alice.ch\/de\/","name":"alice.ch (Adult Learning Information Center) ist das Portal der Weiterbildung in der Schweiz.","description":"Schweizerischer Verband f\u00fcr Weiterbildung","publisher":{"@id":"https:\/\/alice.ch\/de\/#organization"},"potentialAction":[{"@type":"SearchAction","target":{"@type":"EntryPoint","urlTemplate":"https:\/\/alice.ch\/de\/?s={search_term_string}"},"query-input":{"@type":"PropertyValueSpecification","valueRequired":true,"valueName":"search_term_string"}}],"inLanguage":"de"},{"@type":"Organization","@id":"https:\/\/alice.ch\/de\/#organization","name":"SVEB Schweizerischer Verband f\u00fcr Weiterbildung","url":"https:\/\/alice.ch\/de\/","logo":{"@type":"ImageObject","inLanguage":"de","@id":"https:\/\/alice.ch\/de\/#\/schema\/logo\/image\/","url":"https:\/\/alice.ch\/app\/uploads\/2022\/07\/logo-sveb.png","contentUrl":"https:\/\/alice.ch\/app\/uploads\/2022\/07\/logo-sveb.png","width":145,"height":64,"caption":"SVEB Schweizerischer Verband f\u00fcr Weiterbildung"},"image":{"@id":"https:\/\/alice.ch\/de\/#\/schema\/logo\/image\/"},"sameAs":["https:\/\/www.linkedin.com\/company\/schweizerischer-verband-fr-weiterbildung-sveb\/"]}]}},"_links":{"self":[{"href":"https:\/\/alice.ch\/de\/wp-json\/wp\/v2\/news\/75140","targetHints":{"allow":["GET"]}}],"collection":[{"href":"https:\/\/alice.ch\/de\/wp-json\/wp\/v2\/news"}],"about":[{"href":"https:\/\/alice.ch\/de\/wp-json\/wp\/v2\/types\/news"}],"author":[{"embeddable":true,"href":"https:\/\/alice.ch\/de\/wp-json\/wp\/v2\/users\/27"}],"version-history":[{"count":2,"href":"https:\/\/alice.ch\/de\/wp-json\/wp\/v2\/news\/75140\/revisions"}],"predecessor-version":[{"id":75146,"href":"https:\/\/alice.ch\/de\/wp-json\/wp\/v2\/news\/75140\/revisions\/75146"}],"wp:featuredmedia":[{"embeddable":true,"href":"https:\/\/alice.ch\/de\/wp-json\/wp\/v2\/media\/75141"}],"wp:attachment":[{"href":"https:\/\/alice.ch\/de\/wp-json\/wp\/v2\/media?parent=75140"}],"wp:term":[{"taxonomy":"news-category","embeddable":true,"href":"https:\/\/alice.ch\/de\/wp-json\/wp\/v2\/news-category?post=75140"},{"taxonomy":"global-category","embeddable":true,"href":"https:\/\/alice.ch\/de\/wp-json\/wp\/v2\/global-category?post=75140"}],"curies":[{"name":"wp","href":"https:\/\/api.w.org\/{rel}","templated":true}]}}