{"id":75152,"date":"2026-04-30T09:14:35","date_gmt":"2026-04-30T07:14:35","guid":{"rendered":"https:\/\/alice.ch\/?post_type=news&#038;p=75152"},"modified":"2026-04-30T09:31:05","modified_gmt":"2026-04-30T07:31:05","slug":"fuer-mehr-klimafreundlichkeit-von-weiterbildungsinstitutionen-neues-angebot-von-sveb-und-myclimate","status":"publish","type":"news","link":"https:\/\/alice.ch\/de\/news\/fuer-mehr-klimafreundlichkeit-von-weiterbildungsinstitutionen-neues-angebot-von-sveb-und-myclimate\/","title":{"rendered":"F\u00fcr mehr Klimafreundlichkeit\u00a0\u2013 neues Angebot von SVEB und myclimate"},"content":{"rendered":"\n<p class=\"is-style-lead\">Zusammen mit myclimate bietet der SVEB ab September 2026 Workshops und Begleitung f\u00fcr Weiterbildungsinstitutionen an, die sich nachhaltiger ausrichten m\u00f6chten.&nbsp;&nbsp;<\/p>\n\n\n\n<p>Wie kann meine Weiterbildungsinstitution nachhaltig agieren? In einem interaktiven und praxisorientierten <a href=\"https:\/\/alice.ch\/de\/event\/als-institution-klimafreundlicher-agieren\/\">Workshop-Nachmittag<\/a> k\u00f6nnen sich interessierte Weiterbildungsinstitutionen intensiv mit der Klimafreundlichkeit der eigenen Institution auseinandersetzen, Potenzial zur St\u00e4rkung der Klimafreundlichkeit erkennen und konkrete Massnahmen definieren. Expertinnen und Experten von myclimate unterst\u00fctzen die Teilnehmenden dabei, die richtigen Hebel f\u00fcr die eigene Institution zu finden.&nbsp;&nbsp;<\/p>\n\n\n\n<p>Der Workshop und die Begleitmassnahmen orientieren sich am Klima-Check \u2013 einem Analysetool f\u00fcr die nachhaltige Entwicklung von Weiterbildungsinstitutionen. Neben der Arbeit am Klima-Check bietet der Anlass Raum f\u00fcr fachliche Inputs von myclimate sowie f\u00fcr den aktiven Austausch unter den Teilnehmenden. Der Workshop eignet sich auch f\u00fcr Institutionen, die sich bereits mit ihrer Klimafreundlichkeit auseinandergesetzt haben und gerne Beratung f\u00fcr die n\u00e4chsten Schritte in Anspruch nehmen m\u00f6chten.&nbsp;&nbsp;<\/p>\n\n\n\n<p>Anschliessend an den Workshop haben die Teilnehmenden rund drei Monate Zeit, die Massnahmen weiterzuentwickeln, zu erproben und umzusetzen. Die Expertinnen und Experten stehen den Teilnehmenden in dieser Phase nach Bedarf zur Seite. Ein gemeinsamer Online-Schlussanlass erm\u00f6glicht Austausch und Reflexion und rundet das Angebot ab.&nbsp;<\/p>\n\n\n\n<p>Der Workshop findet sowohl in der Deutschschweiz (10. September 2026, Raum Z\u00fcrich) als auch in der Romandie (10. November 2026, Raum Lausanne) statt. Die Termine f\u00fcr den Online-Schlussanlass werden gemeinsam mit den an den Workshops teilnehmenden Institutionen festgelegt. Das Angebot richtet sich an alle interessierten Weiterbildungsinstitutionen.&nbsp;<\/p>\n\n\n\n<p>Bei Fragen k\u00f6nnen Sie sich gerne bei uns melden (<a href=\"mailto:adea.barileva@alice.ch\" target=\"_blank\" rel=\"noreferrer noopener\">adea.barileva@alice.ch<\/a>).<\/p>\n\n\n\n<h2 class=\"wp-block-heading\">Weitere Informationen<\/h2>\n\n\n\n<figure class=\"wp-block-embed is-type-wp-embed is-provider-sveb wp-block-embed-sveb\"><div class=\"wp-block-embed__wrapper\">\n<blockquote class=\"wp-embedded-content\" data-secret=\"fv0l22B7yH\"><a href=\"https:\/\/alice.ch\/de\/event\/als-institution-klimafreundlicher-agieren\/\">Klima-Check: Als\u00a0Institution\u00a0klimafreundlicher agieren\u00a0<\/a><\/blockquote><iframe class=\"wp-embedded-content\" sandbox=\"allow-scripts\" security=\"restricted\" style=\"position: absolute; visibility: hidden;\" title=\"&#8222;Klima-Check: Als\u00a0Institution\u00a0klimafreundlicher agieren\u00a0&#8220; &#8211; SVEB\" src=\"https:\/\/alice.ch\/de\/event\/als-institution-klimafreundlicher-agieren\/embed\/#?secret=XAbMSamY4f#?secret=fv0l22B7yH\" data-secret=\"fv0l22B7yH\" width=\"500\" height=\"282\" frameborder=\"0\" marginwidth=\"0\" marginheight=\"0\" scrolling=\"no\"><\/iframe>\n<\/div><\/figure>\n\n\n\n<div class=\"wp-block-buttons is-layout-flex wp-block-buttons-is-layout-flex\">\n<div class=\"wp-block-button has-custom-width wp-block-button__width-100 is-style-minimal\"><a class=\"wp-block-button__link wp-element-button\" href=\"https:\/\/alice.ch\/de\/project\/klima-check\/\">Klima-Check<\/a><\/div>\n<\/div>\n","protected":false},"excerpt":{"rendered":"<p>Zusammen mit myclimate bietet der SVEB ab September 2026 Workshops und Begleitung f\u00fcr Weiterbildungsinstitutionen an, die sich nachhaltiger ausrichten m\u00f6chten.&nbsp;&nbsp; [&hellip;]<\/p>\n","protected":false},"author":27,"featured_media":75155,"template":"","meta":{"_acf_changed":false,"inline_featured_image":false,"footnotes":""},"news-category":[341],"global-category":[],"class_list":["post-75152","news","type-news","status-publish","has-post-thumbnail","hentry","news-category-nachhaltigkeit"],"acf":[],"yoast_head":"<!-- This site is optimized with the Yoast SEO plugin v27.3 - https:\/\/yoast.com\/product\/yoast-seo-wordpress\/ -->\n<title>F\u00fcr mehr Klimafreundlichkeit\u00a0\u2013 neues Angebot von SVEB und myclimate - SVEB<\/title>\n<meta name=\"robots\" content=\"index, follow, max-snippet:-1, max-image-preview:large, max-video-preview:-1\" \/>\n<link rel=\"canonical\" href=\"https:\/\/alice.ch\/de\/news\/fuer-mehr-klimafreundlichkeit-von-weiterbildungsinstitutionen-neues-angebot-von-sveb-und-myclimate\/\" \/>\n<meta property=\"og:locale\" content=\"de_DE\" \/>\n<meta property=\"og:type\" content=\"article\" \/>\n<meta property=\"og:title\" content=\"F\u00fcr mehr Klimafreundlichkeit\u00a0\u2013 neues Angebot von SVEB und myclimate - SVEB\" \/>\n<meta property=\"og:description\" content=\"Zusammen mit myclimate bietet der SVEB ab September 2026 Workshops und Begleitung f\u00fcr Weiterbildungsinstitutionen an, die sich nachhaltiger ausrichten m\u00f6chten.&nbsp;&nbsp; [&hellip;]\" \/>\n<meta property=\"og:url\" content=\"https:\/\/alice.ch\/de\/news\/fuer-mehr-klimafreundlichkeit-von-weiterbildungsinstitutionen-neues-angebot-von-sveb-und-myclimate\/\" \/>\n<meta property=\"og:site_name\" content=\"SVEB\" \/>\n<meta property=\"article:modified_time\" content=\"2026-04-30T07:31:05+00:00\" \/>\n<meta property=\"og:image\" content=\"https:\/\/alice.ch\/app\/uploads\/2026\/04\/getty-images-Pz-FR0j7QEM-unsplash1.jpg\" \/>\n\t<meta property=\"og:image:width\" content=\"1200\" \/>\n\t<meta property=\"og:image:height\" content=\"627\" \/>\n\t<meta property=\"og:image:type\" content=\"image\/jpeg\" \/>\n<meta name=\"twitter:card\" content=\"summary_large_image\" \/>\n<meta name=\"twitter:label1\" content=\"Gesch\u00e4tzte Lesezeit\" \/>\n\t<meta name=\"twitter:data1\" content=\"1\u00a0Minute\" \/>\n<script type=\"application\/ld+json\" class=\"yoast-schema-graph\">{\"@context\":\"https:\\\/\\\/schema.org\",\"@graph\":[{\"@type\":\"WebPage\",\"@id\":\"https:\\\/\\\/alice.ch\\\/de\\\/news\\\/fuer-mehr-klimafreundlichkeit-von-weiterbildungsinstitutionen-neues-angebot-von-sveb-und-myclimate\\\/\",\"url\":\"https:\\\/\\\/alice.ch\\\/de\\\/news\\\/fuer-mehr-klimafreundlichkeit-von-weiterbildungsinstitutionen-neues-angebot-von-sveb-und-myclimate\\\/\",\"name\":\"F\u00fcr mehr Klimafreundlichkeit\u00a0\u2013 neues Angebot von SVEB und myclimate - SVEB\",\"isPartOf\":{\"@id\":\"https:\\\/\\\/alice.ch\\\/de\\\/#website\"},\"primaryImageOfPage\":{\"@id\":\"https:\\\/\\\/alice.ch\\\/de\\\/news\\\/fuer-mehr-klimafreundlichkeit-von-weiterbildungsinstitutionen-neues-angebot-von-sveb-und-myclimate\\\/#primaryimage\"},\"image\":{\"@id\":\"https:\\\/\\\/alice.ch\\\/de\\\/news\\\/fuer-mehr-klimafreundlichkeit-von-weiterbildungsinstitutionen-neues-angebot-von-sveb-und-myclimate\\\/#primaryimage\"},\"thumbnailUrl\":\"https:\\\/\\\/alice.ch\\\/app\\\/uploads\\\/2026\\\/04\\\/getty-images-Pz-FR0j7QEM-unsplash1.jpg\",\"datePublished\":\"2026-04-30T07:14:35+00:00\",\"dateModified\":\"2026-04-30T07:31:05+00:00\",\"breadcrumb\":{\"@id\":\"https:\\\/\\\/alice.ch\\\/de\\\/news\\\/fuer-mehr-klimafreundlichkeit-von-weiterbildungsinstitutionen-neues-angebot-von-sveb-und-myclimate\\\/#breadcrumb\"},\"inLanguage\":\"de\",\"potentialAction\":[{\"@type\":\"ReadAction\",\"target\":[\"https:\\\/\\\/alice.ch\\\/de\\\/news\\\/fuer-mehr-klimafreundlichkeit-von-weiterbildungsinstitutionen-neues-angebot-von-sveb-und-myclimate\\\/\"]}]},{\"@type\":\"ImageObject\",\"inLanguage\":\"de\",\"@id\":\"https:\\\/\\\/alice.ch\\\/de\\\/news\\\/fuer-mehr-klimafreundlichkeit-von-weiterbildungsinstitutionen-neues-angebot-von-sveb-und-myclimate\\\/#primaryimage\",\"url\":\"https:\\\/\\\/alice.ch\\\/app\\\/uploads\\\/2026\\\/04\\\/getty-images-Pz-FR0j7QEM-unsplash1.jpg\",\"contentUrl\":\"https:\\\/\\\/alice.ch\\\/app\\\/uploads\\\/2026\\\/04\\\/getty-images-Pz-FR0j7QEM-unsplash1.jpg\",\"width\":1200,\"height\":627},{\"@type\":\"BreadcrumbList\",\"@id\":\"https:\\\/\\\/alice.ch\\\/de\\\/news\\\/fuer-mehr-klimafreundlichkeit-von-weiterbildungsinstitutionen-neues-angebot-von-sveb-und-myclimate\\\/#breadcrumb\",\"itemListElement\":[{\"@type\":\"ListItem\",\"position\":1,\"name\":\"Startseite\",\"item\":\"https:\\\/\\\/alice.ch\\\/de\\\/\"},{\"@type\":\"ListItem\",\"position\":2,\"name\":\"F\u00fcr mehr Klimafreundlichkeit\u00a0\u2013 neues Angebot von SVEB und myclimate\"}]},{\"@type\":\"WebSite\",\"@id\":\"https:\\\/\\\/alice.ch\\\/de\\\/#website\",\"url\":\"https:\\\/\\\/alice.ch\\\/de\\\/\",\"name\":\"alice.ch (Adult Learning Information Center) ist das Portal der Weiterbildung in der Schweiz.\",\"description\":\"Schweizerischer Verband f\u00fcr Weiterbildung\",\"publisher\":{\"@id\":\"https:\\\/\\\/alice.ch\\\/de\\\/#organization\"},\"potentialAction\":[{\"@type\":\"SearchAction\",\"target\":{\"@type\":\"EntryPoint\",\"urlTemplate\":\"https:\\\/\\\/alice.ch\\\/de\\\/?s={search_term_string}\"},\"query-input\":{\"@type\":\"PropertyValueSpecification\",\"valueRequired\":true,\"valueName\":\"search_term_string\"}}],\"inLanguage\":\"de\"},{\"@type\":\"Organization\",\"@id\":\"https:\\\/\\\/alice.ch\\\/de\\\/#organization\",\"name\":\"SVEB Schweizerischer Verband f\u00fcr Weiterbildung\",\"url\":\"https:\\\/\\\/alice.ch\\\/de\\\/\",\"logo\":{\"@type\":\"ImageObject\",\"inLanguage\":\"de\",\"@id\":\"https:\\\/\\\/alice.ch\\\/de\\\/#\\\/schema\\\/logo\\\/image\\\/\",\"url\":\"https:\\\/\\\/alice.ch\\\/app\\\/uploads\\\/2022\\\/07\\\/logo-sveb.png\",\"contentUrl\":\"https:\\\/\\\/alice.ch\\\/app\\\/uploads\\\/2022\\\/07\\\/logo-sveb.png\",\"width\":145,\"height\":64,\"caption\":\"SVEB Schweizerischer Verband f\u00fcr Weiterbildung\"},\"image\":{\"@id\":\"https:\\\/\\\/alice.ch\\\/de\\\/#\\\/schema\\\/logo\\\/image\\\/\"},\"sameAs\":[\"https:\\\/\\\/www.linkedin.com\\\/company\\\/schweizerischer-verband-fr-weiterbildung-sveb\\\/\"]}]}<\/script>\n<!-- \/ Yoast SEO plugin. -->","yoast_head_json":{"title":"F\u00fcr mehr Klimafreundlichkeit\u00a0\u2013 neues Angebot von SVEB und myclimate - SVEB","robots":{"index":"index","follow":"follow","max-snippet":"max-snippet:-1","max-image-preview":"max-image-preview:large","max-video-preview":"max-video-preview:-1"},"canonical":"https:\/\/alice.ch\/de\/news\/fuer-mehr-klimafreundlichkeit-von-weiterbildungsinstitutionen-neues-angebot-von-sveb-und-myclimate\/","og_locale":"de_DE","og_type":"article","og_title":"F\u00fcr mehr Klimafreundlichkeit\u00a0\u2013 neues Angebot von SVEB und myclimate - SVEB","og_description":"Zusammen mit myclimate bietet der SVEB ab September 2026 Workshops und Begleitung f\u00fcr Weiterbildungsinstitutionen an, die sich nachhaltiger ausrichten m\u00f6chten.&nbsp;&nbsp; [&hellip;]","og_url":"https:\/\/alice.ch\/de\/news\/fuer-mehr-klimafreundlichkeit-von-weiterbildungsinstitutionen-neues-angebot-von-sveb-und-myclimate\/","og_site_name":"SVEB","article_modified_time":"2026-04-30T07:31:05+00:00","og_image":[{"width":1200,"height":627,"url":"https:\/\/alice.ch\/app\/uploads\/2026\/04\/getty-images-Pz-FR0j7QEM-unsplash1.jpg","type":"image\/jpeg"}],"twitter_card":"summary_large_image","twitter_misc":{"Gesch\u00e4tzte Lesezeit":"1\u00a0Minute"},"schema":{"@context":"https:\/\/schema.org","@graph":[{"@type":"WebPage","@id":"https:\/\/alice.ch\/de\/news\/fuer-mehr-klimafreundlichkeit-von-weiterbildungsinstitutionen-neues-angebot-von-sveb-und-myclimate\/","url":"https:\/\/alice.ch\/de\/news\/fuer-mehr-klimafreundlichkeit-von-weiterbildungsinstitutionen-neues-angebot-von-sveb-und-myclimate\/","name":"F\u00fcr mehr Klimafreundlichkeit\u00a0\u2013 neues Angebot von SVEB und myclimate - SVEB","isPartOf":{"@id":"https:\/\/alice.ch\/de\/#website"},"primaryImageOfPage":{"@id":"https:\/\/alice.ch\/de\/news\/fuer-mehr-klimafreundlichkeit-von-weiterbildungsinstitutionen-neues-angebot-von-sveb-und-myclimate\/#primaryimage"},"image":{"@id":"https:\/\/alice.ch\/de\/news\/fuer-mehr-klimafreundlichkeit-von-weiterbildungsinstitutionen-neues-angebot-von-sveb-und-myclimate\/#primaryimage"},"thumbnailUrl":"https:\/\/alice.ch\/app\/uploads\/2026\/04\/getty-images-Pz-FR0j7QEM-unsplash1.jpg","datePublished":"2026-04-30T07:14:35+00:00","dateModified":"2026-04-30T07:31:05+00:00","breadcrumb":{"@id":"https:\/\/alice.ch\/de\/news\/fuer-mehr-klimafreundlichkeit-von-weiterbildungsinstitutionen-neues-angebot-von-sveb-und-myclimate\/#breadcrumb"},"inLanguage":"de","potentialAction":[{"@type":"ReadAction","target":["https:\/\/alice.ch\/de\/news\/fuer-mehr-klimafreundlichkeit-von-weiterbildungsinstitutionen-neues-angebot-von-sveb-und-myclimate\/"]}]},{"@type":"ImageObject","inLanguage":"de","@id":"https:\/\/alice.ch\/de\/news\/fuer-mehr-klimafreundlichkeit-von-weiterbildungsinstitutionen-neues-angebot-von-sveb-und-myclimate\/#primaryimage","url":"https:\/\/alice.ch\/app\/uploads\/2026\/04\/getty-images-Pz-FR0j7QEM-unsplash1.jpg","contentUrl":"https:\/\/alice.ch\/app\/uploads\/2026\/04\/getty-images-Pz-FR0j7QEM-unsplash1.jpg","width":1200,"height":627},{"@type":"BreadcrumbList","@id":"https:\/\/alice.ch\/de\/news\/fuer-mehr-klimafreundlichkeit-von-weiterbildungsinstitutionen-neues-angebot-von-sveb-und-myclimate\/#breadcrumb","itemListElement":[{"@type":"ListItem","position":1,"name":"Startseite","item":"https:\/\/alice.ch\/de\/"},{"@type":"ListItem","position":2,"name":"F\u00fcr mehr Klimafreundlichkeit\u00a0\u2013 neues Angebot von SVEB und myclimate"}]},{"@type":"WebSite","@id":"https:\/\/alice.ch\/de\/#website","url":"https:\/\/alice.ch\/de\/","name":"alice.ch (Adult Learning Information Center) ist das Portal der Weiterbildung in der Schweiz.","description":"Schweizerischer Verband f\u00fcr Weiterbildung","publisher":{"@id":"https:\/\/alice.ch\/de\/#organization"},"potentialAction":[{"@type":"SearchAction","target":{"@type":"EntryPoint","urlTemplate":"https:\/\/alice.ch\/de\/?s={search_term_string}"},"query-input":{"@type":"PropertyValueSpecification","valueRequired":true,"valueName":"search_term_string"}}],"inLanguage":"de"},{"@type":"Organization","@id":"https:\/\/alice.ch\/de\/#organization","name":"SVEB Schweizerischer Verband f\u00fcr Weiterbildung","url":"https:\/\/alice.ch\/de\/","logo":{"@type":"ImageObject","inLanguage":"de","@id":"https:\/\/alice.ch\/de\/#\/schema\/logo\/image\/","url":"https:\/\/alice.ch\/app\/uploads\/2022\/07\/logo-sveb.png","contentUrl":"https:\/\/alice.ch\/app\/uploads\/2022\/07\/logo-sveb.png","width":145,"height":64,"caption":"SVEB Schweizerischer Verband f\u00fcr Weiterbildung"},"image":{"@id":"https:\/\/alice.ch\/de\/#\/schema\/logo\/image\/"},"sameAs":["https:\/\/www.linkedin.com\/company\/schweizerischer-verband-fr-weiterbildung-sveb\/"]}]}},"_links":{"self":[{"href":"https:\/\/alice.ch\/de\/wp-json\/wp\/v2\/news\/75152","targetHints":{"allow":["GET"]}}],"collection":[{"href":"https:\/\/alice.ch\/de\/wp-json\/wp\/v2\/news"}],"about":[{"href":"https:\/\/alice.ch\/de\/wp-json\/wp\/v2\/types\/news"}],"author":[{"embeddable":true,"href":"https:\/\/alice.ch\/de\/wp-json\/wp\/v2\/users\/27"}],"version-history":[{"count":5,"href":"https:\/\/alice.ch\/de\/wp-json\/wp\/v2\/news\/75152\/revisions"}],"predecessor-version":[{"id":75319,"href":"https:\/\/alice.ch\/de\/wp-json\/wp\/v2\/news\/75152\/revisions\/75319"}],"wp:featuredmedia":[{"embeddable":true,"href":"https:\/\/alice.ch\/de\/wp-json\/wp\/v2\/media\/75155"}],"wp:attachment":[{"href":"https:\/\/alice.ch\/de\/wp-json\/wp\/v2\/media?parent=75152"}],"wp:term":[{"taxonomy":"news-category","embeddable":true,"href":"https:\/\/alice.ch\/de\/wp-json\/wp\/v2\/news-category?post=75152"},{"taxonomy":"global-category","embeddable":true,"href":"https:\/\/alice.ch\/de\/wp-json\/wp\/v2\/global-category?post=75152"}],"curies":[{"name":"wp","href":"https:\/\/api.w.org\/{rel}","templated":true}]}}