{"id":8341,"date":"2022-10-27T09:41:00","date_gmt":"2022-10-27T07:41:00","guid":{"rendered":"https:\/\/projects.atxeit.ch\/sveb\/?post_type=news&#038;p=8341"},"modified":"2023-02-05T12:11:44","modified_gmt":"2023-02-05T11:11:44","slug":"neuauflage-laenderportraet-weiterbildung-in-der-schweiz","status":"publish","type":"news","link":"https:\/\/alice.ch\/de\/news\/neuauflage-laenderportraet-weiterbildung-in-der-schweiz\/","title":{"rendered":"Neuauflage L\u00e4nderportr\u00e4t \u00abWeiterbildung in der Schweiz\u00bb"},"content":{"rendered":"\n<p class=\"is-style-lead\">Ende Oktober ist das L\u00e4nderportr\u00e4t \u00abWeiterbildung in der Schweiz\u00bb in der vierten, komplett \u00fcberarbeiteten Neuauflage erschienen. Das Fachbuch gibt einen kompakten \u00dcberblick \u00fcber die aktuelle Situation und Entwicklung der Weiterbildung in der Schweiz. Es richtet sich an Personen, die in der Weiterbildung t\u00e4tig sind oder sich f\u00fcr diesen Bildungsbereich interessieren.<\/p>\n\n\n\n<p>Das L\u00e4nderportr\u00e4t bietet Grundlageninformationen zum Weiterbildungsbereich. Es behandelt die Strukturen und Rahmenbedingungen, zeigt die Breite und Vielfalt der Institutionen und Angebote auf, gibt Einblick in die Professionalisierung des Personals und zeigt, welche Rolle die internationale Vernetzung in der Weiterbildung spielt. Neben der aktuellen Situation pr\u00e4sentiert das Portr\u00e4t einen historischen R\u00fcckblick sowie aktuelle Entwicklungstendenzen.<\/p>\n\n\n\n<p>Das Portr\u00e4t richtet sich an Personen, die in der Weiterbildung t\u00e4tig sind oder sich in anderen Kontexten mit Bildungsfragen befassen und die Besonderheiten der Weiterbildung besser verstehen m\u00f6chten. Es eignet sich auch als Einf\u00fchrungsliteratur in Studien- und Lehrg\u00e4ngen oder Kursen f\u00fcr angehende Ausbilder und Erwachsenenbildnerinnen.<\/p>\n\n\n\n<p>Das Buch kann in Deutsch (sowie ab Dezember in Franz\u00f6sisch) beim SVEB oder im Buchhandel bezogen werden. Zudem steht es beim wbv-Verlag als&nbsp;<a href=\"https:\/\/wbv.de\/isbn\/9783763966912\" target=\"_blank\" rel=\"noreferrer noopener\">E-Book<\/a>&nbsp;im Open Access&nbsp;zur Verf\u00fcgung.<\/p>\n\n\n\n<h2 class=\"wp-block-heading\">Zur Autorenschaft<\/h2>\n\n\n\n<p>Die drei Co-Autoren verf\u00fcgen \u00fcber fundierte Kenntnisse und langj\u00e4hrige Erfahrung in der Analyse und Entwicklung des Weiterbildungsbereichs der Schweiz. Bernhard Gr\u00e4miger, Direktor, und Irena Sgier, stellvertretende Direktorin, sind seit 2016 f\u00fcr die Leitung des SVEB verantwortlich. Zuvor hat ihr Vorg\u00e4nger Andr\u00e9 Schl\u00e4fli den Verband w\u00e4hrend 25 Jahren als Direktor geleitet.<\/p>\n\n\n\n<h2 class=\"wp-block-heading\">DIE-L\u00e4nderportr\u00e4ts<\/h2>\n\n\n\n<p>Die&nbsp;<a href=\"https:\/\/www.die-bonn.de\/institut\/dienstleistungen\/publikationen\/laender.aspx\" target=\"_blank\" rel=\"noreferrer noopener\">L\u00e4nderportr\u00e4ts Weiterbildung<\/a>&nbsp;sind eine Buchreihe des Deutschen Instituts f\u00fcr Erwachsenenbildung (<a href=\"https:\/\/www.die-bonn.de\/\" target=\"_blank\" rel=\"noreferrer noopener\">DIE<\/a>). Die Reihe informiert \u00fcber die Strukturen und Besonderheiten der Weiterbildung im jeweiligen Land.<\/p>\n\n\n\n<h2 class=\"wp-block-heading\">Produktangaben<\/h2>\n\n\n\n<p>Sgier, Irena; Schl\u00e4fli, Andr\u00e9; Gr\u00e4miger, Bernhard (2022): Weiterbildung in der Schweiz. L\u00e4nderportr\u00e4t. Bielefeld: wbv<\/p>\n\n\n\n<p>Erscheinungsdatum: Oktober 2022<br>Umfang: 152 Seiten<br>Preis: Fr. 22.\u2013 (f\u00fcr SVEB-Mitglieder 18.\u2013)<br>Sprachen: Deutsch und Franz\u00f6sisch<br>Verlag: WBV Media (DIE)<br>ISBN Print: 978-3-7639-6691-2<br>ISBN E-Book: 978-3-7639-5499-5<br>DOI: 10.3278\/37\/0573bw<\/p>\n\n\n\n<div class=\"wp-block-buttons is-layout-flex wp-block-buttons-is-layout-flex\">\n<div class=\"wp-block-button is-style-minimal\"><a class=\"wp-block-button__link wp-element-button\" href=\"https:\/\/alice.ch\/de\/dienstleistungen\/publikationen-und-produkte\/publikationen\/\">Buchbestellung<\/a><\/div>\n<\/div>\n\n\n\n<p>Bild: Cover Weiterbildung Schweiz<\/p>\n","protected":false},"excerpt":{"rendered":"<p>Ende Oktober ist das L\u00e4nderportr\u00e4t \u00abWeiterbildung in der Schweiz\u00bb in der vierten, komplett \u00fcberarbeiteten Neuauflage erschienen. Das Fachbuch gibt einen [&hellip;]<\/p>\n","protected":false},"author":2,"featured_media":8343,"template":"","meta":{"_acf_changed":false,"inline_featured_image":false,"footnotes":""},"news-category":[31],"global-category":[],"class_list":["post-8341","news","type-news","status-publish","has-post-thumbnail","hentry","news-category-branche"],"acf":[],"yoast_head":"<!-- This site is optimized with the Yoast SEO plugin v27.3 - https:\/\/yoast.com\/product\/yoast-seo-wordpress\/ -->\n<title>Neuauflage L\u00e4nderportr\u00e4t \u00abWeiterbildung in der Schweiz\u00bb - SVEB<\/title>\n<meta name=\"robots\" content=\"index, follow, max-snippet:-1, max-image-preview:large, max-video-preview:-1\" \/>\n<link rel=\"canonical\" href=\"https:\/\/alice.ch\/de\/news\/neuauflage-laenderportraet-weiterbildung-in-der-schweiz\/\" \/>\n<meta property=\"og:locale\" content=\"de_DE\" \/>\n<meta property=\"og:type\" content=\"article\" \/>\n<meta property=\"og:title\" content=\"Neuauflage L\u00e4nderportr\u00e4t \u00abWeiterbildung in der Schweiz\u00bb - SVEB\" \/>\n<meta property=\"og:description\" content=\"Ende Oktober ist das L\u00e4nderportr\u00e4t \u00abWeiterbildung in der Schweiz\u00bb in der vierten, komplett \u00fcberarbeiteten Neuauflage erschienen. Das Fachbuch gibt einen [&hellip;]\" \/>\n<meta property=\"og:url\" content=\"https:\/\/alice.ch\/de\/news\/neuauflage-laenderportraet-weiterbildung-in-der-schweiz\/\" \/>\n<meta property=\"og:site_name\" content=\"SVEB\" \/>\n<meta property=\"article:modified_time\" content=\"2023-02-05T11:11:44+00:00\" \/>\n<meta property=\"og:image\" content=\"https:\/\/alice.ch\/app\/uploads\/2022\/11\/cover-laenderportraet.jpeg\" \/>\n\t<meta property=\"og:image:width\" content=\"1200\" \/>\n\t<meta property=\"og:image:height\" content=\"627\" \/>\n\t<meta property=\"og:image:type\" content=\"image\/jpeg\" \/>\n<meta name=\"twitter:card\" content=\"summary_large_image\" \/>\n<meta name=\"twitter:label1\" content=\"Gesch\u00e4tzte Lesezeit\" \/>\n\t<meta name=\"twitter:data1\" content=\"2\u00a0Minuten\" \/>\n<script type=\"application\/ld+json\" class=\"yoast-schema-graph\">{\"@context\":\"https:\\\/\\\/schema.org\",\"@graph\":[{\"@type\":\"WebPage\",\"@id\":\"https:\\\/\\\/alice.ch\\\/de\\\/news\\\/neuauflage-laenderportraet-weiterbildung-in-der-schweiz\\\/\",\"url\":\"https:\\\/\\\/alice.ch\\\/de\\\/news\\\/neuauflage-laenderportraet-weiterbildung-in-der-schweiz\\\/\",\"name\":\"Neuauflage L\u00e4nderportr\u00e4t \u00abWeiterbildung in der Schweiz\u00bb - SVEB\",\"isPartOf\":{\"@id\":\"https:\\\/\\\/alice.ch\\\/de\\\/#website\"},\"primaryImageOfPage\":{\"@id\":\"https:\\\/\\\/alice.ch\\\/de\\\/news\\\/neuauflage-laenderportraet-weiterbildung-in-der-schweiz\\\/#primaryimage\"},\"image\":{\"@id\":\"https:\\\/\\\/alice.ch\\\/de\\\/news\\\/neuauflage-laenderportraet-weiterbildung-in-der-schweiz\\\/#primaryimage\"},\"thumbnailUrl\":\"https:\\\/\\\/alice.ch\\\/app\\\/uploads\\\/2022\\\/11\\\/cover-laenderportraet.jpeg\",\"datePublished\":\"2022-10-27T07:41:00+00:00\",\"dateModified\":\"2023-02-05T11:11:44+00:00\",\"breadcrumb\":{\"@id\":\"https:\\\/\\\/alice.ch\\\/de\\\/news\\\/neuauflage-laenderportraet-weiterbildung-in-der-schweiz\\\/#breadcrumb\"},\"inLanguage\":\"de\",\"potentialAction\":[{\"@type\":\"ReadAction\",\"target\":[\"https:\\\/\\\/alice.ch\\\/de\\\/news\\\/neuauflage-laenderportraet-weiterbildung-in-der-schweiz\\\/\"]}]},{\"@type\":\"ImageObject\",\"inLanguage\":\"de\",\"@id\":\"https:\\\/\\\/alice.ch\\\/de\\\/news\\\/neuauflage-laenderportraet-weiterbildung-in-der-schweiz\\\/#primaryimage\",\"url\":\"https:\\\/\\\/alice.ch\\\/app\\\/uploads\\\/2022\\\/11\\\/cover-laenderportraet.jpeg\",\"contentUrl\":\"https:\\\/\\\/alice.ch\\\/app\\\/uploads\\\/2022\\\/11\\\/cover-laenderportraet.jpeg\",\"width\":1200,\"height\":627,\"caption\":\"Ausschnitt des Covers zur Publikation \\\"Weiterbildung in der Schweiz\\\", welches in einer vierten, komplett \u00fcberarbeiteten Neuauflage erscheint.\"},{\"@type\":\"BreadcrumbList\",\"@id\":\"https:\\\/\\\/alice.ch\\\/de\\\/news\\\/neuauflage-laenderportraet-weiterbildung-in-der-schweiz\\\/#breadcrumb\",\"itemListElement\":[{\"@type\":\"ListItem\",\"position\":1,\"name\":\"Startseite\",\"item\":\"https:\\\/\\\/alice.ch\\\/de\\\/\"},{\"@type\":\"ListItem\",\"position\":2,\"name\":\"Neuauflage L\u00e4nderportr\u00e4t \u00abWeiterbildung in der Schweiz\u00bb\"}]},{\"@type\":\"WebSite\",\"@id\":\"https:\\\/\\\/alice.ch\\\/de\\\/#website\",\"url\":\"https:\\\/\\\/alice.ch\\\/de\\\/\",\"name\":\"alice.ch (Adult Learning Information Center) ist das Portal der Weiterbildung in der Schweiz.\",\"description\":\"Schweizerischer Verband f\u00fcr Weiterbildung\",\"publisher\":{\"@id\":\"https:\\\/\\\/alice.ch\\\/de\\\/#organization\"},\"potentialAction\":[{\"@type\":\"SearchAction\",\"target\":{\"@type\":\"EntryPoint\",\"urlTemplate\":\"https:\\\/\\\/alice.ch\\\/de\\\/?s={search_term_string}\"},\"query-input\":{\"@type\":\"PropertyValueSpecification\",\"valueRequired\":true,\"valueName\":\"search_term_string\"}}],\"inLanguage\":\"de\"},{\"@type\":\"Organization\",\"@id\":\"https:\\\/\\\/alice.ch\\\/de\\\/#organization\",\"name\":\"SVEB Schweizerischer Verband f\u00fcr Weiterbildung\",\"url\":\"https:\\\/\\\/alice.ch\\\/de\\\/\",\"logo\":{\"@type\":\"ImageObject\",\"inLanguage\":\"de\",\"@id\":\"https:\\\/\\\/alice.ch\\\/de\\\/#\\\/schema\\\/logo\\\/image\\\/\",\"url\":\"https:\\\/\\\/alice.ch\\\/app\\\/uploads\\\/2022\\\/07\\\/logo-sveb.png\",\"contentUrl\":\"https:\\\/\\\/alice.ch\\\/app\\\/uploads\\\/2022\\\/07\\\/logo-sveb.png\",\"width\":145,\"height\":64,\"caption\":\"SVEB Schweizerischer Verband f\u00fcr Weiterbildung\"},\"image\":{\"@id\":\"https:\\\/\\\/alice.ch\\\/de\\\/#\\\/schema\\\/logo\\\/image\\\/\"},\"sameAs\":[\"https:\\\/\\\/www.linkedin.com\\\/company\\\/schweizerischer-verband-fr-weiterbildung-sveb\\\/\"]}]}<\/script>\n<!-- \/ Yoast SEO plugin. -->","yoast_head_json":{"title":"Neuauflage L\u00e4nderportr\u00e4t \u00abWeiterbildung in der Schweiz\u00bb - SVEB","robots":{"index":"index","follow":"follow","max-snippet":"max-snippet:-1","max-image-preview":"max-image-preview:large","max-video-preview":"max-video-preview:-1"},"canonical":"https:\/\/alice.ch\/de\/news\/neuauflage-laenderportraet-weiterbildung-in-der-schweiz\/","og_locale":"de_DE","og_type":"article","og_title":"Neuauflage L\u00e4nderportr\u00e4t \u00abWeiterbildung in der Schweiz\u00bb - SVEB","og_description":"Ende Oktober ist das L\u00e4nderportr\u00e4t \u00abWeiterbildung in der Schweiz\u00bb in der vierten, komplett \u00fcberarbeiteten Neuauflage erschienen. Das Fachbuch gibt einen [&hellip;]","og_url":"https:\/\/alice.ch\/de\/news\/neuauflage-laenderportraet-weiterbildung-in-der-schweiz\/","og_site_name":"SVEB","article_modified_time":"2023-02-05T11:11:44+00:00","og_image":[{"width":1200,"height":627,"url":"https:\/\/alice.ch\/app\/uploads\/2022\/11\/cover-laenderportraet.jpeg","type":"image\/jpeg"}],"twitter_card":"summary_large_image","twitter_misc":{"Gesch\u00e4tzte Lesezeit":"2\u00a0Minuten"},"schema":{"@context":"https:\/\/schema.org","@graph":[{"@type":"WebPage","@id":"https:\/\/alice.ch\/de\/news\/neuauflage-laenderportraet-weiterbildung-in-der-schweiz\/","url":"https:\/\/alice.ch\/de\/news\/neuauflage-laenderportraet-weiterbildung-in-der-schweiz\/","name":"Neuauflage L\u00e4nderportr\u00e4t \u00abWeiterbildung in der Schweiz\u00bb - SVEB","isPartOf":{"@id":"https:\/\/alice.ch\/de\/#website"},"primaryImageOfPage":{"@id":"https:\/\/alice.ch\/de\/news\/neuauflage-laenderportraet-weiterbildung-in-der-schweiz\/#primaryimage"},"image":{"@id":"https:\/\/alice.ch\/de\/news\/neuauflage-laenderportraet-weiterbildung-in-der-schweiz\/#primaryimage"},"thumbnailUrl":"https:\/\/alice.ch\/app\/uploads\/2022\/11\/cover-laenderportraet.jpeg","datePublished":"2022-10-27T07:41:00+00:00","dateModified":"2023-02-05T11:11:44+00:00","breadcrumb":{"@id":"https:\/\/alice.ch\/de\/news\/neuauflage-laenderportraet-weiterbildung-in-der-schweiz\/#breadcrumb"},"inLanguage":"de","potentialAction":[{"@type":"ReadAction","target":["https:\/\/alice.ch\/de\/news\/neuauflage-laenderportraet-weiterbildung-in-der-schweiz\/"]}]},{"@type":"ImageObject","inLanguage":"de","@id":"https:\/\/alice.ch\/de\/news\/neuauflage-laenderportraet-weiterbildung-in-der-schweiz\/#primaryimage","url":"https:\/\/alice.ch\/app\/uploads\/2022\/11\/cover-laenderportraet.jpeg","contentUrl":"https:\/\/alice.ch\/app\/uploads\/2022\/11\/cover-laenderportraet.jpeg","width":1200,"height":627,"caption":"Ausschnitt des Covers zur Publikation \"Weiterbildung in der Schweiz\", welches in einer vierten, komplett \u00fcberarbeiteten Neuauflage erscheint."},{"@type":"BreadcrumbList","@id":"https:\/\/alice.ch\/de\/news\/neuauflage-laenderportraet-weiterbildung-in-der-schweiz\/#breadcrumb","itemListElement":[{"@type":"ListItem","position":1,"name":"Startseite","item":"https:\/\/alice.ch\/de\/"},{"@type":"ListItem","position":2,"name":"Neuauflage L\u00e4nderportr\u00e4t \u00abWeiterbildung in der Schweiz\u00bb"}]},{"@type":"WebSite","@id":"https:\/\/alice.ch\/de\/#website","url":"https:\/\/alice.ch\/de\/","name":"alice.ch (Adult Learning Information Center) ist das Portal der Weiterbildung in der Schweiz.","description":"Schweizerischer Verband f\u00fcr Weiterbildung","publisher":{"@id":"https:\/\/alice.ch\/de\/#organization"},"potentialAction":[{"@type":"SearchAction","target":{"@type":"EntryPoint","urlTemplate":"https:\/\/alice.ch\/de\/?s={search_term_string}"},"query-input":{"@type":"PropertyValueSpecification","valueRequired":true,"valueName":"search_term_string"}}],"inLanguage":"de"},{"@type":"Organization","@id":"https:\/\/alice.ch\/de\/#organization","name":"SVEB Schweizerischer Verband f\u00fcr Weiterbildung","url":"https:\/\/alice.ch\/de\/","logo":{"@type":"ImageObject","inLanguage":"de","@id":"https:\/\/alice.ch\/de\/#\/schema\/logo\/image\/","url":"https:\/\/alice.ch\/app\/uploads\/2022\/07\/logo-sveb.png","contentUrl":"https:\/\/alice.ch\/app\/uploads\/2022\/07\/logo-sveb.png","width":145,"height":64,"caption":"SVEB Schweizerischer Verband f\u00fcr Weiterbildung"},"image":{"@id":"https:\/\/alice.ch\/de\/#\/schema\/logo\/image\/"},"sameAs":["https:\/\/www.linkedin.com\/company\/schweizerischer-verband-fr-weiterbildung-sveb\/"]}]}},"_links":{"self":[{"href":"https:\/\/alice.ch\/de\/wp-json\/wp\/v2\/news\/8341","targetHints":{"allow":["GET"]}}],"collection":[{"href":"https:\/\/alice.ch\/de\/wp-json\/wp\/v2\/news"}],"about":[{"href":"https:\/\/alice.ch\/de\/wp-json\/wp\/v2\/types\/news"}],"author":[{"embeddable":true,"href":"https:\/\/alice.ch\/de\/wp-json\/wp\/v2\/users\/2"}],"version-history":[{"count":8,"href":"https:\/\/alice.ch\/de\/wp-json\/wp\/v2\/news\/8341\/revisions"}],"predecessor-version":[{"id":44503,"href":"https:\/\/alice.ch\/de\/wp-json\/wp\/v2\/news\/8341\/revisions\/44503"}],"wp:featuredmedia":[{"embeddable":true,"href":"https:\/\/alice.ch\/de\/wp-json\/wp\/v2\/media\/8343"}],"wp:attachment":[{"href":"https:\/\/alice.ch\/de\/wp-json\/wp\/v2\/media?parent=8341"}],"wp:term":[{"taxonomy":"news-category","embeddable":true,"href":"https:\/\/alice.ch\/de\/wp-json\/wp\/v2\/news-category?post=8341"},{"taxonomy":"global-category","embeddable":true,"href":"https:\/\/alice.ch\/de\/wp-json\/wp\/v2\/global-category?post=8341"}],"curies":[{"name":"wp","href":"https:\/\/api.w.org\/{rel}","templated":true}]}}