{"id":57891,"date":"2024-02-15T13:46:11","date_gmt":"2024-02-15T12:46:11","guid":{"rendered":"https:\/\/alice.ch\/?post_type=news&#038;p=57891"},"modified":"2024-02-23T11:00:52","modified_gmt":"2024-02-23T10:00:52","slug":"apprentissage-tout-au-long-de-la-vie-dans-les-entreprises-il-faut-repenser-la-formation-continue","status":"publish","type":"news","link":"https:\/\/alice.ch\/fr\/news\/apprentissage-tout-au-long-de-la-vie-dans-les-entreprises-il-faut-repenser-la-formation-continue\/","title":{"rendered":"Apprentissage tout au long de la vie dans les entreprises: il faut repenser la formation continue"},"content":{"rendered":"\n<p class=\"is-style-lead\">Les entreprises sont de plus en plus nombreuses \u00e0 se fixer comme objectif de d\u00e9velopper les comp\u00e9tences de leurs collaboratrices et collaborateurs par la formation continue. Et elles sont bien inspir\u00e9es de le faire. Dans les organisations agiles, la formation&nbsp;continue professionnelle devient un \u00e9l\u00e9ment indissociable de la performance. En cons\u00e9quence, il faut repenser l\u2019apprentissage.<\/p>\n\n\n\n<p><em>Ronald Schenkel<\/em><\/p>\n\n\n\n<p>L\u2019ann\u00e9e derni\u00e8re, pr\u00e8s de la moiti\u00e9 des employ\u00e9es et employ\u00e9s en Suisse a particip\u00e9 \u00e0 <a href=\"https:\/\/alice.ch\/fr\/news\/les-employeurs-soutiennent-la-formation-continue-de-leur-personnel-mais\/\">au moins une formation continue \u00e0 des fins professionnelles<\/a>. Ce chiffre, indiscutablement \u00e9lev\u00e9, montre l\u2019importance accord\u00e9e par les entreprises aux comp\u00e9tences techniques actuelles de leurs collaboratrices et collaborateurs. Dans un contexte o\u00f9 la main-d\u2019\u0153uvre sp\u00e9cialis\u00e9e fait d\u00e9faut, la formation continue est souvent la solution pour \u00e9viter les situations de p\u00e9nurie. Pour les entreprises, la formation continue est aussi devenue un outil pour promouvoir leur image d\u2019employeur. Elles am\u00e9liorent ainsi leur attractivit\u00e9, comme le <a href=\"hhttps:\/\/alice.ch\/fr\/news\/les-entreprises-qui-investissent-dans-la-formation-continue-de-leur-personnel-ameliorent-leur-attractivite\/\">constate<\/a> Annalisa Job, vice-pr\u00e9sidente Marketing et Communication chez Adecco Groupe Suisse, dans un entretien avec la FSEA. Une entreprise sera consid\u00e9r\u00e9e comme particuli\u00e8rement innovante si non seulement elle propose \u00e0 ses collaborateurs et collaboratrices une offre de formation continue professionnelle au sens strict, mais si elle permet aussi d\u2019apprendre de nouvelles choses, au-del\u00e0\u00a0de son propre domaine.<\/p>\n\n\n\n<h2 class=\"wp-block-heading\">Vers un nouvel apprentissage<\/h2>\n\n\n\n<p>Mais nous ne sommes probablement qu\u2019au d\u00e9but d\u2019une r\u00e9vision du sens de la formation continue professionnelle ou de la formation continue en entreprise. Aujourd\u2019hui, de nombreuses entreprises sont contraintes de modifier leurs structures pour adopter une organisation agile. Elles ne le font pas sans raison. Certaines entreprises suisses sont depuis longtemps confront\u00e9es \u00e0 la concurrence globale. Avec la transformation num\u00e9rique, c\u2019est aussi une r\u00e9alit\u00e9 pour des secteurs qui, auparavant, pouvaient exercer leur activit\u00e9 \u00e0 l\u2019\u00e9chelle locale, sur des march\u00e9s de niche. Le secteur de la formation continue est \u00e9galement confront\u00e9 \u00e0 cette nouvelle r\u00e9alit\u00e9, comme l\u2019admettent diff\u00e9rents repr\u00e9sentants et repr\u00e9sentantes du secteur.<\/p>\n\n\n\n<p>Une organisation agile est dans le m\u00eame temps une organisation apprenante. Les collaboratrices et collaborateurs endossent une plus grande responsabilit\u00e9, pas seulement dans l\u2019ex\u00e9cution de leurs t\u00e2ches quotidiennes. Ils sont aussi beaucoup plus impliqu\u00e9s dans le d\u00e9veloppement des produits, dans les relations avec la client\u00e8le et dans d\u2019autres domaines d\u2019innovation de l\u2019entreprise.<\/p>\n\n\n\n<h2 class=\"wp-block-heading\">Un besoin accru d\u2019apprentissage<\/h2>\n\n\n\n<p>Le besoin de formation continue devrait \u00eatre sensiblement plus \u00e9lev\u00e9 dans une entreprise agile que par le pass\u00e9, dans les entreprises traditionnelles. Ce n\u2019est une nouveaut\u00e9 pour personne: la formation continue telle qu\u2019elle existait au dernier&nbsp;mill\u00e9naire a fait son temps. \u00c0 l\u2019\u00e9poque, la participation \u00e0 des s\u00e9minaires \u00e9tait plut\u00f4t per\u00e7ue comme un temps de pause. L\u2019application des connaissances apprises dans le travail quotidien ne faisait pas partie des r\u00e9flexions. Concevoir la formation continue comme une activit\u00e9 dissoci\u00e9e du temps de travail est probablement d\u00e9pass\u00e9. Dans le monde moderne, les formations continues ont de plus en plus tendance \u00e0 \u00eatre directement int\u00e9gr\u00e9es dans le lieu de travail sous forme de petites unit\u00e9s. La formation continue fait ainsi partie int\u00e9grante de l\u2019activit\u00e9: apprendre et travailler au sens strict sont deux t\u00e2ches de plus en plus \u00e9troitement li\u00e9es.<\/p>\n\n\n\n<p>Deux \u00e9l\u00e9ments jouent un r\u00f4le important. L\u2019intelligence artificielle (IA) accompagnera de plus en plus l\u2019apprentissage. Les \u00abchatbots\u00bb assurent des fonctions qui aident les apprenantes et apprenants \u00e0 assimiler les enseignements et, dans certains cas, remplacent les formatrices et formateurs. Cela dit, l\u2019apprentissage autonome deviendra peut-\u00eatre le format le plus r\u00e9pandu dans la formation continue.<\/p>\n\n\n\n<h2 class=\"wp-block-heading\">Situation d\u2019\u00e9chec \u00e0 cause de la lecture<\/h2>\n\n\n\n<p>L\u2019apprentissage autonome pr\u00e9sente de nombreux avantages, surtout pour les entreprises. Ce format est nettement moins co\u00fbteux que la participation \u00e0 des formations ou le recrutement de formatrices ou formateurs externes. De plus, les collaboratrices et collaborateurs peuvent apprendre n\u2019importe o\u00f9 et n\u2019importe quand.<\/p>\n\n\n\n<p>Avec son think tank&nbsp;<a href=\"https:\/\/thinktank-transit.ch\/\">TRANSIT<\/a>, la FSEA met en lumi\u00e8re des th\u00e8mes sur l\u2019avenir de la formation continue, parmi lesquels l\u2019influence de l\u2019IA et de l\u2019apprentissage autonome sur la formation continue. TRANSIT fait r\u00e9f\u00e9rence \u00e0 des probl\u00e9matiques qui ne doivent pas \u00eatre \u00e9lud\u00e9es par l\u2019enthousiasme des personnes partisanes de l\u2019IA. La capacit\u00e9 \u00e0 pouvoir apprendre fait partie de ces probl\u00e8mes. Ainsi, <a href=\"https:\/\/katrinpiazza.ch\/\" target=\"_blank\" rel=\"noreferrer noopener\">Katrin Piazza<\/a>, coach en apprentissage, rencontre r\u00e9guli\u00e8rement des professionnelles et professionnels chevronn\u00e9s, pour qui l\u2019auto-apprentissage ne fonctionne pas. Souvent, c\u2019est une comp\u00e9tence pr\u00e9tendument \u00e9vidente, comme la lecture, qui fait d\u00e9faut. \u00abLes gens souhaitent lire un texte technique comme un roman. Ils y consacrent beaucoup de temps, mais ne retiennent pas l\u2019essentiel.\u00bb Ou ils n\u2019arrivent pas \u00e0 int\u00e9grer leurs unit\u00e9s d\u2019apprentissage dans leur semaine de travail d\u00e9j\u00e0 bien remplie, ou \u00e0 les effectuer dans le temps imparti. \u00c0 la fin de la dur\u00e9e pr\u00e9vue, certaines personnes se retrouvent donc devant une montagne d\u2019unit\u00e9s d\u2019apprentissage non r\u00e9alis\u00e9es.<\/p>\n\n\n\n<h2 class=\"wp-block-heading\">D\u00e9velopper la comp\u00e9tence d\u2019apprentissage<\/h2>\n\n\n\n<p>Ces situations ne sont pas seulement frustrantes pour les personnes apprenantes: elles sont aussi source de stress. Vers qui ces personnes peuvent-elles se tourner dans de tels cas? Tr\u00e8s peu d\u2019entre elles feront part de leur incapacit\u00e9 \u2013 qu\u2019elles-m\u00eames, bien souvent, ne comprennent pas \u2013 \u00e0 leur sup\u00e9rieure ou sup\u00e9rieur hi\u00e9rarchique ou au service HR. Elles le feront d\u2019autant moins dans une entreprise o\u00f9 les collaborateurs et collaboratrices qui se distinguent sont ceux qui sont le plus \u00e0 l\u2019aise avec les innovations. Pourtant, il est n\u00e9cessaire de d\u00e9velopper la comp\u00e9tence d\u2019apprentissage l\u00e0 o\u00f9 elle devient une condition n\u00e9cessaire \u00e0 la performance au travail.<\/p>\n\n\n\n<p>Ce serait na\u00eff de croire que les prochaines g\u00e9n\u00e9rations auront acquis cette comp\u00e9tence dans leur parcours scolaire. L\u2019\u00e9cole d\u00e9veloppe peu la comp\u00e9tence d\u2019apprentissage. T\u00f4t ou tard, les entreprises constateront que la formation continue de leur personnel devra aller vers un renforcement de cette comp\u00e9tence. Il s\u2019agit peut-\u00eatre d\u2019une comp\u00e9tence essentielle dont on n\u2019a pas encore pleinement mesur\u00e9 l\u2019importance. Mais il semble que le moment soit venu de le faire.<\/p>\n\n\n\n<p><em>Cet article a d\u2019abord \u00e9t\u00e9 publi\u00e9 dans le cahier sp\u00e9cial \u00abWeiterbildung &amp; Karriere\u00bb (Formation continue et Carri\u00e8re) du journal&nbsp;<\/em><a href=\"https:\/\/www.handelszeitung.ch\/specials\/weiterbildung-karriere-2024\/weiterbildung-muss-neu-gedacht-werden-681494\" target=\"_blank\" rel=\"noreferrer noopener\"><em>Handelszeitung<\/em><\/a><em>.<\/em><\/p>\n","protected":false},"excerpt":{"rendered":"<p>Les entreprises sont de plus en plus nombreuses \u00e0 se fixer comme objectif de d\u00e9velopper les comp\u00e9tences de leurs collaboratrices [&hellip;]<\/p>\n","protected":false},"author":27,"featured_media":57701,"template":"","meta":{"_acf_changed":false,"inline_featured_image":false,"footnotes":""},"news-category":[85],"global-category":[],"class_list":["post-57891","news","type-news","status-publish","has-post-thumbnail","hentry","news-category-secteur"],"acf":[],"yoast_head":"<!-- This site is optimized with the Yoast SEO plugin v27.3 - https:\/\/yoast.com\/product\/yoast-seo-wordpress\/ -->\n<title>Apprentissage tout au long de la vie dans les entreprises: il faut repenser la formation continue - FSEA<\/title>\n<meta name=\"robots\" content=\"index, follow, max-snippet:-1, max-image-preview:large, max-video-preview:-1\" \/>\n<link rel=\"canonical\" href=\"https:\/\/alice.ch\/fr\/news\/apprentissage-tout-au-long-de-la-vie-dans-les-entreprises-il-faut-repenser-la-formation-continue\/\" \/>\n<meta property=\"og:locale\" content=\"fr_FR\" \/>\n<meta property=\"og:type\" content=\"article\" \/>\n<meta property=\"og:title\" content=\"Apprentissage tout au long de la vie dans les entreprises: il faut repenser la formation continue - FSEA\" \/>\n<meta property=\"og:description\" content=\"Les entreprises sont de plus en plus nombreuses \u00e0 se fixer comme objectif de d\u00e9velopper les comp\u00e9tences de leurs collaboratrices [&hellip;]\" \/>\n<meta property=\"og:url\" content=\"https:\/\/alice.ch\/fr\/news\/apprentissage-tout-au-long-de-la-vie-dans-les-entreprises-il-faut-repenser-la-formation-continue\/\" \/>\n<meta property=\"og:site_name\" content=\"SVEB\" \/>\n<meta property=\"article:modified_time\" content=\"2024-02-23T10:00:52+00:00\" \/>\n<meta property=\"og:image\" content=\"https:\/\/alice.ch\/app\/uploads\/2024\/02\/nick-fithen-Y125COCWeuQ-unsplash-crop.png\" \/>\n\t<meta property=\"og:image:width\" content=\"1200\" \/>\n\t<meta property=\"og:image:height\" content=\"627\" \/>\n\t<meta property=\"og:image:type\" content=\"image\/png\" \/>\n<meta name=\"twitter:card\" content=\"summary_large_image\" \/>\n<meta name=\"twitter:label1\" content=\"Dur\u00e9e de lecture estim\u00e9e\" \/>\n\t<meta name=\"twitter:data1\" content=\"5 minutes\" \/>\n<script type=\"application\/ld+json\" class=\"yoast-schema-graph\">{\"@context\":\"https:\\\/\\\/schema.org\",\"@graph\":[{\"@type\":\"WebPage\",\"@id\":\"https:\\\/\\\/alice.ch\\\/fr\\\/news\\\/apprentissage-tout-au-long-de-la-vie-dans-les-entreprises-il-faut-repenser-la-formation-continue\\\/\",\"url\":\"https:\\\/\\\/alice.ch\\\/fr\\\/news\\\/apprentissage-tout-au-long-de-la-vie-dans-les-entreprises-il-faut-repenser-la-formation-continue\\\/\",\"name\":\"Apprentissage tout au long de la vie dans les entreprises: il faut repenser la formation continue - FSEA\",\"isPartOf\":{\"@id\":\"https:\\\/\\\/alice.ch\\\/fr\\\/#website\"},\"primaryImageOfPage\":{\"@id\":\"https:\\\/\\\/alice.ch\\\/fr\\\/news\\\/apprentissage-tout-au-long-de-la-vie-dans-les-entreprises-il-faut-repenser-la-formation-continue\\\/#primaryimage\"},\"image\":{\"@id\":\"https:\\\/\\\/alice.ch\\\/fr\\\/news\\\/apprentissage-tout-au-long-de-la-vie-dans-les-entreprises-il-faut-repenser-la-formation-continue\\\/#primaryimage\"},\"thumbnailUrl\":\"https:\\\/\\\/alice.ch\\\/app\\\/uploads\\\/2024\\\/02\\\/nick-fithen-Y125COCWeuQ-unsplash-crop.png\",\"datePublished\":\"2024-02-15T12:46:11+00:00\",\"dateModified\":\"2024-02-23T10:00:52+00:00\",\"breadcrumb\":{\"@id\":\"https:\\\/\\\/alice.ch\\\/fr\\\/news\\\/apprentissage-tout-au-long-de-la-vie-dans-les-entreprises-il-faut-repenser-la-formation-continue\\\/#breadcrumb\"},\"inLanguage\":\"fr-FR\",\"potentialAction\":[{\"@type\":\"ReadAction\",\"target\":[\"https:\\\/\\\/alice.ch\\\/fr\\\/news\\\/apprentissage-tout-au-long-de-la-vie-dans-les-entreprises-il-faut-repenser-la-formation-continue\\\/\"]}]},{\"@type\":\"ImageObject\",\"inLanguage\":\"fr-FR\",\"@id\":\"https:\\\/\\\/alice.ch\\\/fr\\\/news\\\/apprentissage-tout-au-long-de-la-vie-dans-les-entreprises-il-faut-repenser-la-formation-continue\\\/#primaryimage\",\"url\":\"https:\\\/\\\/alice.ch\\\/app\\\/uploads\\\/2024\\\/02\\\/nick-fithen-Y125COCWeuQ-unsplash-crop.png\",\"contentUrl\":\"https:\\\/\\\/alice.ch\\\/app\\\/uploads\\\/2024\\\/02\\\/nick-fithen-Y125COCWeuQ-unsplash-crop.png\",\"width\":1200,\"height\":627},{\"@type\":\"BreadcrumbList\",\"@id\":\"https:\\\/\\\/alice.ch\\\/fr\\\/news\\\/apprentissage-tout-au-long-de-la-vie-dans-les-entreprises-il-faut-repenser-la-formation-continue\\\/#breadcrumb\",\"itemListElement\":[{\"@type\":\"ListItem\",\"position\":1,\"name\":\"Page d'accueil\",\"item\":\"https:\\\/\\\/alice.ch\\\/fr\\\/\"},{\"@type\":\"ListItem\",\"position\":2,\"name\":\"Apprentissage tout au long de la vie dans les entreprises: il faut repenser la formation continue\"}]},{\"@type\":\"WebSite\",\"@id\":\"https:\\\/\\\/alice.ch\\\/fr\\\/#website\",\"url\":\"https:\\\/\\\/alice.ch\\\/fr\\\/\",\"name\":\"alice.ch (Adult Learning Information Center) ist das Portal der Weiterbildung in der Schweiz.\",\"description\":\"Schweizerischer Verband f\u00fcr Weiterbildung\",\"publisher\":{\"@id\":\"https:\\\/\\\/alice.ch\\\/fr\\\/#organization\"},\"potentialAction\":[{\"@type\":\"SearchAction\",\"target\":{\"@type\":\"EntryPoint\",\"urlTemplate\":\"https:\\\/\\\/alice.ch\\\/fr\\\/?s={search_term_string}\"},\"query-input\":{\"@type\":\"PropertyValueSpecification\",\"valueRequired\":true,\"valueName\":\"search_term_string\"}}],\"inLanguage\":\"fr-FR\"},{\"@type\":\"Organization\",\"@id\":\"https:\\\/\\\/alice.ch\\\/fr\\\/#organization\",\"name\":\"FSEA F\u00e9d\u00e9ration suisse pour la formation continue\",\"url\":\"https:\\\/\\\/alice.ch\\\/fr\\\/\",\"logo\":{\"@type\":\"ImageObject\",\"inLanguage\":\"fr-FR\",\"@id\":\"https:\\\/\\\/alice.ch\\\/fr\\\/#\\\/schema\\\/logo\\\/image\\\/\",\"url\":\"https:\\\/\\\/alice.ch\\\/app\\\/uploads\\\/2022\\\/07\\\/logo-sveb.png\",\"contentUrl\":\"https:\\\/\\\/alice.ch\\\/app\\\/uploads\\\/2022\\\/07\\\/logo-sveb.png\",\"width\":145,\"height\":64,\"caption\":\"FSEA F\u00e9d\u00e9ration suisse pour la formation continue\"},\"image\":{\"@id\":\"https:\\\/\\\/alice.ch\\\/fr\\\/#\\\/schema\\\/logo\\\/image\\\/\"},\"sameAs\":[\"https:\\\/\\\/www.linkedin.com\\\/company\\\/schweizerischer-verband-fr-weiterbildung-sveb\\\/\"]}]}<\/script>\n<!-- \/ Yoast SEO plugin. -->","yoast_head_json":{"title":"Apprentissage tout au long de la vie dans les entreprises: il faut repenser la formation continue - FSEA","robots":{"index":"index","follow":"follow","max-snippet":"max-snippet:-1","max-image-preview":"max-image-preview:large","max-video-preview":"max-video-preview:-1"},"canonical":"https:\/\/alice.ch\/fr\/news\/apprentissage-tout-au-long-de-la-vie-dans-les-entreprises-il-faut-repenser-la-formation-continue\/","og_locale":"fr_FR","og_type":"article","og_title":"Apprentissage tout au long de la vie dans les entreprises: il faut repenser la formation continue - FSEA","og_description":"Les entreprises sont de plus en plus nombreuses \u00e0 se fixer comme objectif de d\u00e9velopper les comp\u00e9tences de leurs collaboratrices [&hellip;]","og_url":"https:\/\/alice.ch\/fr\/news\/apprentissage-tout-au-long-de-la-vie-dans-les-entreprises-il-faut-repenser-la-formation-continue\/","og_site_name":"SVEB","article_modified_time":"2024-02-23T10:00:52+00:00","og_image":[{"width":1200,"height":627,"url":"https:\/\/alice.ch\/app\/uploads\/2024\/02\/nick-fithen-Y125COCWeuQ-unsplash-crop.png","type":"image\/png"}],"twitter_card":"summary_large_image","twitter_misc":{"Dur\u00e9e de lecture estim\u00e9e":"5 minutes"},"schema":{"@context":"https:\/\/schema.org","@graph":[{"@type":"WebPage","@id":"https:\/\/alice.ch\/fr\/news\/apprentissage-tout-au-long-de-la-vie-dans-les-entreprises-il-faut-repenser-la-formation-continue\/","url":"https:\/\/alice.ch\/fr\/news\/apprentissage-tout-au-long-de-la-vie-dans-les-entreprises-il-faut-repenser-la-formation-continue\/","name":"Apprentissage tout au long de la vie dans les entreprises: il faut repenser la formation continue - FSEA","isPartOf":{"@id":"https:\/\/alice.ch\/fr\/#website"},"primaryImageOfPage":{"@id":"https:\/\/alice.ch\/fr\/news\/apprentissage-tout-au-long-de-la-vie-dans-les-entreprises-il-faut-repenser-la-formation-continue\/#primaryimage"},"image":{"@id":"https:\/\/alice.ch\/fr\/news\/apprentissage-tout-au-long-de-la-vie-dans-les-entreprises-il-faut-repenser-la-formation-continue\/#primaryimage"},"thumbnailUrl":"https:\/\/alice.ch\/app\/uploads\/2024\/02\/nick-fithen-Y125COCWeuQ-unsplash-crop.png","datePublished":"2024-02-15T12:46:11+00:00","dateModified":"2024-02-23T10:00:52+00:00","breadcrumb":{"@id":"https:\/\/alice.ch\/fr\/news\/apprentissage-tout-au-long-de-la-vie-dans-les-entreprises-il-faut-repenser-la-formation-continue\/#breadcrumb"},"inLanguage":"fr-FR","potentialAction":[{"@type":"ReadAction","target":["https:\/\/alice.ch\/fr\/news\/apprentissage-tout-au-long-de-la-vie-dans-les-entreprises-il-faut-repenser-la-formation-continue\/"]}]},{"@type":"ImageObject","inLanguage":"fr-FR","@id":"https:\/\/alice.ch\/fr\/news\/apprentissage-tout-au-long-de-la-vie-dans-les-entreprises-il-faut-repenser-la-formation-continue\/#primaryimage","url":"https:\/\/alice.ch\/app\/uploads\/2024\/02\/nick-fithen-Y125COCWeuQ-unsplash-crop.png","contentUrl":"https:\/\/alice.ch\/app\/uploads\/2024\/02\/nick-fithen-Y125COCWeuQ-unsplash-crop.png","width":1200,"height":627},{"@type":"BreadcrumbList","@id":"https:\/\/alice.ch\/fr\/news\/apprentissage-tout-au-long-de-la-vie-dans-les-entreprises-il-faut-repenser-la-formation-continue\/#breadcrumb","itemListElement":[{"@type":"ListItem","position":1,"name":"Page d'accueil","item":"https:\/\/alice.ch\/fr\/"},{"@type":"ListItem","position":2,"name":"Apprentissage tout au long de la vie dans les entreprises: il faut repenser la formation continue"}]},{"@type":"WebSite","@id":"https:\/\/alice.ch\/fr\/#website","url":"https:\/\/alice.ch\/fr\/","name":"alice.ch (Adult Learning Information Center) ist das Portal der Weiterbildung in der Schweiz.","description":"Schweizerischer Verband f\u00fcr Weiterbildung","publisher":{"@id":"https:\/\/alice.ch\/fr\/#organization"},"potentialAction":[{"@type":"SearchAction","target":{"@type":"EntryPoint","urlTemplate":"https:\/\/alice.ch\/fr\/?s={search_term_string}"},"query-input":{"@type":"PropertyValueSpecification","valueRequired":true,"valueName":"search_term_string"}}],"inLanguage":"fr-FR"},{"@type":"Organization","@id":"https:\/\/alice.ch\/fr\/#organization","name":"FSEA F\u00e9d\u00e9ration suisse pour la formation continue","url":"https:\/\/alice.ch\/fr\/","logo":{"@type":"ImageObject","inLanguage":"fr-FR","@id":"https:\/\/alice.ch\/fr\/#\/schema\/logo\/image\/","url":"https:\/\/alice.ch\/app\/uploads\/2022\/07\/logo-sveb.png","contentUrl":"https:\/\/alice.ch\/app\/uploads\/2022\/07\/logo-sveb.png","width":145,"height":64,"caption":"FSEA F\u00e9d\u00e9ration suisse pour la formation continue"},"image":{"@id":"https:\/\/alice.ch\/fr\/#\/schema\/logo\/image\/"},"sameAs":["https:\/\/www.linkedin.com\/company\/schweizerischer-verband-fr-weiterbildung-sveb\/"]}]}},"_links":{"self":[{"href":"https:\/\/alice.ch\/fr\/wp-json\/wp\/v2\/news\/57891","targetHints":{"allow":["GET"]}}],"collection":[{"href":"https:\/\/alice.ch\/fr\/wp-json\/wp\/v2\/news"}],"about":[{"href":"https:\/\/alice.ch\/fr\/wp-json\/wp\/v2\/types\/news"}],"author":[{"embeddable":true,"href":"https:\/\/alice.ch\/fr\/wp-json\/wp\/v2\/users\/27"}],"version-history":[{"count":1,"href":"https:\/\/alice.ch\/fr\/wp-json\/wp\/v2\/news\/57891\/revisions"}],"predecessor-version":[{"id":57892,"href":"https:\/\/alice.ch\/fr\/wp-json\/wp\/v2\/news\/57891\/revisions\/57892"}],"wp:featuredmedia":[{"embeddable":true,"href":"https:\/\/alice.ch\/fr\/wp-json\/wp\/v2\/media\/57701"}],"wp:attachment":[{"href":"https:\/\/alice.ch\/fr\/wp-json\/wp\/v2\/media?parent=57891"}],"wp:term":[{"taxonomy":"news-category","embeddable":true,"href":"https:\/\/alice.ch\/fr\/wp-json\/wp\/v2\/news-category?post=57891"},{"taxonomy":"global-category","embeddable":true,"href":"https:\/\/alice.ch\/fr\/wp-json\/wp\/v2\/global-category?post=57891"}],"curies":[{"name":"wp","href":"https:\/\/api.w.org\/{rel}","templated":true}]}}