{"id":63352,"date":"2024-10-07T08:54:12","date_gmt":"2024-10-07T06:54:12","guid":{"rendered":"https:\/\/alice.ch\/?post_type=news&#038;p=63352"},"modified":"2024-10-21T16:04:55","modified_gmt":"2024-10-21T14:04:55","slug":"les-avantages-du-blended-learning-pour-les-personnes-qui-apprennent-et-pour-celles-qui-enseignent","status":"publish","type":"news","link":"https:\/\/alice.ch\/fr\/news\/les-avantages-du-blended-learning-pour-les-personnes-qui-apprennent-et-pour-celles-qui-enseignent\/","title":{"rendered":"Les avantages du Blended Learning pour les personnes qui apprennent et pour celles qui enseignent"},"content":{"rendered":"\n<p class=\"is-style-lead\">Un rapport r\u00e9cent met en lumi\u00e8re le potentiel du blended learning au niveau europ\u00e9en. Il en ressort que le blended learning permet d&rsquo;augmenter la motivation et l&rsquo;engagement. Pourtant, l&rsquo;int\u00e9gration du blended learning dans la pratique est encore insuffisante dans de nombreux pays.<\/p>\n\n\n\n<p>Le blended learning allie des formes d&rsquo;enseignement traditionnelles (comme les cours en pr\u00e9sentiel) \u00e0 des offres d&rsquo;apprentissage num\u00e9riques. Les progr\u00e8s technologiques rapides et l&rsquo;enseignement \u00e0 distance mis en place en urgence lors de la pand\u00e9mie de Covid ont fortement acc\u00e9l\u00e9r\u00e9 l&rsquo;introduction d&rsquo;outils num\u00e9riques et ont mis en \u00e9vidence le potentiel de cette forme d&rsquo;apprentissage mixte.<\/p>\n\n\n\n<p>Dans ce contexte, un <a href=\"https:\/\/op.europa.eu\/en\/publication-detail\/-\/publication\/3a2c7879-667e-11ef-a8ba-01aa75ed71a1\">rapport r\u00e9cent du R\u00e9seau europ\u00e9en d&rsquo;experts en \u00e9conomie de l&rsquo;\u00e9ducation (EENEE) <\/a>d\u00e9crit l&rsquo;\u00e9volution, l&rsquo;\u00e9tat de la mise en \u0153uvre et les d\u00e9fis futurs de la dimension digitale du blended learning dans les syst\u00e8mes \u00e9ducatifs europ\u00e9ens.<\/p>\n\n\n\n<h2 class=\"wp-block-heading\">Une approche plus inclusive et plus centr\u00e9e sur la personne apprenante<\/h2>\n\n\n\n<p>Le rapport constate une augmentation g\u00e9n\u00e9rale de la diffusion de l&rsquo;apprentissage mixte en Europe. Cela s&rsquo;explique principalement par le fait que l&rsquo;enseignement mixte est consid\u00e9r\u00e9 comme un moyen d&rsquo;offrir des exp\u00e9riences d&rsquo;apprentissage plus inclusives et centr\u00e9es sur l&rsquo;apprenant, en favorisant l&rsquo;autonomie et la flexibilit\u00e9 en termes d&rsquo;approche, de lieu et de temps d&rsquo;apprentissage. Le rapport, qui relie plusieurs \u00e9tudes externes, constate que l&rsquo;apprentissage mixte a un impact positif sur les r\u00e9sultats d&rsquo;apprentissage, en particulier dans l&rsquo;enseignement primaire et secondaire, en augmentant la motivation et l&rsquo;engagement des \u00e9l\u00e8ves. Pour la formation des enseignants, l&rsquo;apprentissage mixte offre le potentiel d&rsquo;am\u00e9liorer les pratiques p\u00e9dagogiques. par cons\u00e9quent, on s&rsquo;attend \u00e0 ce que les outils et les plateformes num\u00e9riques am\u00e9liorent l&rsquo;\u00e9valuation et l&rsquo;intervention des enseignants dans le processus d&rsquo;apprentissage.<\/p>\n\n\n\n<h2 class=\"wp-block-heading\">Pas d&rsquo;int\u00e9gration syst\u00e9matique<\/h2>\n\n\n\n<p>Pourtant, selon le rapport, il manque une int\u00e9gration syst\u00e9matique du blended learning dans la pratique dans l&rsquo;ensemble de l&rsquo;UE. Par exemple, aux Pays-Bas, en Finlande et en Su\u00e8de, environ 50 % des apprenants ont utilis\u00e9 des offres de formation en ligne en 2023, alors qu&rsquo;en Roumanie, cela ne concerne qu&rsquo;environ 10 % des apprenantes. Parmi les d\u00e9fis \u00e0 relever pour renforcer la dimension num\u00e9rique du blended learning figurent, selon le rapport, des investissements \u00e9lev\u00e9s dans les technologies de l&rsquo;information et l&rsquo;infrastructure num\u00e9rique, des facteurs sociaux et institutionnels ainsi que des diff\u00e9rences en mati\u00e8re de comp\u00e9tences num\u00e9riques.<\/p>\n\n\n\n<p>Pour les formatrices et formateurs qui doivent mettre en place des outils num\u00e9riques pour pouvoir proposer un apprentissage mixte (blended learning), des d\u00e9fis subsistent, comme par exemple le fait qu&rsquo;ils doivent combler la fracture num\u00e9rique entre les g\u00e9n\u00e9rations et les r\u00e9gions ou faire face \u00e0 la r\u00e9sistance au changement. Il ressort \u00e9galement du rapport que les coop\u00e9rations et les partenariats mondiaux repr\u00e9sentent des solutions importantes pour renforcer les comp\u00e9tences des enseignants dans ce domaine.<\/p>\n\n\n\n<p>En ce qui concerne l&rsquo;avenir de l&rsquo;apprentissage mixte, le rapport identifie les technologies \u00e9mergentes telles que l&rsquo;intelligence artificielle, la r\u00e9alit\u00e9 virtuelle, les outils de gamification et le m\u00e9tavers comme des moteurs influents pour la poursuite de la num\u00e9risation. Leur efficacit\u00e9 d\u00e9pendra toutefois de la mani\u00e8re dont les pratiques et les politiques \u00e9ducatives seront con\u00e7ues et mises en \u0153uvre aux niveaux national et europ\u00e9en.<\/p>\n\n\n\n<h2 class=\"wp-block-heading\">Plus d&rsquo;informations<\/h2>\n\n\n\n<div class=\"wp-block-buttons is-layout-flex wp-block-buttons-is-layout-flex\">\n<div class=\"wp-block-button has-custom-width wp-block-button__width-100 is-style-minimal\"><a class=\"wp-block-button__link wp-element-button\" href=\"https:\/\/op.europa.eu\/en\/publication-detail\/-\/publication\/3a2c7879-667e-11ef-a8ba-01aa75ed71a1\" target=\"_blank\" rel=\"noreferrer noopener\">voir le rapport (anglais)<\/a><\/div>\n<\/div>\n","protected":false},"excerpt":{"rendered":"<p>Un rapport r\u00e9cent met en lumi\u00e8re le potentiel du blended learning au niveau europ\u00e9en. Il en ressort que le blended [&hellip;]<\/p>\n","protected":false},"author":27,"featured_media":62946,"template":"","meta":{"_acf_changed":false,"inline_featured_image":false,"footnotes":""},"news-category":[80],"global-category":[119,111],"class_list":["post-63352","news","type-news","status-publish","has-post-thumbnail","hentry","news-category-numerisation","global-category-digitalisierung-fr","global-category-professionalisierung-fr"],"acf":[],"yoast_head":"<!-- This site is optimized with the Yoast SEO plugin v27.3 - https:\/\/yoast.com\/product\/yoast-seo-wordpress\/ -->\n<title>Les avantages du Blended Learning pour les personnes qui apprennent et pour celles qui enseignent - FSEA<\/title>\n<meta name=\"robots\" content=\"index, follow, max-snippet:-1, max-image-preview:large, max-video-preview:-1\" \/>\n<link rel=\"canonical\" href=\"https:\/\/alice.ch\/fr\/news\/les-avantages-du-blended-learning-pour-les-personnes-qui-apprennent-et-pour-celles-qui-enseignent\/\" \/>\n<meta property=\"og:locale\" content=\"fr_FR\" \/>\n<meta property=\"og:type\" content=\"article\" \/>\n<meta property=\"og:title\" content=\"Les avantages du Blended Learning pour les personnes qui apprennent et pour celles qui enseignent - FSEA\" \/>\n<meta property=\"og:description\" content=\"Un rapport r\u00e9cent met en lumi\u00e8re le potentiel du blended learning au niveau europ\u00e9en. Il en ressort que le blended [&hellip;]\" \/>\n<meta property=\"og:url\" content=\"https:\/\/alice.ch\/fr\/news\/les-avantages-du-blended-learning-pour-les-personnes-qui-apprennent-et-pour-celles-qui-enseignent\/\" \/>\n<meta property=\"og:site_name\" content=\"SVEB\" \/>\n<meta property=\"article:modified_time\" content=\"2024-10-21T14:04:55+00:00\" \/>\n<meta property=\"og:image\" content=\"https:\/\/alice.ch\/app\/uploads\/2024\/10\/josefa-ndiaz-IzmdWT2lW5Q-unsplash1.jpg\" \/>\n\t<meta property=\"og:image:width\" content=\"1200\" \/>\n\t<meta property=\"og:image:height\" content=\"627\" \/>\n\t<meta property=\"og:image:type\" content=\"image\/jpeg\" \/>\n<meta name=\"twitter:card\" content=\"summary_large_image\" \/>\n<meta name=\"twitter:label1\" content=\"Dur\u00e9e de lecture estim\u00e9e\" \/>\n\t<meta name=\"twitter:data1\" content=\"3 minutes\" \/>\n<script type=\"application\/ld+json\" class=\"yoast-schema-graph\">{\"@context\":\"https:\\\/\\\/schema.org\",\"@graph\":[{\"@type\":\"WebPage\",\"@id\":\"https:\\\/\\\/alice.ch\\\/fr\\\/news\\\/les-avantages-du-blended-learning-pour-les-personnes-qui-apprennent-et-pour-celles-qui-enseignent\\\/\",\"url\":\"https:\\\/\\\/alice.ch\\\/fr\\\/news\\\/les-avantages-du-blended-learning-pour-les-personnes-qui-apprennent-et-pour-celles-qui-enseignent\\\/\",\"name\":\"Les avantages du Blended Learning pour les personnes qui apprennent et pour celles qui enseignent - FSEA\",\"isPartOf\":{\"@id\":\"https:\\\/\\\/alice.ch\\\/fr\\\/#website\"},\"primaryImageOfPage\":{\"@id\":\"https:\\\/\\\/alice.ch\\\/fr\\\/news\\\/les-avantages-du-blended-learning-pour-les-personnes-qui-apprennent-et-pour-celles-qui-enseignent\\\/#primaryimage\"},\"image\":{\"@id\":\"https:\\\/\\\/alice.ch\\\/fr\\\/news\\\/les-avantages-du-blended-learning-pour-les-personnes-qui-apprennent-et-pour-celles-qui-enseignent\\\/#primaryimage\"},\"thumbnailUrl\":\"https:\\\/\\\/alice.ch\\\/app\\\/uploads\\\/2024\\\/10\\\/josefa-ndiaz-IzmdWT2lW5Q-unsplash1.jpg\",\"datePublished\":\"2024-10-07T06:54:12+00:00\",\"dateModified\":\"2024-10-21T14:04:55+00:00\",\"breadcrumb\":{\"@id\":\"https:\\\/\\\/alice.ch\\\/fr\\\/news\\\/les-avantages-du-blended-learning-pour-les-personnes-qui-apprennent-et-pour-celles-qui-enseignent\\\/#breadcrumb\"},\"inLanguage\":\"fr-FR\",\"potentialAction\":[{\"@type\":\"ReadAction\",\"target\":[\"https:\\\/\\\/alice.ch\\\/fr\\\/news\\\/les-avantages-du-blended-learning-pour-les-personnes-qui-apprennent-et-pour-celles-qui-enseignent\\\/\"]}]},{\"@type\":\"ImageObject\",\"inLanguage\":\"fr-FR\",\"@id\":\"https:\\\/\\\/alice.ch\\\/fr\\\/news\\\/les-avantages-du-blended-learning-pour-les-personnes-qui-apprennent-et-pour-celles-qui-enseignent\\\/#primaryimage\",\"url\":\"https:\\\/\\\/alice.ch\\\/app\\\/uploads\\\/2024\\\/10\\\/josefa-ndiaz-IzmdWT2lW5Q-unsplash1.jpg\",\"contentUrl\":\"https:\\\/\\\/alice.ch\\\/app\\\/uploads\\\/2024\\\/10\\\/josefa-ndiaz-IzmdWT2lW5Q-unsplash1.jpg\",\"width\":1200,\"height\":627},{\"@type\":\"BreadcrumbList\",\"@id\":\"https:\\\/\\\/alice.ch\\\/fr\\\/news\\\/les-avantages-du-blended-learning-pour-les-personnes-qui-apprennent-et-pour-celles-qui-enseignent\\\/#breadcrumb\",\"itemListElement\":[{\"@type\":\"ListItem\",\"position\":1,\"name\":\"Page d'accueil\",\"item\":\"https:\\\/\\\/alice.ch\\\/fr\\\/\"},{\"@type\":\"ListItem\",\"position\":2,\"name\":\"Les avantages du Blended Learning pour les personnes qui apprennent et pour celles qui enseignent\"}]},{\"@type\":\"WebSite\",\"@id\":\"https:\\\/\\\/alice.ch\\\/fr\\\/#website\",\"url\":\"https:\\\/\\\/alice.ch\\\/fr\\\/\",\"name\":\"alice.ch (Adult Learning Information Center) ist das Portal der Weiterbildung in der Schweiz.\",\"description\":\"Schweizerischer Verband f\u00fcr Weiterbildung\",\"publisher\":{\"@id\":\"https:\\\/\\\/alice.ch\\\/fr\\\/#organization\"},\"potentialAction\":[{\"@type\":\"SearchAction\",\"target\":{\"@type\":\"EntryPoint\",\"urlTemplate\":\"https:\\\/\\\/alice.ch\\\/fr\\\/?s={search_term_string}\"},\"query-input\":{\"@type\":\"PropertyValueSpecification\",\"valueRequired\":true,\"valueName\":\"search_term_string\"}}],\"inLanguage\":\"fr-FR\"},{\"@type\":\"Organization\",\"@id\":\"https:\\\/\\\/alice.ch\\\/fr\\\/#organization\",\"name\":\"FSEA F\u00e9d\u00e9ration suisse pour la formation continue\",\"url\":\"https:\\\/\\\/alice.ch\\\/fr\\\/\",\"logo\":{\"@type\":\"ImageObject\",\"inLanguage\":\"fr-FR\",\"@id\":\"https:\\\/\\\/alice.ch\\\/fr\\\/#\\\/schema\\\/logo\\\/image\\\/\",\"url\":\"https:\\\/\\\/alice.ch\\\/app\\\/uploads\\\/2022\\\/07\\\/logo-sveb.png\",\"contentUrl\":\"https:\\\/\\\/alice.ch\\\/app\\\/uploads\\\/2022\\\/07\\\/logo-sveb.png\",\"width\":145,\"height\":64,\"caption\":\"FSEA F\u00e9d\u00e9ration suisse pour la formation continue\"},\"image\":{\"@id\":\"https:\\\/\\\/alice.ch\\\/fr\\\/#\\\/schema\\\/logo\\\/image\\\/\"},\"sameAs\":[\"https:\\\/\\\/www.linkedin.com\\\/company\\\/schweizerischer-verband-fr-weiterbildung-sveb\\\/\"]}]}<\/script>\n<!-- \/ Yoast SEO plugin. -->","yoast_head_json":{"title":"Les avantages du Blended Learning pour les personnes qui apprennent et pour celles qui enseignent - FSEA","robots":{"index":"index","follow":"follow","max-snippet":"max-snippet:-1","max-image-preview":"max-image-preview:large","max-video-preview":"max-video-preview:-1"},"canonical":"https:\/\/alice.ch\/fr\/news\/les-avantages-du-blended-learning-pour-les-personnes-qui-apprennent-et-pour-celles-qui-enseignent\/","og_locale":"fr_FR","og_type":"article","og_title":"Les avantages du Blended Learning pour les personnes qui apprennent et pour celles qui enseignent - FSEA","og_description":"Un rapport r\u00e9cent met en lumi\u00e8re le potentiel du blended learning au niveau europ\u00e9en. Il en ressort que le blended [&hellip;]","og_url":"https:\/\/alice.ch\/fr\/news\/les-avantages-du-blended-learning-pour-les-personnes-qui-apprennent-et-pour-celles-qui-enseignent\/","og_site_name":"SVEB","article_modified_time":"2024-10-21T14:04:55+00:00","og_image":[{"width":1200,"height":627,"url":"https:\/\/alice.ch\/app\/uploads\/2024\/10\/josefa-ndiaz-IzmdWT2lW5Q-unsplash1.jpg","type":"image\/jpeg"}],"twitter_card":"summary_large_image","twitter_misc":{"Dur\u00e9e de lecture estim\u00e9e":"3 minutes"},"schema":{"@context":"https:\/\/schema.org","@graph":[{"@type":"WebPage","@id":"https:\/\/alice.ch\/fr\/news\/les-avantages-du-blended-learning-pour-les-personnes-qui-apprennent-et-pour-celles-qui-enseignent\/","url":"https:\/\/alice.ch\/fr\/news\/les-avantages-du-blended-learning-pour-les-personnes-qui-apprennent-et-pour-celles-qui-enseignent\/","name":"Les avantages du Blended Learning pour les personnes qui apprennent et pour celles qui enseignent - FSEA","isPartOf":{"@id":"https:\/\/alice.ch\/fr\/#website"},"primaryImageOfPage":{"@id":"https:\/\/alice.ch\/fr\/news\/les-avantages-du-blended-learning-pour-les-personnes-qui-apprennent-et-pour-celles-qui-enseignent\/#primaryimage"},"image":{"@id":"https:\/\/alice.ch\/fr\/news\/les-avantages-du-blended-learning-pour-les-personnes-qui-apprennent-et-pour-celles-qui-enseignent\/#primaryimage"},"thumbnailUrl":"https:\/\/alice.ch\/app\/uploads\/2024\/10\/josefa-ndiaz-IzmdWT2lW5Q-unsplash1.jpg","datePublished":"2024-10-07T06:54:12+00:00","dateModified":"2024-10-21T14:04:55+00:00","breadcrumb":{"@id":"https:\/\/alice.ch\/fr\/news\/les-avantages-du-blended-learning-pour-les-personnes-qui-apprennent-et-pour-celles-qui-enseignent\/#breadcrumb"},"inLanguage":"fr-FR","potentialAction":[{"@type":"ReadAction","target":["https:\/\/alice.ch\/fr\/news\/les-avantages-du-blended-learning-pour-les-personnes-qui-apprennent-et-pour-celles-qui-enseignent\/"]}]},{"@type":"ImageObject","inLanguage":"fr-FR","@id":"https:\/\/alice.ch\/fr\/news\/les-avantages-du-blended-learning-pour-les-personnes-qui-apprennent-et-pour-celles-qui-enseignent\/#primaryimage","url":"https:\/\/alice.ch\/app\/uploads\/2024\/10\/josefa-ndiaz-IzmdWT2lW5Q-unsplash1.jpg","contentUrl":"https:\/\/alice.ch\/app\/uploads\/2024\/10\/josefa-ndiaz-IzmdWT2lW5Q-unsplash1.jpg","width":1200,"height":627},{"@type":"BreadcrumbList","@id":"https:\/\/alice.ch\/fr\/news\/les-avantages-du-blended-learning-pour-les-personnes-qui-apprennent-et-pour-celles-qui-enseignent\/#breadcrumb","itemListElement":[{"@type":"ListItem","position":1,"name":"Page d'accueil","item":"https:\/\/alice.ch\/fr\/"},{"@type":"ListItem","position":2,"name":"Les avantages du Blended Learning pour les personnes qui apprennent et pour celles qui enseignent"}]},{"@type":"WebSite","@id":"https:\/\/alice.ch\/fr\/#website","url":"https:\/\/alice.ch\/fr\/","name":"alice.ch (Adult Learning Information Center) ist das Portal der Weiterbildung in der Schweiz.","description":"Schweizerischer Verband f\u00fcr Weiterbildung","publisher":{"@id":"https:\/\/alice.ch\/fr\/#organization"},"potentialAction":[{"@type":"SearchAction","target":{"@type":"EntryPoint","urlTemplate":"https:\/\/alice.ch\/fr\/?s={search_term_string}"},"query-input":{"@type":"PropertyValueSpecification","valueRequired":true,"valueName":"search_term_string"}}],"inLanguage":"fr-FR"},{"@type":"Organization","@id":"https:\/\/alice.ch\/fr\/#organization","name":"FSEA F\u00e9d\u00e9ration suisse pour la formation continue","url":"https:\/\/alice.ch\/fr\/","logo":{"@type":"ImageObject","inLanguage":"fr-FR","@id":"https:\/\/alice.ch\/fr\/#\/schema\/logo\/image\/","url":"https:\/\/alice.ch\/app\/uploads\/2022\/07\/logo-sveb.png","contentUrl":"https:\/\/alice.ch\/app\/uploads\/2022\/07\/logo-sveb.png","width":145,"height":64,"caption":"FSEA F\u00e9d\u00e9ration suisse pour la formation continue"},"image":{"@id":"https:\/\/alice.ch\/fr\/#\/schema\/logo\/image\/"},"sameAs":["https:\/\/www.linkedin.com\/company\/schweizerischer-verband-fr-weiterbildung-sveb\/"]}]}},"_links":{"self":[{"href":"https:\/\/alice.ch\/fr\/wp-json\/wp\/v2\/news\/63352","targetHints":{"allow":["GET"]}}],"collection":[{"href":"https:\/\/alice.ch\/fr\/wp-json\/wp\/v2\/news"}],"about":[{"href":"https:\/\/alice.ch\/fr\/wp-json\/wp\/v2\/types\/news"}],"author":[{"embeddable":true,"href":"https:\/\/alice.ch\/fr\/wp-json\/wp\/v2\/users\/27"}],"version-history":[{"count":3,"href":"https:\/\/alice.ch\/fr\/wp-json\/wp\/v2\/news\/63352\/revisions"}],"predecessor-version":[{"id":63367,"href":"https:\/\/alice.ch\/fr\/wp-json\/wp\/v2\/news\/63352\/revisions\/63367"}],"wp:featuredmedia":[{"embeddable":true,"href":"https:\/\/alice.ch\/fr\/wp-json\/wp\/v2\/media\/62946"}],"wp:attachment":[{"href":"https:\/\/alice.ch\/fr\/wp-json\/wp\/v2\/media?parent=63352"}],"wp:term":[{"taxonomy":"news-category","embeddable":true,"href":"https:\/\/alice.ch\/fr\/wp-json\/wp\/v2\/news-category?post=63352"},{"taxonomy":"global-category","embeddable":true,"href":"https:\/\/alice.ch\/fr\/wp-json\/wp\/v2\/global-category?post=63352"}],"curies":[{"name":"wp","href":"https:\/\/api.w.org\/{rel}","templated":true}]}}