{"id":65575,"date":"2025-01-16T10:01:06","date_gmt":"2025-01-16T09:01:06","guid":{"rendered":"https:\/\/alice.ch\/?post_type=news&#038;p=65575"},"modified":"2025-01-28T15:11:49","modified_gmt":"2025-01-28T14:11:49","slug":"echanges-internationaux-un-enrichissement-pour-les-prestataires-de-formation-continue-suisses","status":"publish","type":"news","link":"https:\/\/alice.ch\/fr\/news\/echanges-internationaux-un-enrichissement-pour-les-prestataires-de-formation-continue-suisses\/","title":{"rendered":"\u00c9changes internationaux: un enrichissement pour les prestataires de formation continue suisses"},"content":{"rendered":"\n<p class=\"is-style-lead\">Que sont exactement les projets de coop\u00e9ration et de mobilit\u00e9? Comment fonctionnent-ils? Et quels avantages peuvent-ils apporter \u00e0 mon organisation ou \u00e0 moi personnellement?&nbsp;Une r\u00e9union d\u2019information apportait des r\u00e9ponses \u00e0 toutes ces questions. En effet, les dates limites d\u2019inscription \u00e0 des projets europ\u00e9ens approchent.<\/p>\n\n\n\n<p>Les \u00e9changes internationaux permettent d\u2019amener l&rsquo;impulsion de nouvelles id\u00e9es et sont source de nouvelles approches et d&rsquo;id\u00e9es pour le travail au quotidien. Les projets de coop\u00e9ration et de mobilit\u00e9 apportent un changement b\u00e9n\u00e9fique dans le travail quotidien, \u00e9largissent les possibilit\u00e9s professionnelles et renforcent les relations internationales.<\/p>\n\n\n\n<p>Telle est la conviction commune de la FSEA et de Movetia, l\u2019agence nationale pour la promotion des \u00e9changes et de la mobilit\u00e9. Pour encourager les institutions de formation continue ainsi que leurs repr\u00e9sentants et repr\u00e9sentantes \u00e0 faire usage de cette offre, la FSEA et Movetia organisent le<a href=\"https:\/\/alice.ch\/de\/event\/informationsanlass-europaeischer-austausch-und-zusammenarbeit-im-weiterbildungsbereich\/\"> 23&nbsp;janvier de 13h00 \u00e0 14h00 une s\u00e9ance d\u2019information <\/a>qui s\u2019adresse aux prestataires de la formation continue et aux personnes actives dans le domaine de la formation continue.<\/p>\n\n\n\n<h2 class=\"wp-block-heading\">Possibilit\u00e9s, opportunit\u00e9s, questions<\/h2>\n\n\n\n<p>Dans la premi\u00e8re partie de la r\u00e9union, la FSEA pr\u00e9sentera les diff\u00e9rentes possibilit\u00e9s et opportunit\u00e9s de cette offre. Dans la seconde partie, les participants et participantes pourront \u00e9changer avec une personne repr\u00e9sentante de Movetia, poser des questions et faire part de leurs id\u00e9es ou de leurs questions. En effet, la date limite d\u2019inscription pour les projets Erasmus+ et Mobility est en mars.<\/p>\n\n\n\n<p>Cet \u00e9v\u00e9nement en ligne a pour but de pr\u00e9senter le mode de fonctionnement des projets de coop\u00e9ration internationaux et des projets de mobilit\u00e9, la proc\u00e9dure \u00e0 suivre pour lancer de tels projets et la mani\u00e8re dont les personnes actives dans la formation continue peuvent profiter de cette offre.<\/p>\n\n\n\n<p>La FSEA encourage les institutions de formation \u00e0 faire usage de cette offre et se tient \u00e0 disposition pour d\u00e9poser des demandes ou r\u00e9unir des partenaires de projet. L\u2019offre et la proc\u00e9dure sont expliqu\u00e9es sur la nouvelle <a href=\"https:\/\/alice.ch\/de\/themen\/weiterbildung-international\/internationaler-austausch\/\">page consacr\u00e9e aux \u00e9changes internationaux<\/a> (en allemand).<\/p>\n\n\n\n<h2 class=\"wp-block-heading\">Exemples<\/h2>\n\n\n\n<p>La mani\u00e8re dont le personnel de la FSEA et d&rsquo;autres personnes ont v\u00e9cu et appr\u00e9ci\u00e9 les \u00e9changes internationaux est illustr\u00e9e ci-apr\u00e8s:<\/p>\n\n\n\n<div class=\"wp-block-buttons is-layout-flex wp-block-buttons-is-layout-flex\">\n<div class=\"wp-block-button has-custom-width wp-block-button__width-50 is-style-outline is-style-outline--1\"><a class=\"wp-block-button__link wp-element-button\" href=\"https:\/\/alice.ch\/fr\/news\/rencontres-instructives-a-toulouse\/\">Rencontres instructives \u00e0 Toulouse (29.07.2024)<\/a><\/div>\n\n\n\n<div class=\"wp-block-button has-custom-width wp-block-button__width-50 is-style-outline is-style-outline--2\"><a class=\"wp-block-button__link wp-element-button\" href=\"https:\/\/alice.ch\/fr\/news\/greta-et-ffa-principe-de-fonctionnement-des-modeles-de-competences\/\">GRETA et FFA: principe de fonctionnement des mod\u00e8les de comp\u00e9tences (17.06.2024)<\/a><\/div>\n\n\n\n<div class=\"wp-block-button has-custom-width wp-block-button__width-50 is-style-outline is-style-outline--3\"><a class=\"wp-block-button__link wp-element-button\" href=\"https:\/\/alice.ch\/fr\/news\/echange-au-sein-de-la-communaute-de-recherche-internationale\/\">\u00c9change au sein de la communaut\u00e9 de recherche internationale (23.04.2024)<\/a><\/div>\n\n\n\n<div class=\"wp-block-button has-custom-width wp-block-button__width-50 is-style-outline is-style-outline--4\"><a class=\"wp-block-button__link wp-element-button\" href=\"https:\/\/alice.ch\/fr\/news\/cest-en-france-quon-apprend-le-mieux-le-francais\/\">C\u2019est en allant en France qu\u2019on apprend le mieux le fran\u00e7ais (05.02.2024)<\/a><\/div>\n\n\n\n<div class=\"wp-block-button has-custom-width wp-block-button__width-50 is-style-outline is-style-outline--5\"><a class=\"wp-block-button__link wp-element-button\" href=\"https:\/\/alice.ch\/fr\/news\/nous-nous-sommes-demande-si-nous-ignorions-certaines-regles-non-officielles\/\">\u00abNous nous sommes demand\u00e9 si nous ignorions certaines r\u00e8gles non officielles\u00bb<br> (17.01.2024)<\/a><\/div>\n<\/div>\n\n\n\n<h2 class=\"wp-block-heading\">Plus d&rsquo;informations<\/h2>\n\n\n\n<div class=\"wp-block-buttons is-layout-flex wp-block-buttons-is-layout-flex\">\n<div class=\"wp-block-button has-custom-width wp-block-button__width-100 is-style-minimal\"><a class=\"wp-block-button__link wp-element-button\" href=\"https:\/\/movetia.ch\/fr\/offres-de-soutien?category=link\" target=\"_blank\" rel=\"noreferrer noopener\">Offres de soutien Movetia<\/a><\/div>\n\n\n\n<div class=\"wp-block-button has-custom-width wp-block-button__width-100 is-style-minimal\"><a class=\"wp-block-button__link wp-element-button\" href=\"https:\/\/alice.ch\/de\/event\/informationsanlass-europaeischer-austausch-und-zusammenarbeit-im-weiterbildungsbereich\/\">sur l&rsquo;\u00e9v\u00e9nement (an allemand)<\/a><\/div>\n<\/div>\n\n\n\n<p><a id=\"_msocom_1\"><\/a><\/p>\n","protected":false},"excerpt":{"rendered":"<p>Que sont exactement les projets de coop\u00e9ration et de mobilit\u00e9? Comment fonctionnent-ils? Et quels avantages peuvent-ils apporter \u00e0 mon organisation [&hellip;]<\/p>\n","protected":false},"author":27,"featured_media":57523,"template":"","meta":{"_acf_changed":false,"inline_featured_image":false,"footnotes":""},"news-category":[74],"global-category":[412,427],"class_list":["post-65575","news","type-news","status-publish","has-post-thumbnail","hentry","news-category-international-fr","global-category-internationale-projekte-fr","global-category-movetia-fr"],"acf":[],"yoast_head":"<!-- This site is optimized with the Yoast SEO plugin v27.3 - https:\/\/yoast.com\/product\/yoast-seo-wordpress\/ -->\n<title>\u00c9changes internationaux: un enrichissement pour les prestataires de formation continue suisses - FSEA<\/title>\n<meta name=\"description\" content=\"Que sont exactement les projets de coop\u00e9ration et de mobilit\u00e9? Comment fonctionnent-ils? Et quels avantages peuvent-ils apporter \u00e0 mon organisation ou \u00e0 moi personnellement?\" \/>\n<meta name=\"robots\" content=\"index, follow, max-snippet:-1, max-image-preview:large, max-video-preview:-1\" \/>\n<link rel=\"canonical\" href=\"https:\/\/alice.ch\/fr\/news\/echanges-internationaux-un-enrichissement-pour-les-prestataires-de-formation-continue-suisses\/\" \/>\n<meta property=\"og:locale\" content=\"fr_FR\" \/>\n<meta property=\"og:type\" content=\"article\" \/>\n<meta property=\"og:title\" content=\"\u00c9changes internationaux: un enrichissement pour les prestataires de formation continue suisses - FSEA\" \/>\n<meta property=\"og:description\" content=\"Que sont exactement les projets de coop\u00e9ration et de mobilit\u00e9? Comment fonctionnent-ils? Et quels avantages peuvent-ils apporter \u00e0 mon organisation ou \u00e0 moi personnellement?\" \/>\n<meta property=\"og:url\" content=\"https:\/\/alice.ch\/fr\/news\/echanges-internationaux-un-enrichissement-pour-les-prestataires-de-formation-continue-suisses\/\" \/>\n<meta property=\"og:site_name\" content=\"SVEB\" \/>\n<meta property=\"article:modified_time\" content=\"2025-01-28T14:11:49+00:00\" \/>\n<meta property=\"og:image\" content=\"https:\/\/alice.ch\/app\/uploads\/2024\/02\/Mobility-NL_0840_J2000-crop.png\" \/>\n\t<meta property=\"og:image:width\" content=\"1200\" \/>\n\t<meta property=\"og:image:height\" content=\"627\" \/>\n\t<meta property=\"og:image:type\" content=\"image\/png\" \/>\n<meta name=\"twitter:card\" content=\"summary_large_image\" \/>\n<meta name=\"twitter:label1\" content=\"Dur\u00e9e de lecture estim\u00e9e\" \/>\n\t<meta name=\"twitter:data1\" content=\"2 minutes\" \/>\n<script type=\"application\/ld+json\" class=\"yoast-schema-graph\">{\"@context\":\"https:\\\/\\\/schema.org\",\"@graph\":[{\"@type\":\"WebPage\",\"@id\":\"https:\\\/\\\/alice.ch\\\/fr\\\/news\\\/echanges-internationaux-un-enrichissement-pour-les-prestataires-de-formation-continue-suisses\\\/\",\"url\":\"https:\\\/\\\/alice.ch\\\/fr\\\/news\\\/echanges-internationaux-un-enrichissement-pour-les-prestataires-de-formation-continue-suisses\\\/\",\"name\":\"\u00c9changes internationaux: un enrichissement pour les prestataires de formation continue suisses - FSEA\",\"isPartOf\":{\"@id\":\"https:\\\/\\\/alice.ch\\\/fr\\\/#website\"},\"primaryImageOfPage\":{\"@id\":\"https:\\\/\\\/alice.ch\\\/fr\\\/news\\\/echanges-internationaux-un-enrichissement-pour-les-prestataires-de-formation-continue-suisses\\\/#primaryimage\"},\"image\":{\"@id\":\"https:\\\/\\\/alice.ch\\\/fr\\\/news\\\/echanges-internationaux-un-enrichissement-pour-les-prestataires-de-formation-continue-suisses\\\/#primaryimage\"},\"thumbnailUrl\":\"https:\\\/\\\/alice.ch\\\/app\\\/uploads\\\/2024\\\/02\\\/Mobility-NL_0840_J2000-crop.png\",\"datePublished\":\"2025-01-16T09:01:06+00:00\",\"dateModified\":\"2025-01-28T14:11:49+00:00\",\"description\":\"Que sont exactement les projets de coop\u00e9ration et de mobilit\u00e9? Comment fonctionnent-ils? Et quels avantages peuvent-ils apporter \u00e0 mon organisation ou \u00e0 moi personnellement?\",\"breadcrumb\":{\"@id\":\"https:\\\/\\\/alice.ch\\\/fr\\\/news\\\/echanges-internationaux-un-enrichissement-pour-les-prestataires-de-formation-continue-suisses\\\/#breadcrumb\"},\"inLanguage\":\"fr-FR\",\"potentialAction\":[{\"@type\":\"ReadAction\",\"target\":[\"https:\\\/\\\/alice.ch\\\/fr\\\/news\\\/echanges-internationaux-un-enrichissement-pour-les-prestataires-de-formation-continue-suisses\\\/\"]}]},{\"@type\":\"ImageObject\",\"inLanguage\":\"fr-FR\",\"@id\":\"https:\\\/\\\/alice.ch\\\/fr\\\/news\\\/echanges-internationaux-un-enrichissement-pour-les-prestataires-de-formation-continue-suisses\\\/#primaryimage\",\"url\":\"https:\\\/\\\/alice.ch\\\/app\\\/uploads\\\/2024\\\/02\\\/Mobility-NL_0840_J2000-crop.png\",\"contentUrl\":\"https:\\\/\\\/alice.ch\\\/app\\\/uploads\\\/2024\\\/02\\\/Mobility-NL_0840_J2000-crop.png\",\"width\":1200,\"height\":627},{\"@type\":\"BreadcrumbList\",\"@id\":\"https:\\\/\\\/alice.ch\\\/fr\\\/news\\\/echanges-internationaux-un-enrichissement-pour-les-prestataires-de-formation-continue-suisses\\\/#breadcrumb\",\"itemListElement\":[{\"@type\":\"ListItem\",\"position\":1,\"name\":\"Page d'accueil\",\"item\":\"https:\\\/\\\/alice.ch\\\/fr\\\/\"},{\"@type\":\"ListItem\",\"position\":2,\"name\":\"\u00c9changes internationaux: un enrichissement pour les prestataires de formation continue suisses\"}]},{\"@type\":\"WebSite\",\"@id\":\"https:\\\/\\\/alice.ch\\\/fr\\\/#website\",\"url\":\"https:\\\/\\\/alice.ch\\\/fr\\\/\",\"name\":\"alice.ch (Adult Learning Information Center) ist das Portal der Weiterbildung in der Schweiz.\",\"description\":\"Schweizerischer Verband f\u00fcr Weiterbildung\",\"publisher\":{\"@id\":\"https:\\\/\\\/alice.ch\\\/fr\\\/#organization\"},\"potentialAction\":[{\"@type\":\"SearchAction\",\"target\":{\"@type\":\"EntryPoint\",\"urlTemplate\":\"https:\\\/\\\/alice.ch\\\/fr\\\/?s={search_term_string}\"},\"query-input\":{\"@type\":\"PropertyValueSpecification\",\"valueRequired\":true,\"valueName\":\"search_term_string\"}}],\"inLanguage\":\"fr-FR\"},{\"@type\":\"Organization\",\"@id\":\"https:\\\/\\\/alice.ch\\\/fr\\\/#organization\",\"name\":\"FSEA F\u00e9d\u00e9ration suisse pour la formation continue\",\"url\":\"https:\\\/\\\/alice.ch\\\/fr\\\/\",\"logo\":{\"@type\":\"ImageObject\",\"inLanguage\":\"fr-FR\",\"@id\":\"https:\\\/\\\/alice.ch\\\/fr\\\/#\\\/schema\\\/logo\\\/image\\\/\",\"url\":\"https:\\\/\\\/alice.ch\\\/app\\\/uploads\\\/2022\\\/07\\\/logo-sveb.png\",\"contentUrl\":\"https:\\\/\\\/alice.ch\\\/app\\\/uploads\\\/2022\\\/07\\\/logo-sveb.png\",\"width\":145,\"height\":64,\"caption\":\"FSEA F\u00e9d\u00e9ration suisse pour la formation continue\"},\"image\":{\"@id\":\"https:\\\/\\\/alice.ch\\\/fr\\\/#\\\/schema\\\/logo\\\/image\\\/\"},\"sameAs\":[\"https:\\\/\\\/www.linkedin.com\\\/company\\\/schweizerischer-verband-fr-weiterbildung-sveb\\\/\"]}]}<\/script>\n<!-- \/ Yoast SEO plugin. -->","yoast_head_json":{"title":"\u00c9changes internationaux: un enrichissement pour les prestataires de formation continue suisses - FSEA","description":"Que sont exactement les projets de coop\u00e9ration et de mobilit\u00e9? Comment fonctionnent-ils? Et quels avantages peuvent-ils apporter \u00e0 mon organisation ou \u00e0 moi personnellement?","robots":{"index":"index","follow":"follow","max-snippet":"max-snippet:-1","max-image-preview":"max-image-preview:large","max-video-preview":"max-video-preview:-1"},"canonical":"https:\/\/alice.ch\/fr\/news\/echanges-internationaux-un-enrichissement-pour-les-prestataires-de-formation-continue-suisses\/","og_locale":"fr_FR","og_type":"article","og_title":"\u00c9changes internationaux: un enrichissement pour les prestataires de formation continue suisses - FSEA","og_description":"Que sont exactement les projets de coop\u00e9ration et de mobilit\u00e9? Comment fonctionnent-ils? Et quels avantages peuvent-ils apporter \u00e0 mon organisation ou \u00e0 moi personnellement?","og_url":"https:\/\/alice.ch\/fr\/news\/echanges-internationaux-un-enrichissement-pour-les-prestataires-de-formation-continue-suisses\/","og_site_name":"SVEB","article_modified_time":"2025-01-28T14:11:49+00:00","og_image":[{"width":1200,"height":627,"url":"https:\/\/alice.ch\/app\/uploads\/2024\/02\/Mobility-NL_0840_J2000-crop.png","type":"image\/png"}],"twitter_card":"summary_large_image","twitter_misc":{"Dur\u00e9e de lecture estim\u00e9e":"2 minutes"},"schema":{"@context":"https:\/\/schema.org","@graph":[{"@type":"WebPage","@id":"https:\/\/alice.ch\/fr\/news\/echanges-internationaux-un-enrichissement-pour-les-prestataires-de-formation-continue-suisses\/","url":"https:\/\/alice.ch\/fr\/news\/echanges-internationaux-un-enrichissement-pour-les-prestataires-de-formation-continue-suisses\/","name":"\u00c9changes internationaux: un enrichissement pour les prestataires de formation continue suisses - FSEA","isPartOf":{"@id":"https:\/\/alice.ch\/fr\/#website"},"primaryImageOfPage":{"@id":"https:\/\/alice.ch\/fr\/news\/echanges-internationaux-un-enrichissement-pour-les-prestataires-de-formation-continue-suisses\/#primaryimage"},"image":{"@id":"https:\/\/alice.ch\/fr\/news\/echanges-internationaux-un-enrichissement-pour-les-prestataires-de-formation-continue-suisses\/#primaryimage"},"thumbnailUrl":"https:\/\/alice.ch\/app\/uploads\/2024\/02\/Mobility-NL_0840_J2000-crop.png","datePublished":"2025-01-16T09:01:06+00:00","dateModified":"2025-01-28T14:11:49+00:00","description":"Que sont exactement les projets de coop\u00e9ration et de mobilit\u00e9? Comment fonctionnent-ils? Et quels avantages peuvent-ils apporter \u00e0 mon organisation ou \u00e0 moi personnellement?","breadcrumb":{"@id":"https:\/\/alice.ch\/fr\/news\/echanges-internationaux-un-enrichissement-pour-les-prestataires-de-formation-continue-suisses\/#breadcrumb"},"inLanguage":"fr-FR","potentialAction":[{"@type":"ReadAction","target":["https:\/\/alice.ch\/fr\/news\/echanges-internationaux-un-enrichissement-pour-les-prestataires-de-formation-continue-suisses\/"]}]},{"@type":"ImageObject","inLanguage":"fr-FR","@id":"https:\/\/alice.ch\/fr\/news\/echanges-internationaux-un-enrichissement-pour-les-prestataires-de-formation-continue-suisses\/#primaryimage","url":"https:\/\/alice.ch\/app\/uploads\/2024\/02\/Mobility-NL_0840_J2000-crop.png","contentUrl":"https:\/\/alice.ch\/app\/uploads\/2024\/02\/Mobility-NL_0840_J2000-crop.png","width":1200,"height":627},{"@type":"BreadcrumbList","@id":"https:\/\/alice.ch\/fr\/news\/echanges-internationaux-un-enrichissement-pour-les-prestataires-de-formation-continue-suisses\/#breadcrumb","itemListElement":[{"@type":"ListItem","position":1,"name":"Page d'accueil","item":"https:\/\/alice.ch\/fr\/"},{"@type":"ListItem","position":2,"name":"\u00c9changes internationaux: un enrichissement pour les prestataires de formation continue suisses"}]},{"@type":"WebSite","@id":"https:\/\/alice.ch\/fr\/#website","url":"https:\/\/alice.ch\/fr\/","name":"alice.ch (Adult Learning Information Center) ist das Portal der Weiterbildung in der Schweiz.","description":"Schweizerischer Verband f\u00fcr Weiterbildung","publisher":{"@id":"https:\/\/alice.ch\/fr\/#organization"},"potentialAction":[{"@type":"SearchAction","target":{"@type":"EntryPoint","urlTemplate":"https:\/\/alice.ch\/fr\/?s={search_term_string}"},"query-input":{"@type":"PropertyValueSpecification","valueRequired":true,"valueName":"search_term_string"}}],"inLanguage":"fr-FR"},{"@type":"Organization","@id":"https:\/\/alice.ch\/fr\/#organization","name":"FSEA F\u00e9d\u00e9ration suisse pour la formation continue","url":"https:\/\/alice.ch\/fr\/","logo":{"@type":"ImageObject","inLanguage":"fr-FR","@id":"https:\/\/alice.ch\/fr\/#\/schema\/logo\/image\/","url":"https:\/\/alice.ch\/app\/uploads\/2022\/07\/logo-sveb.png","contentUrl":"https:\/\/alice.ch\/app\/uploads\/2022\/07\/logo-sveb.png","width":145,"height":64,"caption":"FSEA F\u00e9d\u00e9ration suisse pour la formation continue"},"image":{"@id":"https:\/\/alice.ch\/fr\/#\/schema\/logo\/image\/"},"sameAs":["https:\/\/www.linkedin.com\/company\/schweizerischer-verband-fr-weiterbildung-sveb\/"]}]}},"_links":{"self":[{"href":"https:\/\/alice.ch\/fr\/wp-json\/wp\/v2\/news\/65575","targetHints":{"allow":["GET"]}}],"collection":[{"href":"https:\/\/alice.ch\/fr\/wp-json\/wp\/v2\/news"}],"about":[{"href":"https:\/\/alice.ch\/fr\/wp-json\/wp\/v2\/types\/news"}],"author":[{"embeddable":true,"href":"https:\/\/alice.ch\/fr\/wp-json\/wp\/v2\/users\/27"}],"version-history":[{"count":4,"href":"https:\/\/alice.ch\/fr\/wp-json\/wp\/v2\/news\/65575\/revisions"}],"predecessor-version":[{"id":65797,"href":"https:\/\/alice.ch\/fr\/wp-json\/wp\/v2\/news\/65575\/revisions\/65797"}],"wp:featuredmedia":[{"embeddable":true,"href":"https:\/\/alice.ch\/fr\/wp-json\/wp\/v2\/media\/57523"}],"wp:attachment":[{"href":"https:\/\/alice.ch\/fr\/wp-json\/wp\/v2\/media?parent=65575"}],"wp:term":[{"taxonomy":"news-category","embeddable":true,"href":"https:\/\/alice.ch\/fr\/wp-json\/wp\/v2\/news-category?post=65575"},{"taxonomy":"global-category","embeddable":true,"href":"https:\/\/alice.ch\/fr\/wp-json\/wp\/v2\/global-category?post=65575"}],"curies":[{"name":"wp","href":"https:\/\/api.w.org\/{rel}","templated":true}]}}