{"id":6854,"date":"2021-09-21T09:32:00","date_gmt":"2021-09-21T07:32:00","guid":{"rendered":"https:\/\/projects.atxeit.ch\/sveb\/news\/analog-und-lokal-als-wettbewerbsvorteil-wie-digital-sollen-weiterbildungsangebote-nach-corona-sein\/"},"modified":"2022-12-21T10:45:41","modified_gmt":"2022-12-21T09:45:41","slug":"lenseignement-analogique-et-local-est-une-un-atout-concurrentiel-quelle-doit-etre-la-place-du-numerique-dans-loffre-de-formation-continue-apres-la-crise-du-coronavirus","status":"publish","type":"news","link":"https:\/\/alice.ch\/fr\/news\/lenseignement-analogique-et-local-est-une-un-atout-concurrentiel-quelle-doit-etre-la-place-du-numerique-dans-loffre-de-formation-continue-apres-la-crise-du-coronavirus\/","title":{"rendered":"L&rsquo;enseignement analogique et local est une un atout concurrentiel : Quelle doit \u00eatre la place du num\u00e9rique dans l&rsquo;offre de formation continue apr\u00e8s la crise du coronavirus ?"},"content":{"rendered":"\n<p class=\"is-style-lead\">L&rsquo;atelier FSEA du 21 septembre 2021 a donn\u00e9 l&rsquo;occasion aux prestataires de formation continue de r\u00e9fl\u00e9chir aux diff\u00e9rents formats d&rsquo;enseignement. Alors qu&rsquo;il l&rsquo;a anim\u00e9, Pius Kn\u00fcsel partage avec nous son exp\u00e9rience du num\u00e9rique dans son enseignement \u00e0 l&rsquo;universit\u00e9 populaire et dans la gestion culturelle pendant la pand\u00e9mie.<\/p>\n\n\n\n<p><em><strong>Le coronavirus a chamboul\u00e9 les notions de cat\u00e9gories et de lieu dans la formation continue. Comment avez-vous v\u00e9cu \u00e7a&nbsp;?<\/strong><\/em><br>Pius Kn\u00fcsel&nbsp;: Notamment dans le cadre de la formation des adultes avec un public plus \u00e2g\u00e9, les participants n&rsquo;auraient jamais imagin\u00e9 devoir se mettre \u00e0 utiliser des outils comme Zoom dans \u00ab&nbsp;leurs vieux jours&nbsp;\u00bb. \u00c0 l&rsquo;universit\u00e9 populaire de Zurich, nous sommes pass\u00e9s \u00e0 l&rsquo;enseignement en ligne plus ou moins du jour au lendemain, au moment du deuxi\u00e8me confinement. Nous avons achet\u00e9 une douzaine de licences Zoom. Puis, nous avons envoy\u00e9 un message collectif annon\u00e7ant que d\u00e8s lundi, plus besoin de venir dans la salle de classe et que les cours se feraient depuis la maison. \u00c7a a cr\u00e9\u00e9 une belle pagaille&#8230;<\/p>\n\n\n\n<p><em><strong>Les participants ont-ils su relever le d\u00e9fi&nbsp;?<\/strong><\/em><br>Environ un quart d\u2019entre eux ne voulaient pas y participer. Cependant, les trois quarts ont relev\u00e9 le d\u00e9fi et ont suivi les cours depuis la maison. Chez les enseignants, la situation \u00e9tait similaire comme seule une minorit\u00e9 avait une exp\u00e9rience pr\u00e9alable de l&rsquo;enseignement en ligne. On s&rsquo;est jet\u00e9 \u00e0 l&rsquo;eau, tous ensemble. Il y avait m\u00eame une sorte d&rsquo;euphorie, du style, nous aussi les novices du num\u00e9rique, on peut y arriver. \u00c9tant donn\u00e9 que les participants comme les enseignants \u00e9taient aussi inexp\u00e9riment\u00e9s les uns que les autres, cela a repr\u00e9sent\u00e9 une exp\u00e9rience assez int\u00e9ressante. \u00c7a a bien march\u00e9 pendant une p\u00e9riode de transition mais je ne pense pas que nous aurions pu continuer comme \u00e7a.<\/p>\n\n\n\n<p><em><strong>Et c&rsquo;est comment chez les autres prestataires&nbsp;?<\/strong><\/em><br>Des discussions avec d&rsquo;autres universit\u00e9s populaires, il ressort que la plupart des participants ont trouv\u00e9 l&rsquo;exp\u00e9rience en ligne int\u00e9ressante, notamment pour des raisons de risques sanitaires. Cependant, une majorit\u00e9 aimerait maintenant revenir au pr\u00e9sentiel. Mais tout le monde n&rsquo;ose pas encore y revenir. Enfin, il y a les personnes qui ont tellement appr\u00e9ci\u00e9 l&rsquo;exp\u00e9rience en ligne qu&rsquo;elles aimeraient la poursuivre. Du point de vue du prestataire, il existe maintenant deux march\u00e9s distincts&nbsp;: celui des personnes qui veulent revenir au pr\u00e9sentiel et celui des personnes qui souhaitent rester en ligne.<\/p>\n\n\n\n<p><em><strong>La formation continue reste plut\u00f4t en ligne&nbsp;?<\/strong><\/em><br>C&rsquo;est ce que nous pensions, un temps, mais ce n&rsquo;est clairement pas le cas. Pour les prestataires, la difficult\u00e9 est maintenant de trouver la bonne combinaison. Quelle est la taille du march\u00e9 pour les personnes qui veulent suivre les cours en ligne, alors qu&rsquo;un cours similaire ou identique est propos\u00e9 en pr\u00e9sentiel&nbsp;? La plupart des prestataires sont revenus au mode pr\u00e9sentiel pour la majorit\u00e9 des offres de cours. Les universit\u00e9s sont aussi toutes revenues au mode pr\u00e9sentiel, suite aux inconv\u00e9nients de l&rsquo;enseignement en ligne.<\/p>\n\n\n\n<p><em><strong>Quels sont les inconv\u00e9nients des cours en ligne&nbsp;?<\/strong><\/em><br>Le mode \u00ab&nbsp;analogique&nbsp;\u00bb est techniquement plus riche en informations. Certes, on voit un visage et on entend une voix. Cependant, l&rsquo;exp\u00e9rience de l&rsquo;analogique ou du cours en pr\u00e9sentiel implique l&rsquo;utilisation des cinq sens. Apprendre en pr\u00e9sentiel, c&rsquo;est apprendre avec le corps. De mani\u00e8re \u00e0 ce que les autres personnes pr\u00e9sentes le per\u00e7oivent aussi. On absorbe, consciemment ou inconsciemment, une partie de l&rsquo;envie ou de la frustration des autres participants. C&rsquo;est un facteur de motivation tr\u00e8s fort.<br>En mode pr\u00e9sentiel, les enseignants per\u00e7oivent des signaux avant qu&rsquo;ils ne soient exprim\u00e9s. Ce qui fait qu&rsquo;une atmosph\u00e8re se d\u00e9gage plus vite dans la salle. Vous remarquez plus vite quel est le degr\u00e9 de tension ou d&rsquo;attention. Vous pouvez r\u00e9pondre aux participants avant qu&rsquo;ils ne se manifestent \u2013 ou pas, par timidit\u00e9.<br>Ce qui est primordial avec le concept \u00ab&nbsp;analogique&nbsp;\u00bb c&rsquo;est que l&rsquo;apprentissage est un acte social. L&rsquo;apprentissage ne passe pas seulement par la t\u00eate mais par tout le corps. L&rsquo;apprentissage sur place est une exp\u00e9rience plus riche.<\/p>\n\n\n\n<p><em><strong>La motivation et la profondeur de l&rsquo;apprentissage se perdent plus facilement en ligne&#8230;<\/strong><\/em><br>Oui, j&rsquo;ai fait cette exp\u00e9rience lorsque j&rsquo;enseigne en ligne \u00e0 l&rsquo;universit\u00e9 populaire et que 30 visages diff\u00e9rents me regardent depuis leur petite fen\u00eatre. En tant que responsable de cours, je ne peux prendre le pouls de chacun. Cependant, je remarque qu&rsquo;ils se \u00ab\u00a0d\u00e9sengagent\u00a0\u00bb plus vite qu&rsquo;en mode pr\u00e9sentiel. C&rsquo;est parce qu&rsquo;ils ne sont pas port\u00e9s par une atmosph\u00e8re et qu&rsquo;il ne peut y avoir que des relations bilat\u00e9rales entre les participants et moi ou entre eux.<\/p>\n\n\n\n<p><em><strong>Quels th\u00e8mes ou contenus se transmettent mieux sur place qu&rsquo;en ligne&nbsp;?<\/strong><\/em><br>Les th\u00e8mes qui se pr\u00eatent le mieux \u00e0 l&rsquo;analogique sont ceux qui sont en rapport direct avec la vie quotidienne et locale. \u00c7a ne doit pas avoir lieu \u00e0 l&rsquo;endroit o\u00f9 l&rsquo;on se trouve. Il s&rsquo;agit de choses plus concr\u00e8tes qui rendent les exp\u00e9riences physiques \u00e0 nouveau possibles. Prenons l&rsquo;apprentissage des langues. On peut apprendre la syntaxe, les r\u00e8gles de grammaire et le vocabulaire, mais on doit pratiquer une langue et pour ce faire, il faut un contexte social et un lieu. Les cours de langue et de culture ainsi que les sciences humaines se pr\u00eatent mieux \u00e0 un enseignement localis\u00e9 et analogique. Un expos\u00e9, en revanche, peut avoir lieu en ligne.<\/p>\n\n\n\n<p><em><strong>Ce qui implique de l&rsquo;interaction fonctionne donc mieux en pr\u00e9sentiel.<\/strong><\/em><br>Apprendre dans un endroit particulier est simplement plus amusant que dans un lieu standardis\u00e9 ou en ligne. En ligne, la motivation des apprenants d\u00e9pend tr\u00e8s fortement du responsable du cours et de son \u00e9nergie. Celui-ci doit beaucoup plus \u00ab&nbsp;pousser&nbsp;\u00bb ses participants. C&rsquo;est seulement en mode analogique que la personnalit\u00e9 est vraiment prise en compte. Ainsi, si le lieu lui-m\u00eame a une personnalit\u00e9, \u00e7a renforce l&rsquo;apprentissage.<\/p>\n\n\n\n<p><strong>Est-ce que le num\u00e9rique peut jouer un r\u00f4le dans le mode analogique et local&nbsp;?<\/strong><br>Je peux m&rsquo;imaginer des formats de cours combinant l&rsquo;analogique, le local et le num\u00e9rique. Au sein de l&rsquo;Association suisse des universit\u00e9s populaires, nous recherchons des formats dynamiques et vari\u00e9s qui permettent d&rsquo;int\u00e9grer du num\u00e9rique dans l\u2019enseignement local et analogique. Il existe de nombreux outils num\u00e9riques qui ne sont pas incompatibles avec l&rsquo;enseignement analogique. Ces outils modernes permettent de faire \u00e9merger de nouvelles formes de travail en pr\u00e9sentiel qui peuvent \u00eatre mises en \u0153uvre dans un contexte local.<\/p>\n\n\n\n<p><em><strong>\u00c0 quoi ressemble le march\u00e9 de la formation continue du futur&nbsp;?<\/strong><\/em><br>Il y aura dor\u00e9navant une branche de la formation continue qui repose sur l&rsquo;enseignement \u00e0 distance. Cependant, cette part sera moins importante que ce que nous pensions pendant le confinement. Par exemple, les universit\u00e9s populaires partent du principe que 10% de leur offre se fera en ligne. Il existe des participants pour lesquels le confort des cours en ligne p\u00e8se plus lourd dans la balance que la frustration. Une majorit\u00e9 va revenir vers ce que nous connaissions avant, mais l&rsquo;\u00ab&nbsp;avant&nbsp;\u00bb n&rsquo;est plus comme avant puisqu\u2019il a \u00e9t\u00e9 marqu\u00e9 par notre exp\u00e9rience \u00e0 distance et par ce nouveau monde qui s&rsquo;est ouvert \u00e0 nous avec les outils num\u00e9riques. Cela va s\u00fbrement d\u00e9boucher sur de nombreuses innovations.<\/p>\n\n\n\n<p><em>Entretien&nbsp;: Bettina Whitmore<\/em><\/p>\n\n\n\n<p><em>Portrait&nbsp;:<\/em><br><em>Pius Kn\u00fcsel est le pr\u00e9sident de&nbsp;<\/em><a href=\"https:\/\/www.up-vhs.ch\/fr\/\" target=\"_blank\" rel=\"noreferrer noopener\"><em>l&rsquo;Association des Universit\u00e9s Populaires suisses (AUPS)&nbsp;<\/em><\/a><em>et&nbsp;<\/em><a href=\"https:\/\/alice.ch\/fr\/fsea\/organes\/\"><em>membre du&nbsp;comit\u00e9 directeur de la FSEA<\/em><\/a><em>. Il \u00e9tait directeur de&nbsp;<\/em><a href=\"https:\/\/www.vhszh.ch\/\" target=\"_blank\" rel=\"noreferrer noopener\"><em>l&rsquo;universit\u00e9<\/em>&nbsp;populaire de Zurich (VHSZH)<\/a><em><a href=\"https:\/\/www.vhszh.ch\/\" target=\"_blank\" rel=\"noreferrer noopener\">&nbsp;<\/a>pendant huit ans, jusqu&rsquo;en 2021. Auparavant, il \u00e9tait directeur de la fondation culturelle suisse Pro Helvetia. Il a \u00e9galement dirig\u00e9 le sponsoring culturel du Cr\u00e9dit Suisse et du club de jazz zurichois Moods.<\/em><\/p>\n\n\n\n<p>Image : \u00ab Une exp\u00e9rience d&rsquo;apprentissage partag\u00e9e sur place est une exp\u00e9rience d&rsquo;apprentissage plus riche \u00bb, d\u00e9clare Pius Kn\u00fcsel. (Image: VHSZH)<\/p>\n","protected":false},"excerpt":{"rendered":"<p>L&rsquo;atelier FSEA du 21 septembre 2021 a donn\u00e9 l&rsquo;occasion aux prestataires de formation continue de r\u00e9fl\u00e9chir aux diff\u00e9rents formats d&rsquo;enseignement. [&hellip;]<\/p>\n","protected":false},"author":10,"featured_media":41396,"template":"","meta":{"_acf_changed":false,"inline_featured_image":false,"footnotes":""},"news-category":[92],"global-category":[],"class_list":["post-6854","news","type-news","status-publish","has-post-thumbnail","hentry","news-category-coronavirus-fr"],"acf":[],"yoast_head":"<!-- This site is optimized with the Yoast SEO plugin v27.3 - https:\/\/yoast.com\/product\/yoast-seo-wordpress\/ -->\n<title>L&#039;enseignement analogique et local est une un atout concurrentiel : Quelle doit \u00eatre la place du num\u00e9rique dans l&#039;offre de formation continue apr\u00e8s la crise du coronavirus ? - FSEA<\/title>\n<meta name=\"robots\" content=\"index, follow, max-snippet:-1, max-image-preview:large, max-video-preview:-1\" \/>\n<link rel=\"canonical\" href=\"https:\/\/alice.ch\/fr\/news\/lenseignement-analogique-et-local-est-une-un-atout-concurrentiel-quelle-doit-etre-la-place-du-numerique-dans-loffre-de-formation-continue-apres-la-crise-du-coronavirus\/\" \/>\n<meta property=\"og:locale\" content=\"fr_FR\" \/>\n<meta property=\"og:type\" content=\"article\" \/>\n<meta property=\"og:title\" content=\"L&#039;enseignement analogique et local est une un atout concurrentiel : Quelle doit \u00eatre la place du num\u00e9rique dans l&#039;offre de formation continue apr\u00e8s la crise du coronavirus ? - FSEA\" \/>\n<meta property=\"og:description\" content=\"L&rsquo;atelier FSEA du 21 septembre 2021 a donn\u00e9 l&rsquo;occasion aux prestataires de formation continue de r\u00e9fl\u00e9chir aux diff\u00e9rents formats d&rsquo;enseignement. [&hellip;]\" \/>\n<meta property=\"og:url\" content=\"https:\/\/alice.ch\/fr\/news\/lenseignement-analogique-et-local-est-une-un-atout-concurrentiel-quelle-doit-etre-la-place-du-numerique-dans-loffre-de-formation-continue-apres-la-crise-du-coronavirus\/\" \/>\n<meta property=\"og:site_name\" content=\"SVEB\" \/>\n<meta property=\"article:modified_time\" content=\"2022-12-21T09:45:41+00:00\" \/>\n<meta property=\"og:image\" content=\"https:\/\/alice.ch\/app\/uploads\/2023\/01\/210921.jpeg\" \/>\n\t<meta property=\"og:image:width\" content=\"1200\" \/>\n\t<meta property=\"og:image:height\" content=\"627\" \/>\n\t<meta property=\"og:image:type\" content=\"image\/jpeg\" \/>\n<meta name=\"twitter:card\" content=\"summary_large_image\" \/>\n<meta name=\"twitter:label1\" content=\"Dur\u00e9e de lecture estim\u00e9e\" \/>\n\t<meta name=\"twitter:data1\" content=\"7 minutes\" \/>\n<script type=\"application\/ld+json\" class=\"yoast-schema-graph\">{\"@context\":\"https:\\\/\\\/schema.org\",\"@graph\":[{\"@type\":\"WebPage\",\"@id\":\"https:\\\/\\\/alice.ch\\\/fr\\\/news\\\/lenseignement-analogique-et-local-est-une-un-atout-concurrentiel-quelle-doit-etre-la-place-du-numerique-dans-loffre-de-formation-continue-apres-la-crise-du-coronavirus\\\/\",\"url\":\"https:\\\/\\\/alice.ch\\\/fr\\\/news\\\/lenseignement-analogique-et-local-est-une-un-atout-concurrentiel-quelle-doit-etre-la-place-du-numerique-dans-loffre-de-formation-continue-apres-la-crise-du-coronavirus\\\/\",\"name\":\"L'enseignement analogique et local est une un atout concurrentiel : Quelle doit \u00eatre la place du num\u00e9rique dans l'offre de formation continue apr\u00e8s la crise du coronavirus ? - FSEA\",\"isPartOf\":{\"@id\":\"https:\\\/\\\/alice.ch\\\/fr\\\/#website\"},\"primaryImageOfPage\":{\"@id\":\"https:\\\/\\\/alice.ch\\\/fr\\\/news\\\/lenseignement-analogique-et-local-est-une-un-atout-concurrentiel-quelle-doit-etre-la-place-du-numerique-dans-loffre-de-formation-continue-apres-la-crise-du-coronavirus\\\/#primaryimage\"},\"image\":{\"@id\":\"https:\\\/\\\/alice.ch\\\/fr\\\/news\\\/lenseignement-analogique-et-local-est-une-un-atout-concurrentiel-quelle-doit-etre-la-place-du-numerique-dans-loffre-de-formation-continue-apres-la-crise-du-coronavirus\\\/#primaryimage\"},\"thumbnailUrl\":\"https:\\\/\\\/alice.ch\\\/app\\\/uploads\\\/2023\\\/01\\\/210921.jpeg\",\"datePublished\":\"2021-09-21T07:32:00+00:00\",\"dateModified\":\"2022-12-21T09:45:41+00:00\",\"breadcrumb\":{\"@id\":\"https:\\\/\\\/alice.ch\\\/fr\\\/news\\\/lenseignement-analogique-et-local-est-une-un-atout-concurrentiel-quelle-doit-etre-la-place-du-numerique-dans-loffre-de-formation-continue-apres-la-crise-du-coronavirus\\\/#breadcrumb\"},\"inLanguage\":\"fr-FR\",\"potentialAction\":[{\"@type\":\"ReadAction\",\"target\":[\"https:\\\/\\\/alice.ch\\\/fr\\\/news\\\/lenseignement-analogique-et-local-est-une-un-atout-concurrentiel-quelle-doit-etre-la-place-du-numerique-dans-loffre-de-formation-continue-apres-la-crise-du-coronavirus\\\/\"]}]},{\"@type\":\"ImageObject\",\"inLanguage\":\"fr-FR\",\"@id\":\"https:\\\/\\\/alice.ch\\\/fr\\\/news\\\/lenseignement-analogique-et-local-est-une-un-atout-concurrentiel-quelle-doit-etre-la-place-du-numerique-dans-loffre-de-formation-continue-apres-la-crise-du-coronavirus\\\/#primaryimage\",\"url\":\"https:\\\/\\\/alice.ch\\\/app\\\/uploads\\\/2023\\\/01\\\/210921.jpeg\",\"contentUrl\":\"https:\\\/\\\/alice.ch\\\/app\\\/uploads\\\/2023\\\/01\\\/210921.jpeg\",\"width\":1200,\"height\":627},{\"@type\":\"BreadcrumbList\",\"@id\":\"https:\\\/\\\/alice.ch\\\/fr\\\/news\\\/lenseignement-analogique-et-local-est-une-un-atout-concurrentiel-quelle-doit-etre-la-place-du-numerique-dans-loffre-de-formation-continue-apres-la-crise-du-coronavirus\\\/#breadcrumb\",\"itemListElement\":[{\"@type\":\"ListItem\",\"position\":1,\"name\":\"Page d'accueil\",\"item\":\"https:\\\/\\\/alice.ch\\\/fr\\\/\"},{\"@type\":\"ListItem\",\"position\":2,\"name\":\"L&#8217;enseignement analogique et local est une un atout concurrentiel : Quelle doit \u00eatre la place du num\u00e9rique dans l&#8217;offre de formation continue apr\u00e8s la crise du coronavirus ?\"}]},{\"@type\":\"WebSite\",\"@id\":\"https:\\\/\\\/alice.ch\\\/fr\\\/#website\",\"url\":\"https:\\\/\\\/alice.ch\\\/fr\\\/\",\"name\":\"alice.ch (Adult Learning Information Center) ist das Portal der Weiterbildung in der Schweiz.\",\"description\":\"Schweizerischer Verband f\u00fcr Weiterbildung\",\"publisher\":{\"@id\":\"https:\\\/\\\/alice.ch\\\/fr\\\/#organization\"},\"potentialAction\":[{\"@type\":\"SearchAction\",\"target\":{\"@type\":\"EntryPoint\",\"urlTemplate\":\"https:\\\/\\\/alice.ch\\\/fr\\\/?s={search_term_string}\"},\"query-input\":{\"@type\":\"PropertyValueSpecification\",\"valueRequired\":true,\"valueName\":\"search_term_string\"}}],\"inLanguage\":\"fr-FR\"},{\"@type\":\"Organization\",\"@id\":\"https:\\\/\\\/alice.ch\\\/fr\\\/#organization\",\"name\":\"FSEA F\u00e9d\u00e9ration suisse pour la formation continue\",\"url\":\"https:\\\/\\\/alice.ch\\\/fr\\\/\",\"logo\":{\"@type\":\"ImageObject\",\"inLanguage\":\"fr-FR\",\"@id\":\"https:\\\/\\\/alice.ch\\\/fr\\\/#\\\/schema\\\/logo\\\/image\\\/\",\"url\":\"https:\\\/\\\/alice.ch\\\/app\\\/uploads\\\/2022\\\/07\\\/logo-sveb.png\",\"contentUrl\":\"https:\\\/\\\/alice.ch\\\/app\\\/uploads\\\/2022\\\/07\\\/logo-sveb.png\",\"width\":145,\"height\":64,\"caption\":\"FSEA F\u00e9d\u00e9ration suisse pour la formation continue\"},\"image\":{\"@id\":\"https:\\\/\\\/alice.ch\\\/fr\\\/#\\\/schema\\\/logo\\\/image\\\/\"},\"sameAs\":[\"https:\\\/\\\/www.linkedin.com\\\/company\\\/schweizerischer-verband-fr-weiterbildung-sveb\\\/\"]}]}<\/script>\n<!-- \/ Yoast SEO plugin. -->","yoast_head_json":{"title":"L'enseignement analogique et local est une un atout concurrentiel : Quelle doit \u00eatre la place du num\u00e9rique dans l'offre de formation continue apr\u00e8s la crise du coronavirus ? - FSEA","robots":{"index":"index","follow":"follow","max-snippet":"max-snippet:-1","max-image-preview":"max-image-preview:large","max-video-preview":"max-video-preview:-1"},"canonical":"https:\/\/alice.ch\/fr\/news\/lenseignement-analogique-et-local-est-une-un-atout-concurrentiel-quelle-doit-etre-la-place-du-numerique-dans-loffre-de-formation-continue-apres-la-crise-du-coronavirus\/","og_locale":"fr_FR","og_type":"article","og_title":"L'enseignement analogique et local est une un atout concurrentiel : Quelle doit \u00eatre la place du num\u00e9rique dans l'offre de formation continue apr\u00e8s la crise du coronavirus ? - FSEA","og_description":"L&rsquo;atelier FSEA du 21 septembre 2021 a donn\u00e9 l&rsquo;occasion aux prestataires de formation continue de r\u00e9fl\u00e9chir aux diff\u00e9rents formats d&rsquo;enseignement. [&hellip;]","og_url":"https:\/\/alice.ch\/fr\/news\/lenseignement-analogique-et-local-est-une-un-atout-concurrentiel-quelle-doit-etre-la-place-du-numerique-dans-loffre-de-formation-continue-apres-la-crise-du-coronavirus\/","og_site_name":"SVEB","article_modified_time":"2022-12-21T09:45:41+00:00","og_image":[{"width":1200,"height":627,"url":"https:\/\/alice.ch\/app\/uploads\/2023\/01\/210921.jpeg","type":"image\/jpeg"}],"twitter_card":"summary_large_image","twitter_misc":{"Dur\u00e9e de lecture estim\u00e9e":"7 minutes"},"schema":{"@context":"https:\/\/schema.org","@graph":[{"@type":"WebPage","@id":"https:\/\/alice.ch\/fr\/news\/lenseignement-analogique-et-local-est-une-un-atout-concurrentiel-quelle-doit-etre-la-place-du-numerique-dans-loffre-de-formation-continue-apres-la-crise-du-coronavirus\/","url":"https:\/\/alice.ch\/fr\/news\/lenseignement-analogique-et-local-est-une-un-atout-concurrentiel-quelle-doit-etre-la-place-du-numerique-dans-loffre-de-formation-continue-apres-la-crise-du-coronavirus\/","name":"L'enseignement analogique et local est une un atout concurrentiel : Quelle doit \u00eatre la place du num\u00e9rique dans l'offre de formation continue apr\u00e8s la crise du coronavirus ? - FSEA","isPartOf":{"@id":"https:\/\/alice.ch\/fr\/#website"},"primaryImageOfPage":{"@id":"https:\/\/alice.ch\/fr\/news\/lenseignement-analogique-et-local-est-une-un-atout-concurrentiel-quelle-doit-etre-la-place-du-numerique-dans-loffre-de-formation-continue-apres-la-crise-du-coronavirus\/#primaryimage"},"image":{"@id":"https:\/\/alice.ch\/fr\/news\/lenseignement-analogique-et-local-est-une-un-atout-concurrentiel-quelle-doit-etre-la-place-du-numerique-dans-loffre-de-formation-continue-apres-la-crise-du-coronavirus\/#primaryimage"},"thumbnailUrl":"https:\/\/alice.ch\/app\/uploads\/2023\/01\/210921.jpeg","datePublished":"2021-09-21T07:32:00+00:00","dateModified":"2022-12-21T09:45:41+00:00","breadcrumb":{"@id":"https:\/\/alice.ch\/fr\/news\/lenseignement-analogique-et-local-est-une-un-atout-concurrentiel-quelle-doit-etre-la-place-du-numerique-dans-loffre-de-formation-continue-apres-la-crise-du-coronavirus\/#breadcrumb"},"inLanguage":"fr-FR","potentialAction":[{"@type":"ReadAction","target":["https:\/\/alice.ch\/fr\/news\/lenseignement-analogique-et-local-est-une-un-atout-concurrentiel-quelle-doit-etre-la-place-du-numerique-dans-loffre-de-formation-continue-apres-la-crise-du-coronavirus\/"]}]},{"@type":"ImageObject","inLanguage":"fr-FR","@id":"https:\/\/alice.ch\/fr\/news\/lenseignement-analogique-et-local-est-une-un-atout-concurrentiel-quelle-doit-etre-la-place-du-numerique-dans-loffre-de-formation-continue-apres-la-crise-du-coronavirus\/#primaryimage","url":"https:\/\/alice.ch\/app\/uploads\/2023\/01\/210921.jpeg","contentUrl":"https:\/\/alice.ch\/app\/uploads\/2023\/01\/210921.jpeg","width":1200,"height":627},{"@type":"BreadcrumbList","@id":"https:\/\/alice.ch\/fr\/news\/lenseignement-analogique-et-local-est-une-un-atout-concurrentiel-quelle-doit-etre-la-place-du-numerique-dans-loffre-de-formation-continue-apres-la-crise-du-coronavirus\/#breadcrumb","itemListElement":[{"@type":"ListItem","position":1,"name":"Page d'accueil","item":"https:\/\/alice.ch\/fr\/"},{"@type":"ListItem","position":2,"name":"L&#8217;enseignement analogique et local est une un atout concurrentiel : Quelle doit \u00eatre la place du num\u00e9rique dans l&#8217;offre de formation continue apr\u00e8s la crise du coronavirus ?"}]},{"@type":"WebSite","@id":"https:\/\/alice.ch\/fr\/#website","url":"https:\/\/alice.ch\/fr\/","name":"alice.ch (Adult Learning Information Center) ist das Portal der Weiterbildung in der Schweiz.","description":"Schweizerischer Verband f\u00fcr Weiterbildung","publisher":{"@id":"https:\/\/alice.ch\/fr\/#organization"},"potentialAction":[{"@type":"SearchAction","target":{"@type":"EntryPoint","urlTemplate":"https:\/\/alice.ch\/fr\/?s={search_term_string}"},"query-input":{"@type":"PropertyValueSpecification","valueRequired":true,"valueName":"search_term_string"}}],"inLanguage":"fr-FR"},{"@type":"Organization","@id":"https:\/\/alice.ch\/fr\/#organization","name":"FSEA F\u00e9d\u00e9ration suisse pour la formation continue","url":"https:\/\/alice.ch\/fr\/","logo":{"@type":"ImageObject","inLanguage":"fr-FR","@id":"https:\/\/alice.ch\/fr\/#\/schema\/logo\/image\/","url":"https:\/\/alice.ch\/app\/uploads\/2022\/07\/logo-sveb.png","contentUrl":"https:\/\/alice.ch\/app\/uploads\/2022\/07\/logo-sveb.png","width":145,"height":64,"caption":"FSEA F\u00e9d\u00e9ration suisse pour la formation continue"},"image":{"@id":"https:\/\/alice.ch\/fr\/#\/schema\/logo\/image\/"},"sameAs":["https:\/\/www.linkedin.com\/company\/schweizerischer-verband-fr-weiterbildung-sveb\/"]}]}},"_links":{"self":[{"href":"https:\/\/alice.ch\/fr\/wp-json\/wp\/v2\/news\/6854","targetHints":{"allow":["GET"]}}],"collection":[{"href":"https:\/\/alice.ch\/fr\/wp-json\/wp\/v2\/news"}],"about":[{"href":"https:\/\/alice.ch\/fr\/wp-json\/wp\/v2\/types\/news"}],"author":[{"embeddable":true,"href":"https:\/\/alice.ch\/fr\/wp-json\/wp\/v2\/users\/10"}],"version-history":[{"count":5,"href":"https:\/\/alice.ch\/fr\/wp-json\/wp\/v2\/news\/6854\/revisions"}],"predecessor-version":[{"id":38959,"href":"https:\/\/alice.ch\/fr\/wp-json\/wp\/v2\/news\/6854\/revisions\/38959"}],"wp:featuredmedia":[{"embeddable":true,"href":"https:\/\/alice.ch\/fr\/wp-json\/wp\/v2\/media\/41396"}],"wp:attachment":[{"href":"https:\/\/alice.ch\/fr\/wp-json\/wp\/v2\/media?parent=6854"}],"wp:term":[{"taxonomy":"news-category","embeddable":true,"href":"https:\/\/alice.ch\/fr\/wp-json\/wp\/v2\/news-category?post=6854"},{"taxonomy":"global-category","embeddable":true,"href":"https:\/\/alice.ch\/fr\/wp-json\/wp\/v2\/global-category?post=6854"}],"curies":[{"name":"wp","href":"https:\/\/api.w.org\/{rel}","templated":true}]}}