{"id":73791,"date":"2026-02-25T15:35:39","date_gmt":"2026-02-25T14:35:39","guid":{"rendered":"https:\/\/alice.ch\/?post_type=news&#038;p=73791"},"modified":"2026-03-05T11:25:43","modified_gmt":"2026-03-05T10:25:43","slug":"la-formation-continue-comme-une-assurance-preventive","status":"publish","type":"news","link":"https:\/\/alice.ch\/fr\/news\/la-formation-continue-comme-une-assurance-preventive\/","title":{"rendered":"La formation continue comme une assurance pr\u00e9ventive"},"content":{"rendered":"\n<p class=\"is-style-lead\">L\u2019assembl\u00e9e g\u00e9n\u00e9rale du 10 f\u00e9vrier de la Conf\u00e9rence romande de la formation continue (CRFC) a mis au centre de ses discussions la question de l\u2019impact du paquet d\u2019all\u00e8gement 2027 pr\u00e9vu par la Conf\u00e9d\u00e9ration.<\/p>\n\n\n\n<p>La responsable du secteur Formation continue au SEFRI, Sabine Scheiben, a rappel\u00e9 que le budget f\u00e9d\u00e9ral pour la formation continue s\u2019\u00e9l\u00e8ve \u00e0 177 millions CHF et repose sur plus de 100 bases l\u00e9gales, mais que la LFCo est le seul grand domaine actuellement sous forte menace. Les coupes envisag\u00e9es touchent en particulier le financement des organisations de formation continue et des programmes de comp\u00e9tences de base.<\/p>\n\n\n\n<h2 class=\"wp-block-heading\">Appel au d\u00e9veloppement d\u2019une vision politique commune<\/h2>\n\n\n\n<p>Caroline Meier, directrice du secr\u00e9tariat romand de la FSEA a mis en lumi\u00e8re le paradoxe entre des besoins croissants en comp\u00e9tences \u2013 li\u00e9s \u00e0 la p\u00e9nurie de main-d\u2019\u0153uvre, aux transformations rapides (notamment avec l\u2019IA) et \u00e0 la n\u00e9cessit\u00e9 de maintenir l\u2019employabilit\u00e9 \u2013 et les mesures d\u2019\u00e9conomie budg\u00e9taire de la Conf\u00e9d\u00e9ration. Plus d\u2019un million de personnes en Suisse pr\u00e9sentent aujourd\u2019hui un d\u00e9ficit en comp\u00e9tences de base selon PIAAC, alors m\u00eame que ces comp\u00e9tences figurent parmi les objectifs strat\u00e9giques du message FRI 2025\u20132028. <\/p>\n\n\n\n<h2 class=\"wp-block-heading\">Un retard suisse dans la comparaison internationale<\/h2>\n\n\n\n<p>Sur le plan international, Marc Herkenrath, directeur de l&rsquo;Association des Universit\u00e9s Populaires Suisses (AUPS), a mis en avant que la Suisse appara\u00eet nettement en retrait en mati\u00e8re de financement public de la formation continue des adultes. L\u2019Allemagne et l\u2019Autriche financent 60\u201375% des activit\u00e9s des prestataires (contre environ 20% en Suisse), et l\u2019Autriche a par exemple prolong\u00e9 jusqu\u2019en 2028 un programme national pour les comp\u00e9tences de base avec une augmentation annuelle du financement des f\u00e9d\u00e9rations de 5\u20136%.<\/p>\n\n\n\n<h2 class=\"wp-block-heading\">Cons\u00e9quences pour les cantons et les prestataires<\/h2>\n\n\n\n<p>Selon Pierre-Yves Puippe, secr\u00e9taire de la Conf\u00e9rence suisse de la formation continue (CSFC) pour les cantons, la loi sur la formation continue a \u00e9t\u00e9 un moment charni\u00e8re en favorisant des structures d\u00e9di\u00e9es, un fonds pour des mesures intercantonales et le soutien \u00e0 des campagnes, ainsi qu\u2019\u00e0 des organisations comme la FSEA.<\/p>\n\n\n\n<p>Pour conclure les discussions, C\u00e9line Weber, pr\u00e9sidente de la CRFC et conseill\u00e8re nationale a mis en avant l\u2019importance d\u2019un lobbying cibl\u00e9 qui montre l\u2019impact concret des mesures d\u2019\u00e9conomie.<\/p>\n\n\n\n<h2 class=\"wp-block-heading\">Plus d&rsquo;informations<\/h2>\n\n\n\n<div class=\"wp-block-buttons is-layout-flex wp-block-buttons-is-layout-flex\">\n<div class=\"wp-block-button has-custom-width wp-block-button__width-100 is-style-minimal\"><a class=\"wp-block-button__link wp-element-button\" href=\"https:\/\/alice.ch\/fr\/fsea-fr\/politique-de-la-formation\/mesures-deconomies-de-la-confederation\/\">Lutte contre les mesures d\u2019\u00e9conomies de la Conf\u00e9d\u00e9ration dans le domaine de la formation continue<\/a><\/div>\n<\/div>\n","protected":false},"excerpt":{"rendered":"<p>L\u2019assembl\u00e9e g\u00e9n\u00e9rale du 10 f\u00e9vrier de la Conf\u00e9rence romande de la formation continue (CRFC) a mis au centre de ses [&hellip;]<\/p>\n","protected":false},"author":27,"featured_media":73995,"template":"","meta":{"_acf_changed":false,"inline_featured_image":false,"footnotes":""},"news-category":[96],"global-category":[],"class_list":["post-73791","news","type-news","status-publish","has-post-thumbnail","hentry","news-category-politique"],"acf":[],"yoast_head":"<!-- This site is optimized with the Yoast SEO plugin v27.3 - https:\/\/yoast.com\/product\/yoast-seo-wordpress\/ -->\n<title>La formation continue comme une assurance pr\u00e9ventive - FSEA<\/title>\n<meta name=\"robots\" content=\"index, follow, max-snippet:-1, max-image-preview:large, max-video-preview:-1\" \/>\n<link rel=\"canonical\" href=\"https:\/\/alice.ch\/fr\/news\/la-formation-continue-comme-une-assurance-preventive\/\" \/>\n<meta property=\"og:locale\" content=\"fr_FR\" \/>\n<meta property=\"og:type\" content=\"article\" \/>\n<meta property=\"og:title\" content=\"La formation continue comme une assurance pr\u00e9ventive - FSEA\" \/>\n<meta property=\"og:description\" content=\"L\u2019assembl\u00e9e g\u00e9n\u00e9rale du 10 f\u00e9vrier de la Conf\u00e9rence romande de la formation continue (CRFC) a mis au centre de ses [&hellip;]\" \/>\n<meta property=\"og:url\" content=\"https:\/\/alice.ch\/fr\/news\/la-formation-continue-comme-une-assurance-preventive\/\" \/>\n<meta property=\"og:site_name\" content=\"SVEB\" \/>\n<meta property=\"article:modified_time\" content=\"2026-03-05T10:25:43+00:00\" \/>\n<meta property=\"og:image\" content=\"https:\/\/alice.ch\/app\/uploads\/2026\/02\/cfc1.jpg\" \/>\n\t<meta property=\"og:image:width\" content=\"1200\" \/>\n\t<meta property=\"og:image:height\" content=\"627\" \/>\n\t<meta property=\"og:image:type\" content=\"image\/jpeg\" \/>\n<meta name=\"twitter:card\" content=\"summary_large_image\" \/>\n<meta name=\"twitter:label1\" content=\"Dur\u00e9e de lecture estim\u00e9e\" \/>\n\t<meta name=\"twitter:data1\" content=\"2 minutes\" \/>\n<script type=\"application\/ld+json\" class=\"yoast-schema-graph\">{\"@context\":\"https:\\\/\\\/schema.org\",\"@graph\":[{\"@type\":\"WebPage\",\"@id\":\"https:\\\/\\\/alice.ch\\\/fr\\\/news\\\/la-formation-continue-comme-une-assurance-preventive\\\/\",\"url\":\"https:\\\/\\\/alice.ch\\\/fr\\\/news\\\/la-formation-continue-comme-une-assurance-preventive\\\/\",\"name\":\"La formation continue comme une assurance pr\u00e9ventive - FSEA\",\"isPartOf\":{\"@id\":\"https:\\\/\\\/alice.ch\\\/fr\\\/#website\"},\"primaryImageOfPage\":{\"@id\":\"https:\\\/\\\/alice.ch\\\/fr\\\/news\\\/la-formation-continue-comme-une-assurance-preventive\\\/#primaryimage\"},\"image\":{\"@id\":\"https:\\\/\\\/alice.ch\\\/fr\\\/news\\\/la-formation-continue-comme-une-assurance-preventive\\\/#primaryimage\"},\"thumbnailUrl\":\"https:\\\/\\\/alice.ch\\\/app\\\/uploads\\\/2026\\\/02\\\/cfc1.jpg\",\"datePublished\":\"2026-02-25T14:35:39+00:00\",\"dateModified\":\"2026-03-05T10:25:43+00:00\",\"breadcrumb\":{\"@id\":\"https:\\\/\\\/alice.ch\\\/fr\\\/news\\\/la-formation-continue-comme-une-assurance-preventive\\\/#breadcrumb\"},\"inLanguage\":\"fr-FR\",\"potentialAction\":[{\"@type\":\"ReadAction\",\"target\":[\"https:\\\/\\\/alice.ch\\\/fr\\\/news\\\/la-formation-continue-comme-une-assurance-preventive\\\/\"]}]},{\"@type\":\"ImageObject\",\"inLanguage\":\"fr-FR\",\"@id\":\"https:\\\/\\\/alice.ch\\\/fr\\\/news\\\/la-formation-continue-comme-une-assurance-preventive\\\/#primaryimage\",\"url\":\"https:\\\/\\\/alice.ch\\\/app\\\/uploads\\\/2026\\\/02\\\/cfc1.jpg\",\"contentUrl\":\"https:\\\/\\\/alice.ch\\\/app\\\/uploads\\\/2026\\\/02\\\/cfc1.jpg\",\"width\":1200,\"height\":627},{\"@type\":\"BreadcrumbList\",\"@id\":\"https:\\\/\\\/alice.ch\\\/fr\\\/news\\\/la-formation-continue-comme-une-assurance-preventive\\\/#breadcrumb\",\"itemListElement\":[{\"@type\":\"ListItem\",\"position\":1,\"name\":\"Page d'accueil\",\"item\":\"https:\\\/\\\/alice.ch\\\/fr\\\/\"},{\"@type\":\"ListItem\",\"position\":2,\"name\":\"La formation continue comme une assurance pr\u00e9ventive\"}]},{\"@type\":\"WebSite\",\"@id\":\"https:\\\/\\\/alice.ch\\\/fr\\\/#website\",\"url\":\"https:\\\/\\\/alice.ch\\\/fr\\\/\",\"name\":\"alice.ch (Adult Learning Information Center) ist das Portal der Weiterbildung in der Schweiz.\",\"description\":\"Schweizerischer Verband f\u00fcr Weiterbildung\",\"publisher\":{\"@id\":\"https:\\\/\\\/alice.ch\\\/fr\\\/#organization\"},\"potentialAction\":[{\"@type\":\"SearchAction\",\"target\":{\"@type\":\"EntryPoint\",\"urlTemplate\":\"https:\\\/\\\/alice.ch\\\/fr\\\/?s={search_term_string}\"},\"query-input\":{\"@type\":\"PropertyValueSpecification\",\"valueRequired\":true,\"valueName\":\"search_term_string\"}}],\"inLanguage\":\"fr-FR\"},{\"@type\":\"Organization\",\"@id\":\"https:\\\/\\\/alice.ch\\\/fr\\\/#organization\",\"name\":\"FSEA F\u00e9d\u00e9ration suisse pour la formation continue\",\"url\":\"https:\\\/\\\/alice.ch\\\/fr\\\/\",\"logo\":{\"@type\":\"ImageObject\",\"inLanguage\":\"fr-FR\",\"@id\":\"https:\\\/\\\/alice.ch\\\/fr\\\/#\\\/schema\\\/logo\\\/image\\\/\",\"url\":\"https:\\\/\\\/alice.ch\\\/app\\\/uploads\\\/2022\\\/07\\\/logo-sveb.png\",\"contentUrl\":\"https:\\\/\\\/alice.ch\\\/app\\\/uploads\\\/2022\\\/07\\\/logo-sveb.png\",\"width\":145,\"height\":64,\"caption\":\"FSEA F\u00e9d\u00e9ration suisse pour la formation continue\"},\"image\":{\"@id\":\"https:\\\/\\\/alice.ch\\\/fr\\\/#\\\/schema\\\/logo\\\/image\\\/\"},\"sameAs\":[\"https:\\\/\\\/www.linkedin.com\\\/company\\\/schweizerischer-verband-fr-weiterbildung-sveb\\\/\"]}]}<\/script>\n<!-- \/ Yoast SEO plugin. -->","yoast_head_json":{"title":"La formation continue comme une assurance pr\u00e9ventive - FSEA","robots":{"index":"index","follow":"follow","max-snippet":"max-snippet:-1","max-image-preview":"max-image-preview:large","max-video-preview":"max-video-preview:-1"},"canonical":"https:\/\/alice.ch\/fr\/news\/la-formation-continue-comme-une-assurance-preventive\/","og_locale":"fr_FR","og_type":"article","og_title":"La formation continue comme une assurance pr\u00e9ventive - FSEA","og_description":"L\u2019assembl\u00e9e g\u00e9n\u00e9rale du 10 f\u00e9vrier de la Conf\u00e9rence romande de la formation continue (CRFC) a mis au centre de ses [&hellip;]","og_url":"https:\/\/alice.ch\/fr\/news\/la-formation-continue-comme-une-assurance-preventive\/","og_site_name":"SVEB","article_modified_time":"2026-03-05T10:25:43+00:00","og_image":[{"width":1200,"height":627,"url":"https:\/\/alice.ch\/app\/uploads\/2026\/02\/cfc1.jpg","type":"image\/jpeg"}],"twitter_card":"summary_large_image","twitter_misc":{"Dur\u00e9e de lecture estim\u00e9e":"2 minutes"},"schema":{"@context":"https:\/\/schema.org","@graph":[{"@type":"WebPage","@id":"https:\/\/alice.ch\/fr\/news\/la-formation-continue-comme-une-assurance-preventive\/","url":"https:\/\/alice.ch\/fr\/news\/la-formation-continue-comme-une-assurance-preventive\/","name":"La formation continue comme une assurance pr\u00e9ventive - FSEA","isPartOf":{"@id":"https:\/\/alice.ch\/fr\/#website"},"primaryImageOfPage":{"@id":"https:\/\/alice.ch\/fr\/news\/la-formation-continue-comme-une-assurance-preventive\/#primaryimage"},"image":{"@id":"https:\/\/alice.ch\/fr\/news\/la-formation-continue-comme-une-assurance-preventive\/#primaryimage"},"thumbnailUrl":"https:\/\/alice.ch\/app\/uploads\/2026\/02\/cfc1.jpg","datePublished":"2026-02-25T14:35:39+00:00","dateModified":"2026-03-05T10:25:43+00:00","breadcrumb":{"@id":"https:\/\/alice.ch\/fr\/news\/la-formation-continue-comme-une-assurance-preventive\/#breadcrumb"},"inLanguage":"fr-FR","potentialAction":[{"@type":"ReadAction","target":["https:\/\/alice.ch\/fr\/news\/la-formation-continue-comme-une-assurance-preventive\/"]}]},{"@type":"ImageObject","inLanguage":"fr-FR","@id":"https:\/\/alice.ch\/fr\/news\/la-formation-continue-comme-une-assurance-preventive\/#primaryimage","url":"https:\/\/alice.ch\/app\/uploads\/2026\/02\/cfc1.jpg","contentUrl":"https:\/\/alice.ch\/app\/uploads\/2026\/02\/cfc1.jpg","width":1200,"height":627},{"@type":"BreadcrumbList","@id":"https:\/\/alice.ch\/fr\/news\/la-formation-continue-comme-une-assurance-preventive\/#breadcrumb","itemListElement":[{"@type":"ListItem","position":1,"name":"Page d'accueil","item":"https:\/\/alice.ch\/fr\/"},{"@type":"ListItem","position":2,"name":"La formation continue comme une assurance pr\u00e9ventive"}]},{"@type":"WebSite","@id":"https:\/\/alice.ch\/fr\/#website","url":"https:\/\/alice.ch\/fr\/","name":"alice.ch (Adult Learning Information Center) ist das Portal der Weiterbildung in der Schweiz.","description":"Schweizerischer Verband f\u00fcr Weiterbildung","publisher":{"@id":"https:\/\/alice.ch\/fr\/#organization"},"potentialAction":[{"@type":"SearchAction","target":{"@type":"EntryPoint","urlTemplate":"https:\/\/alice.ch\/fr\/?s={search_term_string}"},"query-input":{"@type":"PropertyValueSpecification","valueRequired":true,"valueName":"search_term_string"}}],"inLanguage":"fr-FR"},{"@type":"Organization","@id":"https:\/\/alice.ch\/fr\/#organization","name":"FSEA F\u00e9d\u00e9ration suisse pour la formation continue","url":"https:\/\/alice.ch\/fr\/","logo":{"@type":"ImageObject","inLanguage":"fr-FR","@id":"https:\/\/alice.ch\/fr\/#\/schema\/logo\/image\/","url":"https:\/\/alice.ch\/app\/uploads\/2022\/07\/logo-sveb.png","contentUrl":"https:\/\/alice.ch\/app\/uploads\/2022\/07\/logo-sveb.png","width":145,"height":64,"caption":"FSEA F\u00e9d\u00e9ration suisse pour la formation continue"},"image":{"@id":"https:\/\/alice.ch\/fr\/#\/schema\/logo\/image\/"},"sameAs":["https:\/\/www.linkedin.com\/company\/schweizerischer-verband-fr-weiterbildung-sveb\/"]}]}},"_links":{"self":[{"href":"https:\/\/alice.ch\/fr\/wp-json\/wp\/v2\/news\/73791","targetHints":{"allow":["GET"]}}],"collection":[{"href":"https:\/\/alice.ch\/fr\/wp-json\/wp\/v2\/news"}],"about":[{"href":"https:\/\/alice.ch\/fr\/wp-json\/wp\/v2\/types\/news"}],"author":[{"embeddable":true,"href":"https:\/\/alice.ch\/fr\/wp-json\/wp\/v2\/users\/27"}],"version-history":[{"count":3,"href":"https:\/\/alice.ch\/fr\/wp-json\/wp\/v2\/news\/73791\/revisions"}],"predecessor-version":[{"id":74204,"href":"https:\/\/alice.ch\/fr\/wp-json\/wp\/v2\/news\/73791\/revisions\/74204"}],"wp:featuredmedia":[{"embeddable":true,"href":"https:\/\/alice.ch\/fr\/wp-json\/wp\/v2\/media\/73995"}],"wp:attachment":[{"href":"https:\/\/alice.ch\/fr\/wp-json\/wp\/v2\/media?parent=73791"}],"wp:term":[{"taxonomy":"news-category","embeddable":true,"href":"https:\/\/alice.ch\/fr\/wp-json\/wp\/v2\/news-category?post=73791"},{"taxonomy":"global-category","embeddable":true,"href":"https:\/\/alice.ch\/fr\/wp-json\/wp\/v2\/global-category?post=73791"}],"curies":[{"name":"wp","href":"https:\/\/api.w.org\/{rel}","templated":true}]}}