{"id":73866,"date":"2026-02-24T10:24:49","date_gmt":"2026-02-24T09:24:49","guid":{"rendered":"https:\/\/alice.ch\/?post_type=news&#038;p=73866"},"modified":"2026-02-24T10:24:32","modified_gmt":"2026-02-24T09:24:32","slug":"les-exigences-envers-les-responsables-de-formation-sont-complexes","status":"publish","type":"news","link":"https:\/\/alice.ch\/fr\/news\/les-exigences-envers-les-responsables-de-formation-sont-complexes\/","title":{"rendered":"\u00abLes exigences envers les responsables de formation sont complexes\u00bb"},"content":{"rendered":"\n<p class=\"is-style-lead\">Fin janvier, le nouvel examen professionnel sup\u00e9rieur de responsable de formation dipl\u00f4m\u00e9 a \u00e9t\u00e9 organis\u00e9 pour la premi\u00e8re fois. Ernst Aebi, responsable des examens sortant, nous donne des informations et revient sur les dix derni\u00e8res ann\u00e9es.<\/p>\n\n\n\n<p><strong><em>Le 29 janvier 2026, le nouvel examen professionnel sup\u00e9rieur a \u00e9t\u00e9 organis\u00e9 pour la premi\u00e8re fois. Qu&rsquo;est-ce qui a bien fonctionn\u00e9? Qu&rsquo;est-ce qui peut encore \u00eatre am\u00e9lior\u00e9?<\/em><\/strong><br>Le premier nouvel examen s&rsquo;est d\u00e9roul\u00e9 sans encombre, notamment gr\u00e2ce \u00e0 l&rsquo;engagement des experts d&rsquo;examen, qui \u00e9taient tr\u00e8s bien pr\u00e9par\u00e9s. Nous avons organis\u00e9 ensemble une formation d&rsquo;une journ\u00e9e \u00e0 l&rsquo;automne et une mise \u00e0 jour en ligne en janvier. Cela a permis de clarifier et de r\u00e9soudre les derni\u00e8res incertitudes ( les probl\u00e8mes li\u00e9s au d\u00e9roulement). L&rsquo;ensemble du processus, tr\u00e8s complexe, avec cinq \u00e9preuves diff\u00e9rentes par candidat en une seule journ\u00e9e (qui n&rsquo;existait jusqu&rsquo;\u00e0 pr\u00e9sent que sur papier), a pass\u00e9 son bapt\u00eame du feu. Cependant, cela n&rsquo;a pas \u00e9t\u00e9 sans stress pour les experts, qui ont parfois atteint leurs limites en raison des d\u00e9lais d&rsquo;\u00e9valuation courts.<\/p>\n\n\n\n<p><strong><em>Une nouveaut\u00e9 de l&rsquo;examen est l&rsquo;\u00e9valuation. Pourquoi \u00e9tait-ce n\u00e9cessaire? Et qu&rsquo;apporte-t-elle?<\/em><\/strong><br>Les exigences impos\u00e9es aux responsables de formation sont complexes. L&rsquo;\u00e9valuation reproduit des situations tir\u00e9es directement de la pratique des responsables de formation. Elle permet de d\u00e9terminer si les candidats sont capables de mettre en relation les comp\u00e9tences \u00e9valu\u00e9es dans les diff\u00e9rents modules et de les appliquer dans la pratique.<\/p>\n\n\n\n<p><strong><em>En r\u00e9sum\u00e9: qu&rsquo;est-ce qu&rsquo;un responsable de formation dipl\u00f4m\u00e9 doit savoir faire?<\/em><\/strong><br>Une vue d&rsquo;ensemble de ses t\u00e2ches et une application combin\u00e9e de diverses comp\u00e9tences en mati\u00e8re de formation et de gestion.<\/p>\n\n\n\n<p><strong><em>Quelle valeur ajout\u00e9e un responsable de formation apporte-t-il \u00e0 une entreprise?<\/em><\/strong><br>Une gestion comp\u00e9tente d&rsquo;une \u00e9quipe de formatrices et de formateurs. Et donc la conception, la planification, la mise en \u0153uvre et le contr\u00f4le professionnels de mesures de formation et de perfectionnement complexes qui conduisent \u00e0 des am\u00e9liorations concr\u00e8tes et mesurables dans l&rsquo;entreprise.<\/p>\n\n\n\n<p><strong><em>Vous avez \u00e9t\u00e9 responsable des examens pendant dix ans: qu&rsquo;est-ce qui vous a le plus marqu\u00e9?<\/em><\/strong><br>La collaboration tr\u00e8s positive avec Christina Jacober, responsable g\u00e9n\u00e9rale du syst\u00e8me FFA, et avec les collaborateurs du secr\u00e9tariat des examens, qui ont ma\u00eetris\u00e9 avec brio toute l&rsquo;organisation des examens. Et bien s\u00fbr, toutes les rencontres enrichissantes avec les experts aux examens, avec lesquels j&rsquo;ai pu optimiser le d\u00e9roulement des examens ann\u00e9e apr\u00e8s ann\u00e9e.<\/p>\n\n\n\n<p><strong><em>Y a-t-il une anecdote particuli\u00e8rement r\u00e9jouissante de cette p\u00e9riode?<\/em><\/strong><br>Il y a beaucoup d&rsquo;anecdotes r\u00e9jouissantes, mais pas \u00abune\u00bb en particulier. Il convient certainement de mentionner l&rsquo;examen de 2019, auquel ont particip\u00e9 15 candidats de Suisse al\u00e9manique, 4 de Suisse romande et 8 du Tessin, soit un nombre record de candidats (27) dans trois langues d&rsquo;examen, ce qui a rendu l&rsquo;organisation de l&rsquo;examen particuli\u00e8rement difficile.<\/p>\n\n\n\n<p><strong><em>Pourquoi de telles r\u00e9visions sont-elles n\u00e9cessaires?<\/em><\/strong><br>Les documents de base de l&rsquo;examen professionnel sup\u00e9rieur, \u00e0 savoir le r\u00e8glement d&rsquo;examen, ses directives et les descriptions des modules, ne correspondaient plus aux exigences actuellement en vigueur. L&rsquo;ancien r\u00e8glement d&rsquo;examen datait de 2010 et avait \u00e9t\u00e9 modifi\u00e9 en 2012. Les exigences relatives aux modules \u00e9taient ax\u00e9es sur le contenu et les objectifs d&rsquo;apprentissage, l&rsquo;orientation vers les comp\u00e9tences n&rsquo;\u00e9tant pas encore mise en \u0153uvre \u00e0 l&rsquo;\u00e9poque. Une r\u00e9vision \u00e9tait \u00e9galement n\u00e9cessaire du point de vue du Secr\u00e9tariat d&rsquo;\u00c9tat \u00e0 la formation, \u00e0 la recherche et \u00e0 l&rsquo;innovation (SEFRI). La r\u00e9vision a \u00e9t\u00e9 l&rsquo;occasion d&rsquo;adapter l&rsquo;examen et les documents de base \u00e0 la r\u00e9alit\u00e9 des entreprises et des \u00e9tablissements de formation, qui ont consid\u00e9rablement \u00e9volu\u00e9 au cours des dix derni\u00e8res ann\u00e9es. Et donc aussi les exigences en mati\u00e8re de formation et de formation continue en entreprise. Il fallait et il faut encore y r\u00e9pondre. Dans le m\u00eame temps, il s&rsquo;agissait \u00e9galement de rem\u00e9dier aux lacunes identifi\u00e9es dans l&rsquo;ancien syst\u00e8me d&rsquo;examen et de trouver une forme encore plus proche de la pratique.<\/p>\n\n\n\n<p><strong><em>Que transmettez-vous \u00e0 votre successeur, Christoph Negri?<\/em><\/strong><br>En tant que \u00abvieux de la vieille\u00bb, le terme \u00abcomp\u00e9tences\u00bb me fait toujours penser aux anciens objectifs d&rsquo;apprentissage avec la t\u00eate, le c\u0153ur et les mains&#8230; Christoph est bien s\u00fbr beaucoup plus avanc\u00e9 dans ce domaine. S&rsquo;il met \u00e0 profit sa grande exp\u00e9rience en mati\u00e8re de gestion pour continuer \u00e0 d\u00e9velopper en permanence le nouvel examen avec toutes les parties prenantes, celui-ci sera couronn\u00e9 de succ\u00e8s.<\/p>\n\n\n\n<h2 class=\"wp-block-heading\">Plus d&rsquo;informations<\/h2>\n\n\n\n<div class=\"wp-block-buttons is-layout-flex wp-block-buttons-is-layout-flex\">\n<div class=\"wp-block-button has-custom-width wp-block-button__width-100 is-style-minimal\"><a class=\"wp-block-button__link wp-element-button\" href=\"https:\/\/alice.ch\/fr\/news\/revision-de-lexamen-professionnel-superieur-approuvee\/\">R\u00e9vision de l\u2019examen professionnel sup\u00e9rieur approuv\u00e9e\u00a0<\/a><\/div>\n<\/div>\n\n\n\n<p><a id=\"_msocom_1\"><\/a><\/p>\n","protected":false},"excerpt":{"rendered":"<p>Fin janvier, le nouvel examen professionnel sup\u00e9rieur de responsable de formation dipl\u00f4m\u00e9 a \u00e9t\u00e9 organis\u00e9 pour la premi\u00e8re fois. Ernst [&hellip;]<\/p>\n","protected":false},"author":27,"featured_media":73845,"template":"","meta":{"_acf_changed":false,"inline_featured_image":false,"footnotes":""},"news-category":[94],"global-category":[111],"class_list":["post-73866","news","type-news","status-publish","has-post-thumbnail","hentry","news-category-professionnalisation","global-category-professionalisierung-fr"],"acf":[],"yoast_head":"<!-- This site is optimized with the Yoast SEO plugin v27.3 - https:\/\/yoast.com\/product\/yoast-seo-wordpress\/ -->\n<title>\u00abLes exigences envers les responsables de formation sont complexes\u00bb - FSEA<\/title>\n<meta name=\"robots\" content=\"index, follow, max-snippet:-1, max-image-preview:large, max-video-preview:-1\" \/>\n<link rel=\"canonical\" href=\"https:\/\/alice.ch\/fr\/news\/les-exigences-envers-les-responsables-de-formation-sont-complexes\/\" \/>\n<meta property=\"og:locale\" content=\"fr_FR\" \/>\n<meta property=\"og:type\" content=\"article\" \/>\n<meta property=\"og:title\" content=\"\u00abLes exigences envers les responsables de formation sont complexes\u00bb - FSEA\" \/>\n<meta property=\"og:description\" content=\"Fin janvier, le nouvel examen professionnel sup\u00e9rieur de responsable de formation dipl\u00f4m\u00e9 a \u00e9t\u00e9 organis\u00e9 pour la premi\u00e8re fois. Ernst [&hellip;]\" \/>\n<meta property=\"og:url\" content=\"https:\/\/alice.ch\/fr\/news\/les-exigences-envers-les-responsables-de-formation-sont-complexes\/\" \/>\n<meta property=\"og:site_name\" content=\"SVEB\" \/>\n<meta property=\"og:image\" content=\"https:\/\/alice.ch\/app\/uploads\/2026\/02\/ernst-aebi.jpg\" \/>\n\t<meta property=\"og:image:width\" content=\"1200\" \/>\n\t<meta property=\"og:image:height\" content=\"627\" \/>\n\t<meta property=\"og:image:type\" content=\"image\/jpeg\" \/>\n<meta name=\"twitter:card\" content=\"summary_large_image\" \/>\n<meta name=\"twitter:label1\" content=\"Dur\u00e9e de lecture estim\u00e9e\" \/>\n\t<meta name=\"twitter:data1\" content=\"4 minutes\" \/>\n<script type=\"application\/ld+json\" class=\"yoast-schema-graph\">{\"@context\":\"https:\\\/\\\/schema.org\",\"@graph\":[{\"@type\":\"WebPage\",\"@id\":\"https:\\\/\\\/alice.ch\\\/fr\\\/news\\\/les-exigences-envers-les-responsables-de-formation-sont-complexes\\\/\",\"url\":\"https:\\\/\\\/alice.ch\\\/fr\\\/news\\\/les-exigences-envers-les-responsables-de-formation-sont-complexes\\\/\",\"name\":\"\u00abLes exigences envers les responsables de formation sont complexes\u00bb - FSEA\",\"isPartOf\":{\"@id\":\"https:\\\/\\\/alice.ch\\\/fr\\\/#website\"},\"primaryImageOfPage\":{\"@id\":\"https:\\\/\\\/alice.ch\\\/fr\\\/news\\\/les-exigences-envers-les-responsables-de-formation-sont-complexes\\\/#primaryimage\"},\"image\":{\"@id\":\"https:\\\/\\\/alice.ch\\\/fr\\\/news\\\/les-exigences-envers-les-responsables-de-formation-sont-complexes\\\/#primaryimage\"},\"thumbnailUrl\":\"https:\\\/\\\/alice.ch\\\/app\\\/uploads\\\/2026\\\/02\\\/ernst-aebi.jpg\",\"datePublished\":\"2026-02-24T09:24:49+00:00\",\"breadcrumb\":{\"@id\":\"https:\\\/\\\/alice.ch\\\/fr\\\/news\\\/les-exigences-envers-les-responsables-de-formation-sont-complexes\\\/#breadcrumb\"},\"inLanguage\":\"fr-FR\",\"potentialAction\":[{\"@type\":\"ReadAction\",\"target\":[\"https:\\\/\\\/alice.ch\\\/fr\\\/news\\\/les-exigences-envers-les-responsables-de-formation-sont-complexes\\\/\"]}]},{\"@type\":\"ImageObject\",\"inLanguage\":\"fr-FR\",\"@id\":\"https:\\\/\\\/alice.ch\\\/fr\\\/news\\\/les-exigences-envers-les-responsables-de-formation-sont-complexes\\\/#primaryimage\",\"url\":\"https:\\\/\\\/alice.ch\\\/app\\\/uploads\\\/2026\\\/02\\\/ernst-aebi.jpg\",\"contentUrl\":\"https:\\\/\\\/alice.ch\\\/app\\\/uploads\\\/2026\\\/02\\\/ernst-aebi.jpg\",\"width\":1200,\"height\":627},{\"@type\":\"BreadcrumbList\",\"@id\":\"https:\\\/\\\/alice.ch\\\/fr\\\/news\\\/les-exigences-envers-les-responsables-de-formation-sont-complexes\\\/#breadcrumb\",\"itemListElement\":[{\"@type\":\"ListItem\",\"position\":1,\"name\":\"Page d'accueil\",\"item\":\"https:\\\/\\\/alice.ch\\\/fr\\\/\"},{\"@type\":\"ListItem\",\"position\":2,\"name\":\"\u00abLes exigences envers les responsables de formation sont complexes\u00bb\"}]},{\"@type\":\"WebSite\",\"@id\":\"https:\\\/\\\/alice.ch\\\/fr\\\/#website\",\"url\":\"https:\\\/\\\/alice.ch\\\/fr\\\/\",\"name\":\"alice.ch (Adult Learning Information Center) ist das Portal der Weiterbildung in der Schweiz.\",\"description\":\"Schweizerischer Verband f\u00fcr Weiterbildung\",\"publisher\":{\"@id\":\"https:\\\/\\\/alice.ch\\\/fr\\\/#organization\"},\"potentialAction\":[{\"@type\":\"SearchAction\",\"target\":{\"@type\":\"EntryPoint\",\"urlTemplate\":\"https:\\\/\\\/alice.ch\\\/fr\\\/?s={search_term_string}\"},\"query-input\":{\"@type\":\"PropertyValueSpecification\",\"valueRequired\":true,\"valueName\":\"search_term_string\"}}],\"inLanguage\":\"fr-FR\"},{\"@type\":\"Organization\",\"@id\":\"https:\\\/\\\/alice.ch\\\/fr\\\/#organization\",\"name\":\"FSEA F\u00e9d\u00e9ration suisse pour la formation continue\",\"url\":\"https:\\\/\\\/alice.ch\\\/fr\\\/\",\"logo\":{\"@type\":\"ImageObject\",\"inLanguage\":\"fr-FR\",\"@id\":\"https:\\\/\\\/alice.ch\\\/fr\\\/#\\\/schema\\\/logo\\\/image\\\/\",\"url\":\"https:\\\/\\\/alice.ch\\\/app\\\/uploads\\\/2022\\\/07\\\/logo-sveb.png\",\"contentUrl\":\"https:\\\/\\\/alice.ch\\\/app\\\/uploads\\\/2022\\\/07\\\/logo-sveb.png\",\"width\":145,\"height\":64,\"caption\":\"FSEA F\u00e9d\u00e9ration suisse pour la formation continue\"},\"image\":{\"@id\":\"https:\\\/\\\/alice.ch\\\/fr\\\/#\\\/schema\\\/logo\\\/image\\\/\"},\"sameAs\":[\"https:\\\/\\\/www.linkedin.com\\\/company\\\/schweizerischer-verband-fr-weiterbildung-sveb\\\/\"]}]}<\/script>\n<!-- \/ Yoast SEO plugin. -->","yoast_head_json":{"title":"\u00abLes exigences envers les responsables de formation sont complexes\u00bb - FSEA","robots":{"index":"index","follow":"follow","max-snippet":"max-snippet:-1","max-image-preview":"max-image-preview:large","max-video-preview":"max-video-preview:-1"},"canonical":"https:\/\/alice.ch\/fr\/news\/les-exigences-envers-les-responsables-de-formation-sont-complexes\/","og_locale":"fr_FR","og_type":"article","og_title":"\u00abLes exigences envers les responsables de formation sont complexes\u00bb - FSEA","og_description":"Fin janvier, le nouvel examen professionnel sup\u00e9rieur de responsable de formation dipl\u00f4m\u00e9 a \u00e9t\u00e9 organis\u00e9 pour la premi\u00e8re fois. Ernst [&hellip;]","og_url":"https:\/\/alice.ch\/fr\/news\/les-exigences-envers-les-responsables-de-formation-sont-complexes\/","og_site_name":"SVEB","og_image":[{"width":1200,"height":627,"url":"https:\/\/alice.ch\/app\/uploads\/2026\/02\/ernst-aebi.jpg","type":"image\/jpeg"}],"twitter_card":"summary_large_image","twitter_misc":{"Dur\u00e9e de lecture estim\u00e9e":"4 minutes"},"schema":{"@context":"https:\/\/schema.org","@graph":[{"@type":"WebPage","@id":"https:\/\/alice.ch\/fr\/news\/les-exigences-envers-les-responsables-de-formation-sont-complexes\/","url":"https:\/\/alice.ch\/fr\/news\/les-exigences-envers-les-responsables-de-formation-sont-complexes\/","name":"\u00abLes exigences envers les responsables de formation sont complexes\u00bb - FSEA","isPartOf":{"@id":"https:\/\/alice.ch\/fr\/#website"},"primaryImageOfPage":{"@id":"https:\/\/alice.ch\/fr\/news\/les-exigences-envers-les-responsables-de-formation-sont-complexes\/#primaryimage"},"image":{"@id":"https:\/\/alice.ch\/fr\/news\/les-exigences-envers-les-responsables-de-formation-sont-complexes\/#primaryimage"},"thumbnailUrl":"https:\/\/alice.ch\/app\/uploads\/2026\/02\/ernst-aebi.jpg","datePublished":"2026-02-24T09:24:49+00:00","breadcrumb":{"@id":"https:\/\/alice.ch\/fr\/news\/les-exigences-envers-les-responsables-de-formation-sont-complexes\/#breadcrumb"},"inLanguage":"fr-FR","potentialAction":[{"@type":"ReadAction","target":["https:\/\/alice.ch\/fr\/news\/les-exigences-envers-les-responsables-de-formation-sont-complexes\/"]}]},{"@type":"ImageObject","inLanguage":"fr-FR","@id":"https:\/\/alice.ch\/fr\/news\/les-exigences-envers-les-responsables-de-formation-sont-complexes\/#primaryimage","url":"https:\/\/alice.ch\/app\/uploads\/2026\/02\/ernst-aebi.jpg","contentUrl":"https:\/\/alice.ch\/app\/uploads\/2026\/02\/ernst-aebi.jpg","width":1200,"height":627},{"@type":"BreadcrumbList","@id":"https:\/\/alice.ch\/fr\/news\/les-exigences-envers-les-responsables-de-formation-sont-complexes\/#breadcrumb","itemListElement":[{"@type":"ListItem","position":1,"name":"Page d'accueil","item":"https:\/\/alice.ch\/fr\/"},{"@type":"ListItem","position":2,"name":"\u00abLes exigences envers les responsables de formation sont complexes\u00bb"}]},{"@type":"WebSite","@id":"https:\/\/alice.ch\/fr\/#website","url":"https:\/\/alice.ch\/fr\/","name":"alice.ch (Adult Learning Information Center) ist das Portal der Weiterbildung in der Schweiz.","description":"Schweizerischer Verband f\u00fcr Weiterbildung","publisher":{"@id":"https:\/\/alice.ch\/fr\/#organization"},"potentialAction":[{"@type":"SearchAction","target":{"@type":"EntryPoint","urlTemplate":"https:\/\/alice.ch\/fr\/?s={search_term_string}"},"query-input":{"@type":"PropertyValueSpecification","valueRequired":true,"valueName":"search_term_string"}}],"inLanguage":"fr-FR"},{"@type":"Organization","@id":"https:\/\/alice.ch\/fr\/#organization","name":"FSEA F\u00e9d\u00e9ration suisse pour la formation continue","url":"https:\/\/alice.ch\/fr\/","logo":{"@type":"ImageObject","inLanguage":"fr-FR","@id":"https:\/\/alice.ch\/fr\/#\/schema\/logo\/image\/","url":"https:\/\/alice.ch\/app\/uploads\/2022\/07\/logo-sveb.png","contentUrl":"https:\/\/alice.ch\/app\/uploads\/2022\/07\/logo-sveb.png","width":145,"height":64,"caption":"FSEA F\u00e9d\u00e9ration suisse pour la formation continue"},"image":{"@id":"https:\/\/alice.ch\/fr\/#\/schema\/logo\/image\/"},"sameAs":["https:\/\/www.linkedin.com\/company\/schweizerischer-verband-fr-weiterbildung-sveb\/"]}]}},"_links":{"self":[{"href":"https:\/\/alice.ch\/fr\/wp-json\/wp\/v2\/news\/73866","targetHints":{"allow":["GET"]}}],"collection":[{"href":"https:\/\/alice.ch\/fr\/wp-json\/wp\/v2\/news"}],"about":[{"href":"https:\/\/alice.ch\/fr\/wp-json\/wp\/v2\/types\/news"}],"author":[{"embeddable":true,"href":"https:\/\/alice.ch\/fr\/wp-json\/wp\/v2\/users\/27"}],"version-history":[{"count":1,"href":"https:\/\/alice.ch\/fr\/wp-json\/wp\/v2\/news\/73866\/revisions"}],"predecessor-version":[{"id":73867,"href":"https:\/\/alice.ch\/fr\/wp-json\/wp\/v2\/news\/73866\/revisions\/73867"}],"wp:featuredmedia":[{"embeddable":true,"href":"https:\/\/alice.ch\/fr\/wp-json\/wp\/v2\/media\/73845"}],"wp:attachment":[{"href":"https:\/\/alice.ch\/fr\/wp-json\/wp\/v2\/media?parent=73866"}],"wp:term":[{"taxonomy":"news-category","embeddable":true,"href":"https:\/\/alice.ch\/fr\/wp-json\/wp\/v2\/news-category?post=73866"},{"taxonomy":"global-category","embeddable":true,"href":"https:\/\/alice.ch\/fr\/wp-json\/wp\/v2\/global-category?post=73866"}],"curies":[{"name":"wp","href":"https:\/\/api.w.org\/{rel}","templated":true}]}}