{"id":73939,"date":"2026-02-25T08:23:32","date_gmt":"2026-02-25T07:23:32","guid":{"rendered":"https:\/\/alice.ch\/?post_type=news&#038;p=73939"},"modified":"2026-02-25T08:23:17","modified_gmt":"2026-02-25T07:23:17","slug":"75-ans-de-la-fsea-appel-a-contributions","status":"publish","type":"news","link":"https:\/\/alice.ch\/fr\/news\/75-ans-de-la-fsea-appel-a-contributions\/","title":{"rendered":"75 ans de la FSEA: appel \u00e0 contributions!"},"content":{"rendered":"\n<p class=\"is-style-lead\">La FSEA f\u00eatera son 75e anniversaire en 2026. Une bonne raison de regarder ensemble le chemin parcouru. \u00c0 l&rsquo;occasion de cet anniversaire, nous recherchons des souvenirs, des messages de salutations, des \u00e9loges, etc. sous forme de texte, de photo, de vid\u00e9o ou de message vocal. Merci de votre participation!<\/p>\n\n\n\n<p>Le 31 mars 1951, huit partis se sont r\u00e9unis au restaurant Strauhof \u00e0 Zurich et ont fond\u00e9 l&rsquo;Association suisse pour la formation d&rsquo;adultes. Depuis, beaucoup de choses ont chang\u00e9 et la FSEA n&rsquo;a cess\u00e9 de cro\u00eetre.<\/p>\n\n\n\n<p>Cette ann\u00e9e, la F\u00e9d\u00e9ration suisse pour la formation continue f\u00eate ses 75 ans et revient sur un riche parcours.<\/p>\n\n\n\n<p>Nous aimerions nous rem\u00e9morer avec vous quelques souvenirs (ou envisager l&rsquo;avenir).<\/p>\n\n\n\n<h2 class=\"wp-block-heading\">Que souhaitez-vous dire \u00e0 la FSEA? Que retenez-vous de ces 75 ann\u00e9es?<\/h2>\n\n\n\n<p>C&rsquo;est pourquoi nous recherchons: des messages de salutations \u00e0 la FSEA, des anecdotes et des histoires sur la FSEA, des exp\u00e9riences avec la FSEA, des souvenirs de la FSEA, des \u00e9loges \u00e0 la FSEA, des critiques \u00e0 la FSEA, etc.<\/p>\n\n\n\n<p>Que ce soit sous forme de vid\u00e9o, de photo, de message vocal, de collage, de publication Instagram, de po\u00e8me, de pr\u00e9sentation ou de chanson reggaeton. L&rsquo;essentiel est que cela vienne de vous et que nous puissions partager votre contribution \u00e0 l&rsquo;anniversaire de la FSEA avec d&rsquo;autres.<\/p>\n\n\n\n<p>Nous vous serions reconnaissants de bien vouloir nous envoyer votre contribution avant le 12 avril. Soit \u00e0 <a href=\"mailto:medien@alice.ch\">medien@alice.ch<\/a>, soit \u00e0 SVEB, Schweizerischer Verband f\u00fcr Weiterbildung, Hardstrasse 235, 8005 Z\u00fcrich.<\/p>\n","protected":false},"excerpt":{"rendered":"<p>La FSEA f\u00eatera son 75e anniversaire en 2026. Une bonne raison de regarder ensemble le chemin parcouru. \u00c0 l&rsquo;occasion de [&hellip;]<\/p>\n","protected":false},"author":27,"featured_media":73872,"template":"","meta":{"_acf_changed":false,"inline_featured_image":false,"footnotes":""},"news-category":[100],"global-category":[],"class_list":["post-73939","news","type-news","status-publish","has-post-thumbnail","hentry","news-category-fsea"],"acf":[],"yoast_head":"<!-- This site is optimized with the Yoast SEO plugin v27.3 - https:\/\/yoast.com\/product\/yoast-seo-wordpress\/ -->\n<title>75 ans de la FSEA: appel \u00e0 contributions! - FSEA<\/title>\n<meta name=\"robots\" content=\"index, follow, max-snippet:-1, max-image-preview:large, max-video-preview:-1\" \/>\n<link rel=\"canonical\" href=\"https:\/\/alice.ch\/fr\/news\/75-ans-de-la-fsea-appel-a-contributions\/\" \/>\n<meta property=\"og:locale\" content=\"fr_FR\" \/>\n<meta property=\"og:type\" content=\"article\" \/>\n<meta property=\"og:title\" content=\"75 ans de la FSEA: appel \u00e0 contributions! - FSEA\" \/>\n<meta property=\"og:description\" content=\"La FSEA f\u00eatera son 75e anniversaire en 2026. Une bonne raison de regarder ensemble le chemin parcouru. \u00c0 l&rsquo;occasion de [&hellip;]\" \/>\n<meta property=\"og:url\" content=\"https:\/\/alice.ch\/fr\/news\/75-ans-de-la-fsea-appel-a-contributions\/\" \/>\n<meta property=\"og:site_name\" content=\"SVEB\" \/>\n<meta property=\"og:image\" content=\"https:\/\/alice.ch\/app\/uploads\/2026\/02\/sveb1.jpg\" \/>\n\t<meta property=\"og:image:width\" content=\"1200\" \/>\n\t<meta property=\"og:image:height\" content=\"627\" \/>\n\t<meta property=\"og:image:type\" content=\"image\/jpeg\" \/>\n<meta name=\"twitter:card\" content=\"summary_large_image\" \/>\n<meta name=\"twitter:label1\" content=\"Dur\u00e9e de lecture estim\u00e9e\" \/>\n\t<meta name=\"twitter:data1\" content=\"1 minute\" \/>\n<script type=\"application\/ld+json\" class=\"yoast-schema-graph\">{\"@context\":\"https:\\\/\\\/schema.org\",\"@graph\":[{\"@type\":\"WebPage\",\"@id\":\"https:\\\/\\\/alice.ch\\\/fr\\\/news\\\/75-ans-de-la-fsea-appel-a-contributions\\\/\",\"url\":\"https:\\\/\\\/alice.ch\\\/fr\\\/news\\\/75-ans-de-la-fsea-appel-a-contributions\\\/\",\"name\":\"75 ans de la FSEA: appel \u00e0 contributions! - FSEA\",\"isPartOf\":{\"@id\":\"https:\\\/\\\/alice.ch\\\/fr\\\/#website\"},\"primaryImageOfPage\":{\"@id\":\"https:\\\/\\\/alice.ch\\\/fr\\\/news\\\/75-ans-de-la-fsea-appel-a-contributions\\\/#primaryimage\"},\"image\":{\"@id\":\"https:\\\/\\\/alice.ch\\\/fr\\\/news\\\/75-ans-de-la-fsea-appel-a-contributions\\\/#primaryimage\"},\"thumbnailUrl\":\"https:\\\/\\\/alice.ch\\\/app\\\/uploads\\\/2026\\\/02\\\/sveb1.jpg\",\"datePublished\":\"2026-02-25T07:23:32+00:00\",\"breadcrumb\":{\"@id\":\"https:\\\/\\\/alice.ch\\\/fr\\\/news\\\/75-ans-de-la-fsea-appel-a-contributions\\\/#breadcrumb\"},\"inLanguage\":\"fr-FR\",\"potentialAction\":[{\"@type\":\"ReadAction\",\"target\":[\"https:\\\/\\\/alice.ch\\\/fr\\\/news\\\/75-ans-de-la-fsea-appel-a-contributions\\\/\"]}]},{\"@type\":\"ImageObject\",\"inLanguage\":\"fr-FR\",\"@id\":\"https:\\\/\\\/alice.ch\\\/fr\\\/news\\\/75-ans-de-la-fsea-appel-a-contributions\\\/#primaryimage\",\"url\":\"https:\\\/\\\/alice.ch\\\/app\\\/uploads\\\/2026\\\/02\\\/sveb1.jpg\",\"contentUrl\":\"https:\\\/\\\/alice.ch\\\/app\\\/uploads\\\/2026\\\/02\\\/sveb1.jpg\",\"width\":1200,\"height\":627},{\"@type\":\"BreadcrumbList\",\"@id\":\"https:\\\/\\\/alice.ch\\\/fr\\\/news\\\/75-ans-de-la-fsea-appel-a-contributions\\\/#breadcrumb\",\"itemListElement\":[{\"@type\":\"ListItem\",\"position\":1,\"name\":\"Page d'accueil\",\"item\":\"https:\\\/\\\/alice.ch\\\/fr\\\/\"},{\"@type\":\"ListItem\",\"position\":2,\"name\":\"75 ans de la FSEA: appel \u00e0 contributions!\"}]},{\"@type\":\"WebSite\",\"@id\":\"https:\\\/\\\/alice.ch\\\/fr\\\/#website\",\"url\":\"https:\\\/\\\/alice.ch\\\/fr\\\/\",\"name\":\"alice.ch (Adult Learning Information Center) ist das Portal der Weiterbildung in der Schweiz.\",\"description\":\"Schweizerischer Verband f\u00fcr Weiterbildung\",\"publisher\":{\"@id\":\"https:\\\/\\\/alice.ch\\\/fr\\\/#organization\"},\"potentialAction\":[{\"@type\":\"SearchAction\",\"target\":{\"@type\":\"EntryPoint\",\"urlTemplate\":\"https:\\\/\\\/alice.ch\\\/fr\\\/?s={search_term_string}\"},\"query-input\":{\"@type\":\"PropertyValueSpecification\",\"valueRequired\":true,\"valueName\":\"search_term_string\"}}],\"inLanguage\":\"fr-FR\"},{\"@type\":\"Organization\",\"@id\":\"https:\\\/\\\/alice.ch\\\/fr\\\/#organization\",\"name\":\"FSEA F\u00e9d\u00e9ration suisse pour la formation continue\",\"url\":\"https:\\\/\\\/alice.ch\\\/fr\\\/\",\"logo\":{\"@type\":\"ImageObject\",\"inLanguage\":\"fr-FR\",\"@id\":\"https:\\\/\\\/alice.ch\\\/fr\\\/#\\\/schema\\\/logo\\\/image\\\/\",\"url\":\"https:\\\/\\\/alice.ch\\\/app\\\/uploads\\\/2022\\\/07\\\/logo-sveb.png\",\"contentUrl\":\"https:\\\/\\\/alice.ch\\\/app\\\/uploads\\\/2022\\\/07\\\/logo-sveb.png\",\"width\":145,\"height\":64,\"caption\":\"FSEA F\u00e9d\u00e9ration suisse pour la formation continue\"},\"image\":{\"@id\":\"https:\\\/\\\/alice.ch\\\/fr\\\/#\\\/schema\\\/logo\\\/image\\\/\"},\"sameAs\":[\"https:\\\/\\\/www.linkedin.com\\\/company\\\/schweizerischer-verband-fr-weiterbildung-sveb\\\/\"]}]}<\/script>\n<!-- \/ Yoast SEO plugin. -->","yoast_head_json":{"title":"75 ans de la FSEA: appel \u00e0 contributions! - FSEA","robots":{"index":"index","follow":"follow","max-snippet":"max-snippet:-1","max-image-preview":"max-image-preview:large","max-video-preview":"max-video-preview:-1"},"canonical":"https:\/\/alice.ch\/fr\/news\/75-ans-de-la-fsea-appel-a-contributions\/","og_locale":"fr_FR","og_type":"article","og_title":"75 ans de la FSEA: appel \u00e0 contributions! - FSEA","og_description":"La FSEA f\u00eatera son 75e anniversaire en 2026. Une bonne raison de regarder ensemble le chemin parcouru. \u00c0 l&rsquo;occasion de [&hellip;]","og_url":"https:\/\/alice.ch\/fr\/news\/75-ans-de-la-fsea-appel-a-contributions\/","og_site_name":"SVEB","og_image":[{"width":1200,"height":627,"url":"https:\/\/alice.ch\/app\/uploads\/2026\/02\/sveb1.jpg","type":"image\/jpeg"}],"twitter_card":"summary_large_image","twitter_misc":{"Dur\u00e9e de lecture estim\u00e9e":"1 minute"},"schema":{"@context":"https:\/\/schema.org","@graph":[{"@type":"WebPage","@id":"https:\/\/alice.ch\/fr\/news\/75-ans-de-la-fsea-appel-a-contributions\/","url":"https:\/\/alice.ch\/fr\/news\/75-ans-de-la-fsea-appel-a-contributions\/","name":"75 ans de la FSEA: appel \u00e0 contributions! - FSEA","isPartOf":{"@id":"https:\/\/alice.ch\/fr\/#website"},"primaryImageOfPage":{"@id":"https:\/\/alice.ch\/fr\/news\/75-ans-de-la-fsea-appel-a-contributions\/#primaryimage"},"image":{"@id":"https:\/\/alice.ch\/fr\/news\/75-ans-de-la-fsea-appel-a-contributions\/#primaryimage"},"thumbnailUrl":"https:\/\/alice.ch\/app\/uploads\/2026\/02\/sveb1.jpg","datePublished":"2026-02-25T07:23:32+00:00","breadcrumb":{"@id":"https:\/\/alice.ch\/fr\/news\/75-ans-de-la-fsea-appel-a-contributions\/#breadcrumb"},"inLanguage":"fr-FR","potentialAction":[{"@type":"ReadAction","target":["https:\/\/alice.ch\/fr\/news\/75-ans-de-la-fsea-appel-a-contributions\/"]}]},{"@type":"ImageObject","inLanguage":"fr-FR","@id":"https:\/\/alice.ch\/fr\/news\/75-ans-de-la-fsea-appel-a-contributions\/#primaryimage","url":"https:\/\/alice.ch\/app\/uploads\/2026\/02\/sveb1.jpg","contentUrl":"https:\/\/alice.ch\/app\/uploads\/2026\/02\/sveb1.jpg","width":1200,"height":627},{"@type":"BreadcrumbList","@id":"https:\/\/alice.ch\/fr\/news\/75-ans-de-la-fsea-appel-a-contributions\/#breadcrumb","itemListElement":[{"@type":"ListItem","position":1,"name":"Page d'accueil","item":"https:\/\/alice.ch\/fr\/"},{"@type":"ListItem","position":2,"name":"75 ans de la FSEA: appel \u00e0 contributions!"}]},{"@type":"WebSite","@id":"https:\/\/alice.ch\/fr\/#website","url":"https:\/\/alice.ch\/fr\/","name":"alice.ch (Adult Learning Information Center) ist das Portal der Weiterbildung in der Schweiz.","description":"Schweizerischer Verband f\u00fcr Weiterbildung","publisher":{"@id":"https:\/\/alice.ch\/fr\/#organization"},"potentialAction":[{"@type":"SearchAction","target":{"@type":"EntryPoint","urlTemplate":"https:\/\/alice.ch\/fr\/?s={search_term_string}"},"query-input":{"@type":"PropertyValueSpecification","valueRequired":true,"valueName":"search_term_string"}}],"inLanguage":"fr-FR"},{"@type":"Organization","@id":"https:\/\/alice.ch\/fr\/#organization","name":"FSEA F\u00e9d\u00e9ration suisse pour la formation continue","url":"https:\/\/alice.ch\/fr\/","logo":{"@type":"ImageObject","inLanguage":"fr-FR","@id":"https:\/\/alice.ch\/fr\/#\/schema\/logo\/image\/","url":"https:\/\/alice.ch\/app\/uploads\/2022\/07\/logo-sveb.png","contentUrl":"https:\/\/alice.ch\/app\/uploads\/2022\/07\/logo-sveb.png","width":145,"height":64,"caption":"FSEA F\u00e9d\u00e9ration suisse pour la formation continue"},"image":{"@id":"https:\/\/alice.ch\/fr\/#\/schema\/logo\/image\/"},"sameAs":["https:\/\/www.linkedin.com\/company\/schweizerischer-verband-fr-weiterbildung-sveb\/"]}]}},"_links":{"self":[{"href":"https:\/\/alice.ch\/fr\/wp-json\/wp\/v2\/news\/73939","targetHints":{"allow":["GET"]}}],"collection":[{"href":"https:\/\/alice.ch\/fr\/wp-json\/wp\/v2\/news"}],"about":[{"href":"https:\/\/alice.ch\/fr\/wp-json\/wp\/v2\/types\/news"}],"author":[{"embeddable":true,"href":"https:\/\/alice.ch\/fr\/wp-json\/wp\/v2\/users\/27"}],"version-history":[{"count":1,"href":"https:\/\/alice.ch\/fr\/wp-json\/wp\/v2\/news\/73939\/revisions"}],"predecessor-version":[{"id":73940,"href":"https:\/\/alice.ch\/fr\/wp-json\/wp\/v2\/news\/73939\/revisions\/73940"}],"wp:featuredmedia":[{"embeddable":true,"href":"https:\/\/alice.ch\/fr\/wp-json\/wp\/v2\/media\/73872"}],"wp:attachment":[{"href":"https:\/\/alice.ch\/fr\/wp-json\/wp\/v2\/media?parent=73939"}],"wp:term":[{"taxonomy":"news-category","embeddable":true,"href":"https:\/\/alice.ch\/fr\/wp-json\/wp\/v2\/news-category?post=73939"},{"taxonomy":"global-category","embeddable":true,"href":"https:\/\/alice.ch\/fr\/wp-json\/wp\/v2\/global-category?post=73939"}],"curies":[{"name":"wp","href":"https:\/\/api.w.org\/{rel}","templated":true}]}}