{"id":74230,"date":"2026-03-05T10:15:25","date_gmt":"2026-03-05T09:15:25","guid":{"rendered":"https:\/\/alice.ch\/?post_type=news&#038;p=74230"},"modified":"2026-03-10T08:50:34","modified_gmt":"2026-03-10T07:50:34","slug":"le-conseil-national-se-prononce-contre-les-mesures-deconomies-dans-la-formation-continue","status":"publish","type":"news","link":"https:\/\/alice.ch\/fr\/news\/le-conseil-national-se-prononce-contre-les-mesures-deconomies-dans-la-formation-continue\/","title":{"rendered":"Le Conseil national se prononce contre les mesures d&rsquo;\u00e9conomies dans la formation continue"},"content":{"rendered":"\n<p class=\"is-style-lead\">Le Conseil f\u00e9d\u00e9ral voulait une suppression totale, le Conseil des \u00c9tats souhaite r\u00e9duire de moiti\u00e9 les moyens financiers allou\u00e9s \u00e0 la formation continue et le Conseil national a d\u00e9sormais d\u00e9cid\u00e9 de ne pas faire d&rsquo;\u00e9conomies dans ce domaine. Il s&rsquo;agit d&rsquo;une victoire importante pour le secteur de la formation continue.<\/p>\n\n\n\n<p>Le 4 mars, le Conseil national s&rsquo;est prononc\u00e9 par 103 voix contre 82 contre les mesures d&rsquo;\u00e9conomies dans la formation continue. Cette d\u00e9cision intervient apr\u00e8s que le <a href=\"https:\/\/alice.ch\/fr\/news\/le-conseil-des-etats-reduit-les-mesures-deconomie-du-conseil-federal-dans-le-domaine-de-la-formation-continue\/\">Conseil des \u00c9tats ait d\u00e9j\u00e0 redimensionn\u00e9 les plans d&rsquo;\u00e9conomie du Conseil f\u00e9d\u00e9ral<\/a>.<\/p>\n\n\n\n<p>Le Conseil national ne souhaite donc pas que les moyens destin\u00e9s \u00e0 la promotion des comp\u00e9tences de base et aux organisations de formation continue soient r\u00e9duits.<\/p>\n\n\n\n<p>Il s&rsquo;agit l\u00e0 d&rsquo;un succ\u00e8s interm\u00e9diaire extr\u00eamement important pour le domaine de la formation continue.<\/p>\n\n\n\n<h2 class=\"wp-block-heading\">\u00abUn non-sens \u00e9conomique\u00bb<\/h2>\n\n\n\n<p>Corina Gredig (Vert&rsquo;lib\u00e9raux) a justifi\u00e9 cette d\u00e9cision en ces termes: \u00ab1,6 million de personnes dans notre pays ont des difficult\u00e9s \u00e0 lire, \u00e0 \u00e9crire et \u00e0 compter. [\u2026] Ces personnes ne sont couvertes ni par l&rsquo;assurance ch\u00f4mage, ni par l&rsquo;AI, ni par les programmes d&rsquo;int\u00e9gration. Il n&rsquo;existe pas non plus de march\u00e9 priv\u00e9 pour elles. Les personnes qui ont de faibles comp\u00e9tences de base ne peuvent pas se permettre une formation continue co\u00fbteuse. Il n&rsquo;y a donc pas d&rsquo;effets d&rsquo;aubaine.\u00bb<\/p>\n\n\n\n<p>Et elle ajoute: \u00abSupprimer ces fonds ne permet pas simplement d&rsquo;\u00e9conomiser 19 millions de francs, cela risque aussi de faire sortir plus rapidement des personnes du march\u00e9 du travail, et ce \u00e0 une \u00e9poque o\u00f9 la main-d&rsquo;\u0153uvre est rare.\u00bb<\/p>\n\n\n\n<p>Elle a \u00e9galement rappel\u00e9 que le Conseil f\u00e9d\u00e9ral venait de d\u00e9finir la promotion de la formation continue comme une priorit\u00e9 strat\u00e9gique: \u00abIl y a un an, le Conseil f\u00e9d\u00e9ral et nous, le Parlement, avons d\u00e9sign\u00e9 la formation continue comme une priorit\u00e9 dans le cadre du message FRI \u2013 il y a moins d&rsquo;un an. [\u2026] Ce n&rsquo;est pas une politique coh\u00e9rente. Le manque de comp\u00e9tences de base engendre des co\u00fbts \u00e9conomiques. [\u2026] La formation continue est une mesure pr\u00e9ventive et non un luxe. Si nous r\u00e9duisons les d\u00e9penses dans ce domaine, nous ne faisons que transf\u00e9rer les co\u00fbts vers les institutions sociales. Ce n&rsquo;est pas durable, c&rsquo;est un non-sens \u00e9conomique.\u00bb<\/p>\n\n\n\n<h2 class=\"wp-block-heading\">R\u00e9ductions dans le domaine de l&rsquo;\u00e9ducation \u00e0 l&rsquo;environnement<\/h2>\n\n\n\n<p>La majorit\u00e9 a \u00e9t\u00e9 obtenue gr\u00e2ce au soutien unanime du groupe du centre. Yvonne B\u00fcrgin (Le Centre) a d\u00e9clar\u00e9 que la promotion des comp\u00e9tences de base \u00e9tait \u00abd&rsquo;une importance capitale pour l&#8217;employabilit\u00e9 et la participation sociale\u00bb et que l&rsquo;apprentissage tout au long de la vie \u00e9tait tr\u00e8s important, en particulier dans un monde du travail en rapide \u00e9volution.<\/p>\n\n\n\n<p>D\u00e9but f\u00e9vrier, la Conf\u00e9rence suisse des directeurs cantonaux de l&rsquo;instruction publique (CDIP) s&rsquo;\u00e9tait d\u00e9j\u00e0 clairement positionn\u00e9e <a href=\"https:\/\/www.edk.ch\/fr\/documentation\/textes-juridiques\/prises-de-position\">contre les mesures d&rsquo;\u00e9conomie dans la formation continue<\/a> dans une prise de position.<\/p>\n\n\n\n<p>Mais il y a aussi eu une mauvaise nouvelle: en mati\u00e8re d&rsquo;\u00e9ducation \u00e0 l&rsquo;environnement, la majorit\u00e9 a suivi le Conseil des \u00c9tats, ce qui signifie que la r\u00e9duction de trois millions de francs par an est d\u00e9sormais d\u00e9cid\u00e9e.<\/p>\n\n\n\n<p>Le dossier retourne maintenant au Conseil des \u00c9tats, qui se penchera sur les divergences.<\/p>\n\n\n\n<h2 class=\"wp-block-heading\">Plus d&rsquo;informations<\/h2>\n\n\n\n<div class=\"wp-block-buttons is-layout-flex wp-block-buttons-is-layout-flex\">\n<div class=\"wp-block-button has-custom-width wp-block-button__width-100 is-style-minimal\"><a class=\"wp-block-button__link wp-element-button\" href=\"https:\/\/alice.ch\/fr\/fsea-fr\/politique-de-la-formation\/mesures-deconomies-de-la-confederation\/\">Lutte contre les mesures d\u2019\u00e9conomies de la Conf\u00e9d\u00e9ration dans le domaine de la formation continue<br><\/a><\/div>\n<\/div>\n","protected":false},"excerpt":{"rendered":"<p>Le Conseil f\u00e9d\u00e9ral voulait une suppression totale, le Conseil des \u00c9tats souhaite r\u00e9duire de moiti\u00e9 les moyens financiers allou\u00e9s \u00e0 [&hellip;]<\/p>\n","protected":false},"author":27,"featured_media":74180,"template":"","meta":{"_acf_changed":false,"inline_featured_image":false,"footnotes":""},"news-category":[96],"global-category":[436],"class_list":["post-74230","news","type-news","status-publish","has-post-thumbnail","hentry","news-category-politique","global-category-sparplaene-in-der-weiterbildung-fr"],"acf":[],"yoast_head":"<!-- This site is optimized with the Yoast SEO plugin v27.3 - https:\/\/yoast.com\/product\/yoast-seo-wordpress\/ -->\n<title>Le Conseil national se prononce contre les mesures d&#039;\u00e9conomies dans la formation continue - FSEA<\/title>\n<meta name=\"robots\" content=\"index, follow, max-snippet:-1, max-image-preview:large, max-video-preview:-1\" \/>\n<link rel=\"canonical\" href=\"https:\/\/alice.ch\/fr\/news\/le-conseil-national-se-prononce-contre-les-mesures-deconomies-dans-la-formation-continue\/\" \/>\n<meta property=\"og:locale\" content=\"fr_FR\" \/>\n<meta property=\"og:type\" content=\"article\" \/>\n<meta property=\"og:title\" content=\"Le Conseil national se prononce contre les mesures d&#039;\u00e9conomies dans la formation continue - FSEA\" \/>\n<meta property=\"og:description\" content=\"Le Conseil f\u00e9d\u00e9ral voulait une suppression totale, le Conseil des \u00c9tats souhaite r\u00e9duire de moiti\u00e9 les moyens financiers allou\u00e9s \u00e0 [&hellip;]\" \/>\n<meta property=\"og:url\" content=\"https:\/\/alice.ch\/fr\/news\/le-conseil-national-se-prononce-contre-les-mesures-deconomies-dans-la-formation-continue\/\" \/>\n<meta property=\"og:site_name\" content=\"SVEB\" \/>\n<meta property=\"article:modified_time\" content=\"2026-03-10T07:50:34+00:00\" \/>\n<meta property=\"og:image\" content=\"https:\/\/alice.ch\/app\/uploads\/2026\/03\/hansjorg-keller-GAfoU0t8tsg-unsplash-11.jpg\" \/>\n\t<meta property=\"og:image:width\" content=\"1200\" \/>\n\t<meta property=\"og:image:height\" content=\"627\" \/>\n\t<meta property=\"og:image:type\" content=\"image\/jpeg\" \/>\n<meta name=\"twitter:card\" content=\"summary_large_image\" \/>\n<meta name=\"twitter:label1\" content=\"Dur\u00e9e de lecture estim\u00e9e\" \/>\n\t<meta name=\"twitter:data1\" content=\"3 minutes\" \/>\n<script type=\"application\/ld+json\" class=\"yoast-schema-graph\">{\"@context\":\"https:\\\/\\\/schema.org\",\"@graph\":[{\"@type\":\"WebPage\",\"@id\":\"https:\\\/\\\/alice.ch\\\/fr\\\/news\\\/le-conseil-national-se-prononce-contre-les-mesures-deconomies-dans-la-formation-continue\\\/\",\"url\":\"https:\\\/\\\/alice.ch\\\/fr\\\/news\\\/le-conseil-national-se-prononce-contre-les-mesures-deconomies-dans-la-formation-continue\\\/\",\"name\":\"Le Conseil national se prononce contre les mesures d'\u00e9conomies dans la formation continue - FSEA\",\"isPartOf\":{\"@id\":\"https:\\\/\\\/alice.ch\\\/fr\\\/#website\"},\"primaryImageOfPage\":{\"@id\":\"https:\\\/\\\/alice.ch\\\/fr\\\/news\\\/le-conseil-national-se-prononce-contre-les-mesures-deconomies-dans-la-formation-continue\\\/#primaryimage\"},\"image\":{\"@id\":\"https:\\\/\\\/alice.ch\\\/fr\\\/news\\\/le-conseil-national-se-prononce-contre-les-mesures-deconomies-dans-la-formation-continue\\\/#primaryimage\"},\"thumbnailUrl\":\"https:\\\/\\\/alice.ch\\\/app\\\/uploads\\\/2026\\\/03\\\/hansjorg-keller-GAfoU0t8tsg-unsplash-11.jpg\",\"datePublished\":\"2026-03-05T09:15:25+00:00\",\"dateModified\":\"2026-03-10T07:50:34+00:00\",\"breadcrumb\":{\"@id\":\"https:\\\/\\\/alice.ch\\\/fr\\\/news\\\/le-conseil-national-se-prononce-contre-les-mesures-deconomies-dans-la-formation-continue\\\/#breadcrumb\"},\"inLanguage\":\"fr-FR\",\"potentialAction\":[{\"@type\":\"ReadAction\",\"target\":[\"https:\\\/\\\/alice.ch\\\/fr\\\/news\\\/le-conseil-national-se-prononce-contre-les-mesures-deconomies-dans-la-formation-continue\\\/\"]}]},{\"@type\":\"ImageObject\",\"inLanguage\":\"fr-FR\",\"@id\":\"https:\\\/\\\/alice.ch\\\/fr\\\/news\\\/le-conseil-national-se-prononce-contre-les-mesures-deconomies-dans-la-formation-continue\\\/#primaryimage\",\"url\":\"https:\\\/\\\/alice.ch\\\/app\\\/uploads\\\/2026\\\/03\\\/hansjorg-keller-GAfoU0t8tsg-unsplash-11.jpg\",\"contentUrl\":\"https:\\\/\\\/alice.ch\\\/app\\\/uploads\\\/2026\\\/03\\\/hansjorg-keller-GAfoU0t8tsg-unsplash-11.jpg\",\"width\":1200,\"height\":627},{\"@type\":\"BreadcrumbList\",\"@id\":\"https:\\\/\\\/alice.ch\\\/fr\\\/news\\\/le-conseil-national-se-prononce-contre-les-mesures-deconomies-dans-la-formation-continue\\\/#breadcrumb\",\"itemListElement\":[{\"@type\":\"ListItem\",\"position\":1,\"name\":\"Page d'accueil\",\"item\":\"https:\\\/\\\/alice.ch\\\/fr\\\/\"},{\"@type\":\"ListItem\",\"position\":2,\"name\":\"Le Conseil national se prononce contre les mesures d&#8217;\u00e9conomies dans la formation continue\"}]},{\"@type\":\"WebSite\",\"@id\":\"https:\\\/\\\/alice.ch\\\/fr\\\/#website\",\"url\":\"https:\\\/\\\/alice.ch\\\/fr\\\/\",\"name\":\"alice.ch (Adult Learning Information Center) ist das Portal der Weiterbildung in der Schweiz.\",\"description\":\"Schweizerischer Verband f\u00fcr Weiterbildung\",\"publisher\":{\"@id\":\"https:\\\/\\\/alice.ch\\\/fr\\\/#organization\"},\"potentialAction\":[{\"@type\":\"SearchAction\",\"target\":{\"@type\":\"EntryPoint\",\"urlTemplate\":\"https:\\\/\\\/alice.ch\\\/fr\\\/?s={search_term_string}\"},\"query-input\":{\"@type\":\"PropertyValueSpecification\",\"valueRequired\":true,\"valueName\":\"search_term_string\"}}],\"inLanguage\":\"fr-FR\"},{\"@type\":\"Organization\",\"@id\":\"https:\\\/\\\/alice.ch\\\/fr\\\/#organization\",\"name\":\"FSEA F\u00e9d\u00e9ration suisse pour la formation continue\",\"url\":\"https:\\\/\\\/alice.ch\\\/fr\\\/\",\"logo\":{\"@type\":\"ImageObject\",\"inLanguage\":\"fr-FR\",\"@id\":\"https:\\\/\\\/alice.ch\\\/fr\\\/#\\\/schema\\\/logo\\\/image\\\/\",\"url\":\"https:\\\/\\\/alice.ch\\\/app\\\/uploads\\\/2022\\\/07\\\/logo-sveb.png\",\"contentUrl\":\"https:\\\/\\\/alice.ch\\\/app\\\/uploads\\\/2022\\\/07\\\/logo-sveb.png\",\"width\":145,\"height\":64,\"caption\":\"FSEA F\u00e9d\u00e9ration suisse pour la formation continue\"},\"image\":{\"@id\":\"https:\\\/\\\/alice.ch\\\/fr\\\/#\\\/schema\\\/logo\\\/image\\\/\"},\"sameAs\":[\"https:\\\/\\\/www.linkedin.com\\\/company\\\/schweizerischer-verband-fr-weiterbildung-sveb\\\/\"]}]}<\/script>\n<!-- \/ Yoast SEO plugin. -->","yoast_head_json":{"title":"Le Conseil national se prononce contre les mesures d'\u00e9conomies dans la formation continue - FSEA","robots":{"index":"index","follow":"follow","max-snippet":"max-snippet:-1","max-image-preview":"max-image-preview:large","max-video-preview":"max-video-preview:-1"},"canonical":"https:\/\/alice.ch\/fr\/news\/le-conseil-national-se-prononce-contre-les-mesures-deconomies-dans-la-formation-continue\/","og_locale":"fr_FR","og_type":"article","og_title":"Le Conseil national se prononce contre les mesures d'\u00e9conomies dans la formation continue - FSEA","og_description":"Le Conseil f\u00e9d\u00e9ral voulait une suppression totale, le Conseil des \u00c9tats souhaite r\u00e9duire de moiti\u00e9 les moyens financiers allou\u00e9s \u00e0 [&hellip;]","og_url":"https:\/\/alice.ch\/fr\/news\/le-conseil-national-se-prononce-contre-les-mesures-deconomies-dans-la-formation-continue\/","og_site_name":"SVEB","article_modified_time":"2026-03-10T07:50:34+00:00","og_image":[{"width":1200,"height":627,"url":"https:\/\/alice.ch\/app\/uploads\/2026\/03\/hansjorg-keller-GAfoU0t8tsg-unsplash-11.jpg","type":"image\/jpeg"}],"twitter_card":"summary_large_image","twitter_misc":{"Dur\u00e9e de lecture estim\u00e9e":"3 minutes"},"schema":{"@context":"https:\/\/schema.org","@graph":[{"@type":"WebPage","@id":"https:\/\/alice.ch\/fr\/news\/le-conseil-national-se-prononce-contre-les-mesures-deconomies-dans-la-formation-continue\/","url":"https:\/\/alice.ch\/fr\/news\/le-conseil-national-se-prononce-contre-les-mesures-deconomies-dans-la-formation-continue\/","name":"Le Conseil national se prononce contre les mesures d'\u00e9conomies dans la formation continue - FSEA","isPartOf":{"@id":"https:\/\/alice.ch\/fr\/#website"},"primaryImageOfPage":{"@id":"https:\/\/alice.ch\/fr\/news\/le-conseil-national-se-prononce-contre-les-mesures-deconomies-dans-la-formation-continue\/#primaryimage"},"image":{"@id":"https:\/\/alice.ch\/fr\/news\/le-conseil-national-se-prononce-contre-les-mesures-deconomies-dans-la-formation-continue\/#primaryimage"},"thumbnailUrl":"https:\/\/alice.ch\/app\/uploads\/2026\/03\/hansjorg-keller-GAfoU0t8tsg-unsplash-11.jpg","datePublished":"2026-03-05T09:15:25+00:00","dateModified":"2026-03-10T07:50:34+00:00","breadcrumb":{"@id":"https:\/\/alice.ch\/fr\/news\/le-conseil-national-se-prononce-contre-les-mesures-deconomies-dans-la-formation-continue\/#breadcrumb"},"inLanguage":"fr-FR","potentialAction":[{"@type":"ReadAction","target":["https:\/\/alice.ch\/fr\/news\/le-conseil-national-se-prononce-contre-les-mesures-deconomies-dans-la-formation-continue\/"]}]},{"@type":"ImageObject","inLanguage":"fr-FR","@id":"https:\/\/alice.ch\/fr\/news\/le-conseil-national-se-prononce-contre-les-mesures-deconomies-dans-la-formation-continue\/#primaryimage","url":"https:\/\/alice.ch\/app\/uploads\/2026\/03\/hansjorg-keller-GAfoU0t8tsg-unsplash-11.jpg","contentUrl":"https:\/\/alice.ch\/app\/uploads\/2026\/03\/hansjorg-keller-GAfoU0t8tsg-unsplash-11.jpg","width":1200,"height":627},{"@type":"BreadcrumbList","@id":"https:\/\/alice.ch\/fr\/news\/le-conseil-national-se-prononce-contre-les-mesures-deconomies-dans-la-formation-continue\/#breadcrumb","itemListElement":[{"@type":"ListItem","position":1,"name":"Page d'accueil","item":"https:\/\/alice.ch\/fr\/"},{"@type":"ListItem","position":2,"name":"Le Conseil national se prononce contre les mesures d&#8217;\u00e9conomies dans la formation continue"}]},{"@type":"WebSite","@id":"https:\/\/alice.ch\/fr\/#website","url":"https:\/\/alice.ch\/fr\/","name":"alice.ch (Adult Learning Information Center) ist das Portal der Weiterbildung in der Schweiz.","description":"Schweizerischer Verband f\u00fcr Weiterbildung","publisher":{"@id":"https:\/\/alice.ch\/fr\/#organization"},"potentialAction":[{"@type":"SearchAction","target":{"@type":"EntryPoint","urlTemplate":"https:\/\/alice.ch\/fr\/?s={search_term_string}"},"query-input":{"@type":"PropertyValueSpecification","valueRequired":true,"valueName":"search_term_string"}}],"inLanguage":"fr-FR"},{"@type":"Organization","@id":"https:\/\/alice.ch\/fr\/#organization","name":"FSEA F\u00e9d\u00e9ration suisse pour la formation continue","url":"https:\/\/alice.ch\/fr\/","logo":{"@type":"ImageObject","inLanguage":"fr-FR","@id":"https:\/\/alice.ch\/fr\/#\/schema\/logo\/image\/","url":"https:\/\/alice.ch\/app\/uploads\/2022\/07\/logo-sveb.png","contentUrl":"https:\/\/alice.ch\/app\/uploads\/2022\/07\/logo-sveb.png","width":145,"height":64,"caption":"FSEA F\u00e9d\u00e9ration suisse pour la formation continue"},"image":{"@id":"https:\/\/alice.ch\/fr\/#\/schema\/logo\/image\/"},"sameAs":["https:\/\/www.linkedin.com\/company\/schweizerischer-verband-fr-weiterbildung-sveb\/"]}]}},"_links":{"self":[{"href":"https:\/\/alice.ch\/fr\/wp-json\/wp\/v2\/news\/74230","targetHints":{"allow":["GET"]}}],"collection":[{"href":"https:\/\/alice.ch\/fr\/wp-json\/wp\/v2\/news"}],"about":[{"href":"https:\/\/alice.ch\/fr\/wp-json\/wp\/v2\/types\/news"}],"author":[{"embeddable":true,"href":"https:\/\/alice.ch\/fr\/wp-json\/wp\/v2\/users\/27"}],"version-history":[{"count":1,"href":"https:\/\/alice.ch\/fr\/wp-json\/wp\/v2\/news\/74230\/revisions"}],"predecessor-version":[{"id":74231,"href":"https:\/\/alice.ch\/fr\/wp-json\/wp\/v2\/news\/74230\/revisions\/74231"}],"wp:featuredmedia":[{"embeddable":true,"href":"https:\/\/alice.ch\/fr\/wp-json\/wp\/v2\/media\/74180"}],"wp:attachment":[{"href":"https:\/\/alice.ch\/fr\/wp-json\/wp\/v2\/media?parent=74230"}],"wp:term":[{"taxonomy":"news-category","embeddable":true,"href":"https:\/\/alice.ch\/fr\/wp-json\/wp\/v2\/news-category?post=74230"},{"taxonomy":"global-category","embeddable":true,"href":"https:\/\/alice.ch\/fr\/wp-json\/wp\/v2\/global-category?post=74230"}],"curies":[{"name":"wp","href":"https:\/\/api.w.org\/{rel}","templated":true}]}}