{"id":74232,"date":"2026-03-09T10:32:41","date_gmt":"2026-03-09T09:32:41","guid":{"rendered":"https:\/\/alice.ch\/?post_type=news&#038;p=74232"},"modified":"2026-03-10T08:53:51","modified_gmt":"2026-03-10T07:53:51","slug":"utilisation-de-lia-dans-les-entreprises-des-attentes-elevees-mais-pour-linstant-peu-deffets","status":"publish","type":"news","link":"https:\/\/alice.ch\/fr\/news\/utilisation-de-lia-dans-les-entreprises-des-attentes-elevees-mais-pour-linstant-peu-deffets\/","title":{"rendered":"Utilisation de l&rsquo;IA dans les entreprises: des attentes \u00e9lev\u00e9es, mais (pour l&rsquo;instant) peu d&rsquo;effets"},"content":{"rendered":"\n<p class=\"is-style-lead\">Une nouvelle \u00e9tude internationale fournit pour la premi\u00e8re fois des donn\u00e9es repr\u00e9sentatives sur la mani\u00e8re dont les entreprises utilisent l&rsquo;intelligence artificielle et sur les effets qu&rsquo;elles constatent et attendent en termes de productivit\u00e9 et d&#8217;emploi.<\/p>\n\n\n\n<p>L&rsquo;\u00e9tude du <a href=\"https:\/\/www.nber.org\/papers\/w34836\">National Bureau of Economic Research (NBER)<\/a> repose sur une enqu\u00eate internationale repr\u00e9sentative men\u00e9e aupr\u00e8s de pr\u00e8s de 6000 cadres (notamment des PDG, des directeurs financiers et d&rsquo;autres cadres sup\u00e9rieurs) d&rsquo;entreprises de quatre pays: les \u00c9tats-Unis, le Royaume-Uni, l&rsquo;Allemagne et l&rsquo;Australie. Les entretiens ont eu lieu entre novembre 2025 et janvier 2026.<br>Elle a notamment permis de d\u00e9terminer si et dans quelle mesure les entreprises utilisent aujourd&rsquo;hui l&rsquo;IA, dans quelle mesure les cadres dirigeants l&rsquo;utilisent, quels effets sur la productivit\u00e9, la production et l&#8217;emploi ont \u00e9t\u00e9 observ\u00e9s dans le pass\u00e9 et sont attendus \u00e0 l&rsquo;avenir, ainsi que quelles sont les attentes des employ\u00e9s.<\/p>\n\n\n\n<h2 class=\"wp-block-heading\">Large diffusion de l&rsquo;IA, mais effets limit\u00e9s<\/h2>\n\n\n\n<p>Environ 70 % des entreprises interrog\u00e9es utilisent d\u00e9j\u00e0 l&rsquo;IA, en particulier les entreprises plus jeunes et plus productives. Dans le m\u00eame temps, beaucoup indiquent que les cadres utilisent activement l&rsquo;IA en moyenne environ 1,5 heure par semaine, ce qui repr\u00e9sente une forte augmentation depuis d\u00e9but 2025.<\/p>\n\n\n\n<p>Cependant, plus de 80 % des entreprises indiquent \u00e9galement que l&rsquo;IA n&rsquo;a eu aucun effet notable sur la productivit\u00e9 ou l&#8217;emploi au cours des trois derni\u00e8res ann\u00e9es. En revanche, elles s&rsquo;attendent \u00e0 des changements significatifs \u00e0 l&rsquo;avenir, plus pr\u00e9cis\u00e9ment au cours des trois prochaines ann\u00e9es: l&rsquo;IA devrait augmenter la productivit\u00e9 d&rsquo;environ 1,4 %, la production de 0,8 % et r\u00e9duire l&#8217;emploi d&rsquo;environ 0,7 %.<\/p>\n\n\n\n<p>De leur c\u00f4t\u00e9, les employ\u00e9s pr\u00e9voient une l\u00e9g\u00e8re augmentation de l&#8217;emploi (+0,5 %). L&rsquo;\u00e9tude du NBER montre que l&rsquo;IA est certes utilis\u00e9e, mais que son potentiel ne semble pas encore \u00eatre pleinement exploit\u00e9 dans la plupart des entreprises. Celles-ci s&rsquo;attendent \u00e0 ce que les effets majeurs de cette technologie se fassent encore sentir.<\/p>\n\n\n\n<h2 class=\"wp-block-heading\">Plus d&rsquo;informations<\/h2>\n\n\n\n<div class=\"wp-block-buttons is-layout-flex wp-block-buttons-is-layout-flex\">\n<div class=\"wp-block-button has-custom-width wp-block-button__width-100 is-style-minimal\"><a class=\"wp-block-button__link wp-element-button\" href=\"https:\/\/www.nber.org\/papers\/w34836\">sur l&rsquo;\u00e9tude<\/a><\/div>\n<\/div>\n","protected":false},"excerpt":{"rendered":"<p>Une nouvelle \u00e9tude internationale fournit pour la premi\u00e8re fois des donn\u00e9es repr\u00e9sentatives sur la mani\u00e8re dont les entreprises utilisent l&rsquo;intelligence [&hellip;]<\/p>\n","protected":false},"author":27,"featured_media":73789,"template":"","meta":{"_acf_changed":false,"inline_featured_image":false,"footnotes":""},"news-category":[80],"global-category":[119,367],"class_list":["post-74232","news","type-news","status-publish","has-post-thumbnail","hentry","news-category-numerisation","global-category-digitalisierung-fr","global-category-ia-et-formation-continue"],"acf":[],"yoast_head":"<!-- This site is optimized with the Yoast SEO plugin v27.3 - https:\/\/yoast.com\/product\/yoast-seo-wordpress\/ -->\n<title>Utilisation de l&#039;IA dans les entreprises: des attentes \u00e9lev\u00e9es, mais (pour l&#039;instant) peu d&#039;effets - FSEA<\/title>\n<meta name=\"robots\" content=\"index, follow, max-snippet:-1, max-image-preview:large, max-video-preview:-1\" \/>\n<link rel=\"canonical\" href=\"https:\/\/alice.ch\/fr\/news\/utilisation-de-lia-dans-les-entreprises-des-attentes-elevees-mais-pour-linstant-peu-deffets\/\" \/>\n<meta property=\"og:locale\" content=\"fr_FR\" \/>\n<meta property=\"og:type\" content=\"article\" \/>\n<meta property=\"og:title\" content=\"Utilisation de l&#039;IA dans les entreprises: des attentes \u00e9lev\u00e9es, mais (pour l&#039;instant) peu d&#039;effets - FSEA\" \/>\n<meta property=\"og:description\" content=\"Une nouvelle \u00e9tude internationale fournit pour la premi\u00e8re fois des donn\u00e9es repr\u00e9sentatives sur la mani\u00e8re dont les entreprises utilisent l&rsquo;intelligence [&hellip;]\" \/>\n<meta property=\"og:url\" content=\"https:\/\/alice.ch\/fr\/news\/utilisation-de-lia-dans-les-entreprises-des-attentes-elevees-mais-pour-linstant-peu-deffets\/\" \/>\n<meta property=\"og:site_name\" content=\"SVEB\" \/>\n<meta property=\"article:modified_time\" content=\"2026-03-10T07:53:51+00:00\" \/>\n<meta property=\"og:image\" content=\"https:\/\/alice.ch\/app\/uploads\/2026\/02\/tecnic-bioprocess-solutions-EyRIpXtcCEU-unsplash111.jpg\" \/>\n\t<meta property=\"og:image:width\" content=\"1200\" \/>\n\t<meta property=\"og:image:height\" content=\"627\" \/>\n\t<meta property=\"og:image:type\" content=\"image\/jpeg\" \/>\n<meta name=\"twitter:card\" content=\"summary_large_image\" \/>\n<meta name=\"twitter:label1\" content=\"Dur\u00e9e de lecture estim\u00e9e\" \/>\n\t<meta name=\"twitter:data1\" content=\"2 minutes\" \/>\n<script type=\"application\/ld+json\" class=\"yoast-schema-graph\">{\"@context\":\"https:\\\/\\\/schema.org\",\"@graph\":[{\"@type\":\"WebPage\",\"@id\":\"https:\\\/\\\/alice.ch\\\/fr\\\/news\\\/utilisation-de-lia-dans-les-entreprises-des-attentes-elevees-mais-pour-linstant-peu-deffets\\\/\",\"url\":\"https:\\\/\\\/alice.ch\\\/fr\\\/news\\\/utilisation-de-lia-dans-les-entreprises-des-attentes-elevees-mais-pour-linstant-peu-deffets\\\/\",\"name\":\"Utilisation de l'IA dans les entreprises: des attentes \u00e9lev\u00e9es, mais (pour l'instant) peu d'effets - FSEA\",\"isPartOf\":{\"@id\":\"https:\\\/\\\/alice.ch\\\/fr\\\/#website\"},\"primaryImageOfPage\":{\"@id\":\"https:\\\/\\\/alice.ch\\\/fr\\\/news\\\/utilisation-de-lia-dans-les-entreprises-des-attentes-elevees-mais-pour-linstant-peu-deffets\\\/#primaryimage\"},\"image\":{\"@id\":\"https:\\\/\\\/alice.ch\\\/fr\\\/news\\\/utilisation-de-lia-dans-les-entreprises-des-attentes-elevees-mais-pour-linstant-peu-deffets\\\/#primaryimage\"},\"thumbnailUrl\":\"https:\\\/\\\/alice.ch\\\/app\\\/uploads\\\/2026\\\/02\\\/tecnic-bioprocess-solutions-EyRIpXtcCEU-unsplash111.jpg\",\"datePublished\":\"2026-03-09T09:32:41+00:00\",\"dateModified\":\"2026-03-10T07:53:51+00:00\",\"breadcrumb\":{\"@id\":\"https:\\\/\\\/alice.ch\\\/fr\\\/news\\\/utilisation-de-lia-dans-les-entreprises-des-attentes-elevees-mais-pour-linstant-peu-deffets\\\/#breadcrumb\"},\"inLanguage\":\"fr-FR\",\"potentialAction\":[{\"@type\":\"ReadAction\",\"target\":[\"https:\\\/\\\/alice.ch\\\/fr\\\/news\\\/utilisation-de-lia-dans-les-entreprises-des-attentes-elevees-mais-pour-linstant-peu-deffets\\\/\"]}]},{\"@type\":\"ImageObject\",\"inLanguage\":\"fr-FR\",\"@id\":\"https:\\\/\\\/alice.ch\\\/fr\\\/news\\\/utilisation-de-lia-dans-les-entreprises-des-attentes-elevees-mais-pour-linstant-peu-deffets\\\/#primaryimage\",\"url\":\"https:\\\/\\\/alice.ch\\\/app\\\/uploads\\\/2026\\\/02\\\/tecnic-bioprocess-solutions-EyRIpXtcCEU-unsplash111.jpg\",\"contentUrl\":\"https:\\\/\\\/alice.ch\\\/app\\\/uploads\\\/2026\\\/02\\\/tecnic-bioprocess-solutions-EyRIpXtcCEU-unsplash111.jpg\",\"width\":1200,\"height\":627},{\"@type\":\"BreadcrumbList\",\"@id\":\"https:\\\/\\\/alice.ch\\\/fr\\\/news\\\/utilisation-de-lia-dans-les-entreprises-des-attentes-elevees-mais-pour-linstant-peu-deffets\\\/#breadcrumb\",\"itemListElement\":[{\"@type\":\"ListItem\",\"position\":1,\"name\":\"Page d'accueil\",\"item\":\"https:\\\/\\\/alice.ch\\\/fr\\\/\"},{\"@type\":\"ListItem\",\"position\":2,\"name\":\"Utilisation de l&#8217;IA dans les entreprises: des attentes \u00e9lev\u00e9es, mais (pour l&#8217;instant) peu d&#8217;effets\"}]},{\"@type\":\"WebSite\",\"@id\":\"https:\\\/\\\/alice.ch\\\/fr\\\/#website\",\"url\":\"https:\\\/\\\/alice.ch\\\/fr\\\/\",\"name\":\"alice.ch (Adult Learning Information Center) ist das Portal der Weiterbildung in der Schweiz.\",\"description\":\"Schweizerischer Verband f\u00fcr Weiterbildung\",\"publisher\":{\"@id\":\"https:\\\/\\\/alice.ch\\\/fr\\\/#organization\"},\"potentialAction\":[{\"@type\":\"SearchAction\",\"target\":{\"@type\":\"EntryPoint\",\"urlTemplate\":\"https:\\\/\\\/alice.ch\\\/fr\\\/?s={search_term_string}\"},\"query-input\":{\"@type\":\"PropertyValueSpecification\",\"valueRequired\":true,\"valueName\":\"search_term_string\"}}],\"inLanguage\":\"fr-FR\"},{\"@type\":\"Organization\",\"@id\":\"https:\\\/\\\/alice.ch\\\/fr\\\/#organization\",\"name\":\"FSEA F\u00e9d\u00e9ration suisse pour la formation continue\",\"url\":\"https:\\\/\\\/alice.ch\\\/fr\\\/\",\"logo\":{\"@type\":\"ImageObject\",\"inLanguage\":\"fr-FR\",\"@id\":\"https:\\\/\\\/alice.ch\\\/fr\\\/#\\\/schema\\\/logo\\\/image\\\/\",\"url\":\"https:\\\/\\\/alice.ch\\\/app\\\/uploads\\\/2022\\\/07\\\/logo-sveb.png\",\"contentUrl\":\"https:\\\/\\\/alice.ch\\\/app\\\/uploads\\\/2022\\\/07\\\/logo-sveb.png\",\"width\":145,\"height\":64,\"caption\":\"FSEA F\u00e9d\u00e9ration suisse pour la formation continue\"},\"image\":{\"@id\":\"https:\\\/\\\/alice.ch\\\/fr\\\/#\\\/schema\\\/logo\\\/image\\\/\"},\"sameAs\":[\"https:\\\/\\\/www.linkedin.com\\\/company\\\/schweizerischer-verband-fr-weiterbildung-sveb\\\/\"]}]}<\/script>\n<!-- \/ Yoast SEO plugin. -->","yoast_head_json":{"title":"Utilisation de l'IA dans les entreprises: des attentes \u00e9lev\u00e9es, mais (pour l'instant) peu d'effets - FSEA","robots":{"index":"index","follow":"follow","max-snippet":"max-snippet:-1","max-image-preview":"max-image-preview:large","max-video-preview":"max-video-preview:-1"},"canonical":"https:\/\/alice.ch\/fr\/news\/utilisation-de-lia-dans-les-entreprises-des-attentes-elevees-mais-pour-linstant-peu-deffets\/","og_locale":"fr_FR","og_type":"article","og_title":"Utilisation de l'IA dans les entreprises: des attentes \u00e9lev\u00e9es, mais (pour l'instant) peu d'effets - FSEA","og_description":"Une nouvelle \u00e9tude internationale fournit pour la premi\u00e8re fois des donn\u00e9es repr\u00e9sentatives sur la mani\u00e8re dont les entreprises utilisent l&rsquo;intelligence [&hellip;]","og_url":"https:\/\/alice.ch\/fr\/news\/utilisation-de-lia-dans-les-entreprises-des-attentes-elevees-mais-pour-linstant-peu-deffets\/","og_site_name":"SVEB","article_modified_time":"2026-03-10T07:53:51+00:00","og_image":[{"width":1200,"height":627,"url":"https:\/\/alice.ch\/app\/uploads\/2026\/02\/tecnic-bioprocess-solutions-EyRIpXtcCEU-unsplash111.jpg","type":"image\/jpeg"}],"twitter_card":"summary_large_image","twitter_misc":{"Dur\u00e9e de lecture estim\u00e9e":"2 minutes"},"schema":{"@context":"https:\/\/schema.org","@graph":[{"@type":"WebPage","@id":"https:\/\/alice.ch\/fr\/news\/utilisation-de-lia-dans-les-entreprises-des-attentes-elevees-mais-pour-linstant-peu-deffets\/","url":"https:\/\/alice.ch\/fr\/news\/utilisation-de-lia-dans-les-entreprises-des-attentes-elevees-mais-pour-linstant-peu-deffets\/","name":"Utilisation de l'IA dans les entreprises: des attentes \u00e9lev\u00e9es, mais (pour l'instant) peu d'effets - FSEA","isPartOf":{"@id":"https:\/\/alice.ch\/fr\/#website"},"primaryImageOfPage":{"@id":"https:\/\/alice.ch\/fr\/news\/utilisation-de-lia-dans-les-entreprises-des-attentes-elevees-mais-pour-linstant-peu-deffets\/#primaryimage"},"image":{"@id":"https:\/\/alice.ch\/fr\/news\/utilisation-de-lia-dans-les-entreprises-des-attentes-elevees-mais-pour-linstant-peu-deffets\/#primaryimage"},"thumbnailUrl":"https:\/\/alice.ch\/app\/uploads\/2026\/02\/tecnic-bioprocess-solutions-EyRIpXtcCEU-unsplash111.jpg","datePublished":"2026-03-09T09:32:41+00:00","dateModified":"2026-03-10T07:53:51+00:00","breadcrumb":{"@id":"https:\/\/alice.ch\/fr\/news\/utilisation-de-lia-dans-les-entreprises-des-attentes-elevees-mais-pour-linstant-peu-deffets\/#breadcrumb"},"inLanguage":"fr-FR","potentialAction":[{"@type":"ReadAction","target":["https:\/\/alice.ch\/fr\/news\/utilisation-de-lia-dans-les-entreprises-des-attentes-elevees-mais-pour-linstant-peu-deffets\/"]}]},{"@type":"ImageObject","inLanguage":"fr-FR","@id":"https:\/\/alice.ch\/fr\/news\/utilisation-de-lia-dans-les-entreprises-des-attentes-elevees-mais-pour-linstant-peu-deffets\/#primaryimage","url":"https:\/\/alice.ch\/app\/uploads\/2026\/02\/tecnic-bioprocess-solutions-EyRIpXtcCEU-unsplash111.jpg","contentUrl":"https:\/\/alice.ch\/app\/uploads\/2026\/02\/tecnic-bioprocess-solutions-EyRIpXtcCEU-unsplash111.jpg","width":1200,"height":627},{"@type":"BreadcrumbList","@id":"https:\/\/alice.ch\/fr\/news\/utilisation-de-lia-dans-les-entreprises-des-attentes-elevees-mais-pour-linstant-peu-deffets\/#breadcrumb","itemListElement":[{"@type":"ListItem","position":1,"name":"Page d'accueil","item":"https:\/\/alice.ch\/fr\/"},{"@type":"ListItem","position":2,"name":"Utilisation de l&#8217;IA dans les entreprises: des attentes \u00e9lev\u00e9es, mais (pour l&#8217;instant) peu d&#8217;effets"}]},{"@type":"WebSite","@id":"https:\/\/alice.ch\/fr\/#website","url":"https:\/\/alice.ch\/fr\/","name":"alice.ch (Adult Learning Information Center) ist das Portal der Weiterbildung in der Schweiz.","description":"Schweizerischer Verband f\u00fcr Weiterbildung","publisher":{"@id":"https:\/\/alice.ch\/fr\/#organization"},"potentialAction":[{"@type":"SearchAction","target":{"@type":"EntryPoint","urlTemplate":"https:\/\/alice.ch\/fr\/?s={search_term_string}"},"query-input":{"@type":"PropertyValueSpecification","valueRequired":true,"valueName":"search_term_string"}}],"inLanguage":"fr-FR"},{"@type":"Organization","@id":"https:\/\/alice.ch\/fr\/#organization","name":"FSEA F\u00e9d\u00e9ration suisse pour la formation continue","url":"https:\/\/alice.ch\/fr\/","logo":{"@type":"ImageObject","inLanguage":"fr-FR","@id":"https:\/\/alice.ch\/fr\/#\/schema\/logo\/image\/","url":"https:\/\/alice.ch\/app\/uploads\/2022\/07\/logo-sveb.png","contentUrl":"https:\/\/alice.ch\/app\/uploads\/2022\/07\/logo-sveb.png","width":145,"height":64,"caption":"FSEA F\u00e9d\u00e9ration suisse pour la formation continue"},"image":{"@id":"https:\/\/alice.ch\/fr\/#\/schema\/logo\/image\/"},"sameAs":["https:\/\/www.linkedin.com\/company\/schweizerischer-verband-fr-weiterbildung-sveb\/"]}]}},"_links":{"self":[{"href":"https:\/\/alice.ch\/fr\/wp-json\/wp\/v2\/news\/74232","targetHints":{"allow":["GET"]}}],"collection":[{"href":"https:\/\/alice.ch\/fr\/wp-json\/wp\/v2\/news"}],"about":[{"href":"https:\/\/alice.ch\/fr\/wp-json\/wp\/v2\/types\/news"}],"author":[{"embeddable":true,"href":"https:\/\/alice.ch\/fr\/wp-json\/wp\/v2\/users\/27"}],"version-history":[{"count":1,"href":"https:\/\/alice.ch\/fr\/wp-json\/wp\/v2\/news\/74232\/revisions"}],"predecessor-version":[{"id":74233,"href":"https:\/\/alice.ch\/fr\/wp-json\/wp\/v2\/news\/74232\/revisions\/74233"}],"wp:featuredmedia":[{"embeddable":true,"href":"https:\/\/alice.ch\/fr\/wp-json\/wp\/v2\/media\/73789"}],"wp:attachment":[{"href":"https:\/\/alice.ch\/fr\/wp-json\/wp\/v2\/media?parent=74232"}],"wp:term":[{"taxonomy":"news-category","embeddable":true,"href":"https:\/\/alice.ch\/fr\/wp-json\/wp\/v2\/news-category?post=74232"},{"taxonomy":"global-category","embeddable":true,"href":"https:\/\/alice.ch\/fr\/wp-json\/wp\/v2\/global-category?post=74232"}],"curies":[{"name":"wp","href":"https:\/\/api.w.org\/{rel}","templated":true}]}}