{"id":74306,"date":"2026-03-13T10:15:13","date_gmt":"2026-03-13T09:15:13","guid":{"rendered":"https:\/\/alice.ch\/?post_type=news&#038;p=74306"},"modified":"2026-03-16T10:08:04","modified_gmt":"2026-03-16T09:08:04","slug":"compromis-au-parlement-la-formation-continue-se-voit-allouer-15-millions-de-francs-par-an","status":"publish","type":"news","link":"https:\/\/alice.ch\/fr\/news\/compromis-au-parlement-la-formation-continue-se-voit-allouer-15-millions-de-francs-par-an\/","title":{"rendered":"Compromis au Parlement: la formation continue se voit allouer 15 millions de francs par an"},"content":{"rendered":"\n<p class=\"is-style-lead\">Le Conseil f\u00e9d\u00e9ral souhaitait la suppression totale des fonds, le Conseil des \u00c9tats une r\u00e9duction de moiti\u00e9 et le Conseil national aucune baisse \u2013 le Parlement a d\u00e9sormais trouv\u00e9 un terrain d&rsquo;entente. Malgr\u00e9 cette r\u00e9duction, il s&rsquo;agit d&rsquo;un succ\u00e8s pour le secteur de la formation continue.<\/p>\n\n\n\n<p>Le 12 mars, le Conseil des \u00c9tats a suivi la proposition de compromis du Conseil national et a approuv\u00e9 un budget de 15 millions de francs par an pour la formation continue. Les fonds seront ainsi r\u00e9duits de 20 % \u00e0 partir de 2027.<\/p>\n\n\n\n<p>Les plans d&rsquo;\u00e9conomies du Conseil f\u00e9d\u00e9ral pr\u00e9voyaient toutefois une suppression totale des fonds. \u00c0 cet \u00e9gard, le fait que 80 % du financement aient pu \u00eatre sauv\u00e9s doit \u00eatre consid\u00e9r\u00e9 comme un succ\u00e8s pour le secteur de la formation continue.<\/p>\n\n\n\n<h2 class=\"wp-block-heading\">L&rsquo;engagement a port\u00e9 ses fruits<\/h2>\n\n\n\n<p>D\u00e8s le d\u00e9but, la FSEA s&rsquo;est engag\u00e9e par tous les moyens disponibles pour que la formation continue ne fasse pas l&rsquo;objet de coupes budg\u00e9taires. Elle a agi de concert avec l&rsquo;<a href=\"https:\/\/alice.ch\/fr\/fsea-fr\/politique-de-la-formation\/mesures-deconomies-de-la-confederation\/alliance-contre-les-plans-dausterite\/\">Alliance<\/a> sp\u00e9cialement cr\u00e9\u00e9e \u00e0 cet effet, compos\u00e9e d&rsquo;associations fa\u00eeti\u00e8res nationales et r\u00e9gionales ainsi que d&rsquo;organisations nationales.<\/p>\n\n\n\n<p>Dans plusieurs <a href=\"https:\/\/alice.ch\/fr\/news\/les-mesures-deconomies-prevues-entrainent-plus-de-couts-quelles-nen-permettent-deconomiser\/\">prises de position<\/a>, la FSEA, et en particulier sa pr\u00e9sidente Tiana Moser, a soulign\u00e9 que ces plans d\u2019\u00e9conomies \u00e9taient n\u00e9fastes pour l\u2019\u00e9conomie et absurdes. D\u00e9but f\u00e9vrier, la Conf\u00e9rence des directeurs cantonaux de l\u2019instruction publique (CDIP) s\u2019est \u00e9galement positionn\u00e9e <a href=\"https:\/\/www.edk.ch\/de\/dokumentation\/rechtstexte-beschluesse\/stellungnahmen\">tr\u00e8s clairement contre ces mesures d\u2019\u00e9conomies dans la formation continue<\/a>.<\/p>\n\n\n\n<p>Le Conseil national et le Conseil des \u00c9tats ont fait preuve d\u2019une certaine compr\u00e9hension (mod\u00e9r\u00e9e). Ce compromis a permis d\u2019\u00e9viter le pire. Les coupes budg\u00e9taires n\u2019en seront pas moins douloureuses.<\/p>\n\n\n\n<h2 class=\"wp-block-heading\">Plus d&rsquo;informations<\/h2>\n\n\n\n<div class=\"wp-block-buttons is-layout-flex wp-block-buttons-is-layout-flex\">\n<div class=\"wp-block-button has-custom-width wp-block-button__width-100 is-style-minimal\"><a class=\"wp-block-button__link wp-element-button\" href=\"https:\/\/alice.ch\/fr\/fsea-fr\/politique-de-la-formation\/mesures-deconomies-de-la-confederation\/\">Lutte contre les mesures d\u2019\u00e9conomies de la Conf\u00e9d\u00e9ration dans le domaine de la formation continue<br><\/a><\/div>\n<\/div>\n\n\n\n<p><a id=\"_msocom_1\"><\/a><\/p>\n","protected":false},"excerpt":{"rendered":"<p>Le Conseil f\u00e9d\u00e9ral souhaitait la suppression totale des fonds, le Conseil des \u00c9tats une r\u00e9duction de moiti\u00e9 et le Conseil [&hellip;]<\/p>\n","protected":false},"author":27,"featured_media":74298,"template":"","meta":{"_acf_changed":false,"inline_featured_image":false,"footnotes":""},"news-category":[96],"global-category":[436],"class_list":["post-74306","news","type-news","status-publish","has-post-thumbnail","hentry","news-category-politique","global-category-sparplaene-in-der-weiterbildung-fr"],"acf":[],"yoast_head":"<!-- This site is optimized with the Yoast SEO plugin v27.3 - https:\/\/yoast.com\/product\/yoast-seo-wordpress\/ -->\n<title>Compromis au Parlement: la formation continue se voit allouer 15 millions de francs par an - FSEA<\/title>\n<meta name=\"robots\" content=\"index, follow, max-snippet:-1, max-image-preview:large, max-video-preview:-1\" \/>\n<link rel=\"canonical\" href=\"https:\/\/alice.ch\/fr\/news\/compromis-au-parlement-la-formation-continue-se-voit-allouer-15-millions-de-francs-par-an\/\" \/>\n<meta property=\"og:locale\" content=\"fr_FR\" \/>\n<meta property=\"og:type\" content=\"article\" \/>\n<meta property=\"og:title\" content=\"Compromis au Parlement: la formation continue se voit allouer 15 millions de francs par an - FSEA\" \/>\n<meta property=\"og:description\" content=\"Le Conseil f\u00e9d\u00e9ral souhaitait la suppression totale des fonds, le Conseil des \u00c9tats une r\u00e9duction de moiti\u00e9 et le Conseil [&hellip;]\" \/>\n<meta property=\"og:url\" content=\"https:\/\/alice.ch\/fr\/news\/compromis-au-parlement-la-formation-continue-se-voit-allouer-15-millions-de-francs-par-an\/\" \/>\n<meta property=\"og:site_name\" content=\"SVEB\" \/>\n<meta property=\"article:modified_time\" content=\"2026-03-16T09:08:04+00:00\" \/>\n<meta property=\"og:image\" content=\"https:\/\/alice.ch\/app\/uploads\/2026\/03\/hansjorg-keller-CQqyv5uldW4-unsplash1.jpg\" \/>\n\t<meta property=\"og:image:width\" content=\"1200\" \/>\n\t<meta property=\"og:image:height\" content=\"627\" \/>\n\t<meta property=\"og:image:type\" content=\"image\/jpeg\" \/>\n<meta name=\"twitter:card\" content=\"summary_large_image\" \/>\n<meta name=\"twitter:label1\" content=\"Dur\u00e9e de lecture estim\u00e9e\" \/>\n\t<meta name=\"twitter:data1\" content=\"2 minutes\" \/>\n<script type=\"application\/ld+json\" class=\"yoast-schema-graph\">{\"@context\":\"https:\\\/\\\/schema.org\",\"@graph\":[{\"@type\":\"WebPage\",\"@id\":\"https:\\\/\\\/alice.ch\\\/fr\\\/news\\\/compromis-au-parlement-la-formation-continue-se-voit-allouer-15-millions-de-francs-par-an\\\/\",\"url\":\"https:\\\/\\\/alice.ch\\\/fr\\\/news\\\/compromis-au-parlement-la-formation-continue-se-voit-allouer-15-millions-de-francs-par-an\\\/\",\"name\":\"Compromis au Parlement: la formation continue se voit allouer 15 millions de francs par an - FSEA\",\"isPartOf\":{\"@id\":\"https:\\\/\\\/alice.ch\\\/fr\\\/#website\"},\"primaryImageOfPage\":{\"@id\":\"https:\\\/\\\/alice.ch\\\/fr\\\/news\\\/compromis-au-parlement-la-formation-continue-se-voit-allouer-15-millions-de-francs-par-an\\\/#primaryimage\"},\"image\":{\"@id\":\"https:\\\/\\\/alice.ch\\\/fr\\\/news\\\/compromis-au-parlement-la-formation-continue-se-voit-allouer-15-millions-de-francs-par-an\\\/#primaryimage\"},\"thumbnailUrl\":\"https:\\\/\\\/alice.ch\\\/app\\\/uploads\\\/2026\\\/03\\\/hansjorg-keller-CQqyv5uldW4-unsplash1.jpg\",\"datePublished\":\"2026-03-13T09:15:13+00:00\",\"dateModified\":\"2026-03-16T09:08:04+00:00\",\"breadcrumb\":{\"@id\":\"https:\\\/\\\/alice.ch\\\/fr\\\/news\\\/compromis-au-parlement-la-formation-continue-se-voit-allouer-15-millions-de-francs-par-an\\\/#breadcrumb\"},\"inLanguage\":\"fr-FR\",\"potentialAction\":[{\"@type\":\"ReadAction\",\"target\":[\"https:\\\/\\\/alice.ch\\\/fr\\\/news\\\/compromis-au-parlement-la-formation-continue-se-voit-allouer-15-millions-de-francs-par-an\\\/\"]}]},{\"@type\":\"ImageObject\",\"inLanguage\":\"fr-FR\",\"@id\":\"https:\\\/\\\/alice.ch\\\/fr\\\/news\\\/compromis-au-parlement-la-formation-continue-se-voit-allouer-15-millions-de-francs-par-an\\\/#primaryimage\",\"url\":\"https:\\\/\\\/alice.ch\\\/app\\\/uploads\\\/2026\\\/03\\\/hansjorg-keller-CQqyv5uldW4-unsplash1.jpg\",\"contentUrl\":\"https:\\\/\\\/alice.ch\\\/app\\\/uploads\\\/2026\\\/03\\\/hansjorg-keller-CQqyv5uldW4-unsplash1.jpg\",\"width\":1200,\"height\":627},{\"@type\":\"BreadcrumbList\",\"@id\":\"https:\\\/\\\/alice.ch\\\/fr\\\/news\\\/compromis-au-parlement-la-formation-continue-se-voit-allouer-15-millions-de-francs-par-an\\\/#breadcrumb\",\"itemListElement\":[{\"@type\":\"ListItem\",\"position\":1,\"name\":\"Page d'accueil\",\"item\":\"https:\\\/\\\/alice.ch\\\/fr\\\/\"},{\"@type\":\"ListItem\",\"position\":2,\"name\":\"Compromis au Parlement: la formation continue se voit allouer 15 millions de francs par an\"}]},{\"@type\":\"WebSite\",\"@id\":\"https:\\\/\\\/alice.ch\\\/fr\\\/#website\",\"url\":\"https:\\\/\\\/alice.ch\\\/fr\\\/\",\"name\":\"alice.ch (Adult Learning Information Center) ist das Portal der Weiterbildung in der Schweiz.\",\"description\":\"Schweizerischer Verband f\u00fcr Weiterbildung\",\"publisher\":{\"@id\":\"https:\\\/\\\/alice.ch\\\/fr\\\/#organization\"},\"potentialAction\":[{\"@type\":\"SearchAction\",\"target\":{\"@type\":\"EntryPoint\",\"urlTemplate\":\"https:\\\/\\\/alice.ch\\\/fr\\\/?s={search_term_string}\"},\"query-input\":{\"@type\":\"PropertyValueSpecification\",\"valueRequired\":true,\"valueName\":\"search_term_string\"}}],\"inLanguage\":\"fr-FR\"},{\"@type\":\"Organization\",\"@id\":\"https:\\\/\\\/alice.ch\\\/fr\\\/#organization\",\"name\":\"FSEA F\u00e9d\u00e9ration suisse pour la formation continue\",\"url\":\"https:\\\/\\\/alice.ch\\\/fr\\\/\",\"logo\":{\"@type\":\"ImageObject\",\"inLanguage\":\"fr-FR\",\"@id\":\"https:\\\/\\\/alice.ch\\\/fr\\\/#\\\/schema\\\/logo\\\/image\\\/\",\"url\":\"https:\\\/\\\/alice.ch\\\/app\\\/uploads\\\/2022\\\/07\\\/logo-sveb.png\",\"contentUrl\":\"https:\\\/\\\/alice.ch\\\/app\\\/uploads\\\/2022\\\/07\\\/logo-sveb.png\",\"width\":145,\"height\":64,\"caption\":\"FSEA F\u00e9d\u00e9ration suisse pour la formation continue\"},\"image\":{\"@id\":\"https:\\\/\\\/alice.ch\\\/fr\\\/#\\\/schema\\\/logo\\\/image\\\/\"},\"sameAs\":[\"https:\\\/\\\/www.linkedin.com\\\/company\\\/schweizerischer-verband-fr-weiterbildung-sveb\\\/\"]}]}<\/script>\n<!-- \/ Yoast SEO plugin. -->","yoast_head_json":{"title":"Compromis au Parlement: la formation continue se voit allouer 15 millions de francs par an - FSEA","robots":{"index":"index","follow":"follow","max-snippet":"max-snippet:-1","max-image-preview":"max-image-preview:large","max-video-preview":"max-video-preview:-1"},"canonical":"https:\/\/alice.ch\/fr\/news\/compromis-au-parlement-la-formation-continue-se-voit-allouer-15-millions-de-francs-par-an\/","og_locale":"fr_FR","og_type":"article","og_title":"Compromis au Parlement: la formation continue se voit allouer 15 millions de francs par an - FSEA","og_description":"Le Conseil f\u00e9d\u00e9ral souhaitait la suppression totale des fonds, le Conseil des \u00c9tats une r\u00e9duction de moiti\u00e9 et le Conseil [&hellip;]","og_url":"https:\/\/alice.ch\/fr\/news\/compromis-au-parlement-la-formation-continue-se-voit-allouer-15-millions-de-francs-par-an\/","og_site_name":"SVEB","article_modified_time":"2026-03-16T09:08:04+00:00","og_image":[{"width":1200,"height":627,"url":"https:\/\/alice.ch\/app\/uploads\/2026\/03\/hansjorg-keller-CQqyv5uldW4-unsplash1.jpg","type":"image\/jpeg"}],"twitter_card":"summary_large_image","twitter_misc":{"Dur\u00e9e de lecture estim\u00e9e":"2 minutes"},"schema":{"@context":"https:\/\/schema.org","@graph":[{"@type":"WebPage","@id":"https:\/\/alice.ch\/fr\/news\/compromis-au-parlement-la-formation-continue-se-voit-allouer-15-millions-de-francs-par-an\/","url":"https:\/\/alice.ch\/fr\/news\/compromis-au-parlement-la-formation-continue-se-voit-allouer-15-millions-de-francs-par-an\/","name":"Compromis au Parlement: la formation continue se voit allouer 15 millions de francs par an - FSEA","isPartOf":{"@id":"https:\/\/alice.ch\/fr\/#website"},"primaryImageOfPage":{"@id":"https:\/\/alice.ch\/fr\/news\/compromis-au-parlement-la-formation-continue-se-voit-allouer-15-millions-de-francs-par-an\/#primaryimage"},"image":{"@id":"https:\/\/alice.ch\/fr\/news\/compromis-au-parlement-la-formation-continue-se-voit-allouer-15-millions-de-francs-par-an\/#primaryimage"},"thumbnailUrl":"https:\/\/alice.ch\/app\/uploads\/2026\/03\/hansjorg-keller-CQqyv5uldW4-unsplash1.jpg","datePublished":"2026-03-13T09:15:13+00:00","dateModified":"2026-03-16T09:08:04+00:00","breadcrumb":{"@id":"https:\/\/alice.ch\/fr\/news\/compromis-au-parlement-la-formation-continue-se-voit-allouer-15-millions-de-francs-par-an\/#breadcrumb"},"inLanguage":"fr-FR","potentialAction":[{"@type":"ReadAction","target":["https:\/\/alice.ch\/fr\/news\/compromis-au-parlement-la-formation-continue-se-voit-allouer-15-millions-de-francs-par-an\/"]}]},{"@type":"ImageObject","inLanguage":"fr-FR","@id":"https:\/\/alice.ch\/fr\/news\/compromis-au-parlement-la-formation-continue-se-voit-allouer-15-millions-de-francs-par-an\/#primaryimage","url":"https:\/\/alice.ch\/app\/uploads\/2026\/03\/hansjorg-keller-CQqyv5uldW4-unsplash1.jpg","contentUrl":"https:\/\/alice.ch\/app\/uploads\/2026\/03\/hansjorg-keller-CQqyv5uldW4-unsplash1.jpg","width":1200,"height":627},{"@type":"BreadcrumbList","@id":"https:\/\/alice.ch\/fr\/news\/compromis-au-parlement-la-formation-continue-se-voit-allouer-15-millions-de-francs-par-an\/#breadcrumb","itemListElement":[{"@type":"ListItem","position":1,"name":"Page d'accueil","item":"https:\/\/alice.ch\/fr\/"},{"@type":"ListItem","position":2,"name":"Compromis au Parlement: la formation continue se voit allouer 15 millions de francs par an"}]},{"@type":"WebSite","@id":"https:\/\/alice.ch\/fr\/#website","url":"https:\/\/alice.ch\/fr\/","name":"alice.ch (Adult Learning Information Center) ist das Portal der Weiterbildung in der Schweiz.","description":"Schweizerischer Verband f\u00fcr Weiterbildung","publisher":{"@id":"https:\/\/alice.ch\/fr\/#organization"},"potentialAction":[{"@type":"SearchAction","target":{"@type":"EntryPoint","urlTemplate":"https:\/\/alice.ch\/fr\/?s={search_term_string}"},"query-input":{"@type":"PropertyValueSpecification","valueRequired":true,"valueName":"search_term_string"}}],"inLanguage":"fr-FR"},{"@type":"Organization","@id":"https:\/\/alice.ch\/fr\/#organization","name":"FSEA F\u00e9d\u00e9ration suisse pour la formation continue","url":"https:\/\/alice.ch\/fr\/","logo":{"@type":"ImageObject","inLanguage":"fr-FR","@id":"https:\/\/alice.ch\/fr\/#\/schema\/logo\/image\/","url":"https:\/\/alice.ch\/app\/uploads\/2022\/07\/logo-sveb.png","contentUrl":"https:\/\/alice.ch\/app\/uploads\/2022\/07\/logo-sveb.png","width":145,"height":64,"caption":"FSEA F\u00e9d\u00e9ration suisse pour la formation continue"},"image":{"@id":"https:\/\/alice.ch\/fr\/#\/schema\/logo\/image\/"},"sameAs":["https:\/\/www.linkedin.com\/company\/schweizerischer-verband-fr-weiterbildung-sveb\/"]}]}},"_links":{"self":[{"href":"https:\/\/alice.ch\/fr\/wp-json\/wp\/v2\/news\/74306","targetHints":{"allow":["GET"]}}],"collection":[{"href":"https:\/\/alice.ch\/fr\/wp-json\/wp\/v2\/news"}],"about":[{"href":"https:\/\/alice.ch\/fr\/wp-json\/wp\/v2\/types\/news"}],"author":[{"embeddable":true,"href":"https:\/\/alice.ch\/fr\/wp-json\/wp\/v2\/users\/27"}],"version-history":[{"count":2,"href":"https:\/\/alice.ch\/fr\/wp-json\/wp\/v2\/news\/74306\/revisions"}],"predecessor-version":[{"id":74308,"href":"https:\/\/alice.ch\/fr\/wp-json\/wp\/v2\/news\/74306\/revisions\/74308"}],"wp:featuredmedia":[{"embeddable":true,"href":"https:\/\/alice.ch\/fr\/wp-json\/wp\/v2\/media\/74298"}],"wp:attachment":[{"href":"https:\/\/alice.ch\/fr\/wp-json\/wp\/v2\/media?parent=74306"}],"wp:term":[{"taxonomy":"news-category","embeddable":true,"href":"https:\/\/alice.ch\/fr\/wp-json\/wp\/v2\/news-category?post=74306"},{"taxonomy":"global-category","embeddable":true,"href":"https:\/\/alice.ch\/fr\/wp-json\/wp\/v2\/global-category?post=74306"}],"curies":[{"name":"wp","href":"https:\/\/api.w.org\/{rel}","templated":true}]}}