{"id":75172,"date":"2026-04-13T10:45:20","date_gmt":"2026-04-13T08:45:20","guid":{"rendered":"https:\/\/alice.ch\/?post_type=news&#038;p=75172"},"modified":"2026-04-27T11:21:22","modified_gmt":"2026-04-27T09:21:22","slug":"favoriser-lemployabilite-mais-comment","status":"publish","type":"news","link":"https:\/\/alice.ch\/fr\/news\/favoriser-lemployabilite-mais-comment\/","title":{"rendered":"Favoriser l\u2019employabilit\u00e9 \u2013 mais comment?\u00a0"},"content":{"rendered":"\n<p class=\"is-style-lead\">La ville de Zurich souhaite favoriser l\u2019employabilit\u00e9 des adultes et lance \u00e0 cette fin un appel \u00e0 projets. Elle soutiendra en particulier les projets qui facilitent l\u2019acc\u00e8s des personnes \u00e0 la formation continue et \u00e0 la qualification.&nbsp;<\/p>\n\n\n\n<p>La ville de Zurich souhaite venir en aide aux adultes r\u00e9sidant \u00e0 Zurich qui poss\u00e8dent des qualifications insuffisantes ou inadapt\u00e9es. Gr\u00e2ce au \u00abcompte sp\u00e9cial pour la promotion de l\u2019employabilit\u00e9\u00bb, elle dispose de moyens financiers d\u2019environ trois millions de francs pour financer des projets et des programmes innovants visant \u00e0 renforcer l\u2019employabilit\u00e9, comme elle <a href=\"https:\/\/www.stadt-zuerich.ch\/de\/bildung\/berufsberatung-laufbahnberatung\/fuer-firmen-organisationen\/arbeitsmarktfaehigkeit-foerdern.html\" target=\"_blank\" rel=\"noreferrer noopener\">l\u2019indique<\/a>. D\u00e8s le mois de juin et jusqu\u2019au 15 septembre 2026, les \u00aborganismes priv\u00e9s\u00bb peuvent <a href=\"https:\/\/www.stadt-zuerich.ch\/de\/bildung\/berufsberatung-laufbahnberatung\/fuer-firmen-organisationen\/arbeitsmarktfaehigkeit-foerdern.html\" target=\"_blank\" rel=\"noreferrer noopener\">soumettre des demandes pour des projets et des programmes<\/a>.&nbsp;<\/p>\n\n\n\n<p>L\u2019objectif: promouvoir l\u2019employabilit\u00e9 du groupe cible. Celle-ci d\u00e9signe \u00abla capacit\u00e9 d\u2019une personne \u00e0 adapter et \u00e0 mettre en \u0153uvre de mani\u00e8re cibl\u00e9e et autonome ses comp\u00e9tences techniques, sociales et m\u00e9thodologiques dans des conditions changeantes sur le march\u00e9 du travail, afin d\u2019obtenir ou de conserver un emploi\u00bb.\u00a0<\/p>\n\n\n\n<h2 class=\"wp-block-heading\">Destin\u00e9 aux adultes sans dipl\u00f4me\u00a0<\/h2>\n\n\n\n<p>Le groupe cible est constitu\u00e9 d\u2019adultes sans dipl\u00f4me post-obligatoire reconnu (niveau secondaire II ou tertiaire) ou dont la formation ne r\u00e9pond pas (ou plus) aux exigences du march\u00e9 du travail. Il est pr\u00e9cis\u00e9 que les adolescents et les jeunes adultes sans formation initiale ou les personnes b\u00e9n\u00e9ficiant de l\u2019aide sociale ne font pas partie du groupe cible, car diverses offres sont d\u00e9j\u00e0 \u00e0 leur disposition dans la ville de Zurich.&nbsp;<\/p>\n\n\n\n<p>Les adultes peu qualifi\u00e9s sont touch\u00e9s de mani\u00e8re disproportionn\u00e9e par le ch\u00f4mage ou des situations professionnelles pr\u00e9caires. De plus, ils ne participent que rarement \u00e0 des formations continues professionnelles, alors qu\u2019ils en tireraient un b\u00e9n\u00e9fice particuli\u00e8rement important. Comme l\u2019indique la ville de Zurich, en renfor\u00e7ant leur employabilit\u00e9, ils peuvent r\u00e9duire le risque et la dur\u00e9e du ch\u00f4mage et am\u00e9liorer durablement leur situation professionnelle.&nbsp;<\/p>\n\n\n\n<h2 class=\"wp-block-heading\">Crit\u00e8res de s\u00e9lection\u00a0<\/h2>\n\n\n\n<p>Les projets et programmes \u00e9ligibles doivent poursuivre au moins l\u2019un des objectifs de financement suivants :&nbsp;<\/p>\n\n\n\n<ul class=\"wp-block-list\">\n<li>Am\u00e9liorer l\u2019acc\u00e8s (aux offres, aux informations, aux ressources, aux r\u00e9seaux).\u00a0<\/li>\n\n\n\n<li>\u00c9liminer les obstacles \u00e0 la formation continue.\u00a0<\/li>\n\n\n\n<li>Combler les lacunes en mati\u00e8re d\u2019offres dans le domaine des comp\u00e9tences de base.\u00a0<\/li>\n\n\n\n<li>D\u00e9velopper des mesures de qualification pertinentes pour le march\u00e9 du travail.\u00a0<\/li>\n<\/ul>\n\n\n\n<p>L\u2019atteinte des groupes cibles, l\u2019autonomisation, le caract\u00e8re innovant et exemplaire, la faisabilit\u00e9, la preuve d\u2019efficacit\u00e9 et la durabilit\u00e9 jouent \u00e9galement un r\u00f4le dans l\u2019\u00e9valuation des candidatures.&nbsp;<\/p>\n\n\n\n<p>Lors d\u2019un <a href=\"https:\/\/www.stadt-zuerich.ch\/de\/aktuell\/veranstaltungen\/bildung\/berufsberatung-laufbahnberatung\/hackathon.html\" target=\"_blank\" rel=\"noreferrer noopener\">hackathon le 4 juin 2026<\/a>, les organismes priv\u00e9s auront la possibilit\u00e9 de d\u00e9velopper ensemble des id\u00e9es innovantes pour promouvoir l\u2019employabilit\u00e9 des adultes et de nouer des contacts.\u00a0<\/p>\n\n\n\n<h2 class=\"wp-block-heading\">Plus d&rsquo;informations<\/h2>\n\n\n\n<div class=\"wp-block-buttons is-layout-flex wp-block-buttons-is-layout-flex\">\n<div class=\"wp-block-button has-custom-width wp-block-button__width-100 is-style-minimal\"><a class=\"wp-block-button__link wp-element-button\" href=\"https:\/\/www.stadt-zuerich.ch\/de\/bildung\/berufsberatung-laufbahnberatung\/fuer-firmen-organisationen\/arbeitsmarktfaehigkeit-foerdern.html\" target=\"_blank\" rel=\"noreferrer noopener\">informations de la ville de Zurich<\/a><\/div>\n<\/div>\n","protected":false},"excerpt":{"rendered":"<p>La ville de Zurich souhaite favoriser l\u2019employabilit\u00e9 des adultes et lance \u00e0 cette fin un appel \u00e0 projets. Elle soutiendra [&hellip;]<\/p>\n","protected":false},"author":27,"featured_media":74926,"template":"","meta":{"_acf_changed":false,"inline_featured_image":false,"footnotes":""},"news-category":[77],"global-category":[],"class_list":["post-75172","news","type-news","status-publish","has-post-thumbnail","hentry","news-category-competences-de-base"],"acf":[],"yoast_head":"<!-- This site is optimized with the Yoast SEO plugin v27.3 - https:\/\/yoast.com\/product\/yoast-seo-wordpress\/ -->\n<title>Favoriser l\u2019employabilit\u00e9 \u2013 mais comment?\u00a0 - FSEA<\/title>\n<meta name=\"robots\" content=\"index, follow, max-snippet:-1, max-image-preview:large, max-video-preview:-1\" \/>\n<link rel=\"canonical\" href=\"https:\/\/alice.ch\/fr\/news\/favoriser-lemployabilite-mais-comment\/\" \/>\n<meta property=\"og:locale\" content=\"fr_FR\" \/>\n<meta property=\"og:type\" content=\"article\" \/>\n<meta property=\"og:title\" content=\"Favoriser l\u2019employabilit\u00e9 \u2013 mais comment?\u00a0 - FSEA\" \/>\n<meta property=\"og:description\" content=\"La ville de Zurich souhaite favoriser l\u2019employabilit\u00e9 des adultes et lance \u00e0 cette fin un appel \u00e0 projets. Elle soutiendra [&hellip;]\" \/>\n<meta property=\"og:url\" content=\"https:\/\/alice.ch\/fr\/news\/favoriser-lemployabilite-mais-comment\/\" \/>\n<meta property=\"og:site_name\" content=\"SVEB\" \/>\n<meta property=\"article:modified_time\" content=\"2026-04-27T09:21:22+00:00\" \/>\n<meta property=\"og:image\" content=\"https:\/\/alice.ch\/app\/uploads\/2026\/04\/getty-images-I3PwGB4RZKM-unsplash1.jpg\" \/>\n\t<meta property=\"og:image:width\" content=\"1200\" \/>\n\t<meta property=\"og:image:height\" content=\"627\" \/>\n\t<meta property=\"og:image:type\" content=\"image\/jpeg\" \/>\n<meta name=\"twitter:card\" content=\"summary_large_image\" \/>\n<meta name=\"twitter:label1\" content=\"Dur\u00e9e de lecture estim\u00e9e\" \/>\n\t<meta name=\"twitter:data1\" content=\"2 minutes\" \/>\n<script type=\"application\/ld+json\" class=\"yoast-schema-graph\">{\"@context\":\"https:\\\/\\\/schema.org\",\"@graph\":[{\"@type\":\"WebPage\",\"@id\":\"https:\\\/\\\/alice.ch\\\/fr\\\/news\\\/favoriser-lemployabilite-mais-comment\\\/\",\"url\":\"https:\\\/\\\/alice.ch\\\/fr\\\/news\\\/favoriser-lemployabilite-mais-comment\\\/\",\"name\":\"Favoriser l\u2019employabilit\u00e9 \u2013 mais comment?\u00a0 - FSEA\",\"isPartOf\":{\"@id\":\"https:\\\/\\\/alice.ch\\\/fr\\\/#website\"},\"primaryImageOfPage\":{\"@id\":\"https:\\\/\\\/alice.ch\\\/fr\\\/news\\\/favoriser-lemployabilite-mais-comment\\\/#primaryimage\"},\"image\":{\"@id\":\"https:\\\/\\\/alice.ch\\\/fr\\\/news\\\/favoriser-lemployabilite-mais-comment\\\/#primaryimage\"},\"thumbnailUrl\":\"https:\\\/\\\/alice.ch\\\/app\\\/uploads\\\/2026\\\/04\\\/getty-images-I3PwGB4RZKM-unsplash1.jpg\",\"datePublished\":\"2026-04-13T08:45:20+00:00\",\"dateModified\":\"2026-04-27T09:21:22+00:00\",\"breadcrumb\":{\"@id\":\"https:\\\/\\\/alice.ch\\\/fr\\\/news\\\/favoriser-lemployabilite-mais-comment\\\/#breadcrumb\"},\"inLanguage\":\"fr-FR\",\"potentialAction\":[{\"@type\":\"ReadAction\",\"target\":[\"https:\\\/\\\/alice.ch\\\/fr\\\/news\\\/favoriser-lemployabilite-mais-comment\\\/\"]}]},{\"@type\":\"ImageObject\",\"inLanguage\":\"fr-FR\",\"@id\":\"https:\\\/\\\/alice.ch\\\/fr\\\/news\\\/favoriser-lemployabilite-mais-comment\\\/#primaryimage\",\"url\":\"https:\\\/\\\/alice.ch\\\/app\\\/uploads\\\/2026\\\/04\\\/getty-images-I3PwGB4RZKM-unsplash1.jpg\",\"contentUrl\":\"https:\\\/\\\/alice.ch\\\/app\\\/uploads\\\/2026\\\/04\\\/getty-images-I3PwGB4RZKM-unsplash1.jpg\",\"width\":1200,\"height\":627},{\"@type\":\"BreadcrumbList\",\"@id\":\"https:\\\/\\\/alice.ch\\\/fr\\\/news\\\/favoriser-lemployabilite-mais-comment\\\/#breadcrumb\",\"itemListElement\":[{\"@type\":\"ListItem\",\"position\":1,\"name\":\"Page d'accueil\",\"item\":\"https:\\\/\\\/alice.ch\\\/fr\\\/\"},{\"@type\":\"ListItem\",\"position\":2,\"name\":\"Favoriser l\u2019employabilit\u00e9 \u2013 mais comment?\u00a0\"}]},{\"@type\":\"WebSite\",\"@id\":\"https:\\\/\\\/alice.ch\\\/fr\\\/#website\",\"url\":\"https:\\\/\\\/alice.ch\\\/fr\\\/\",\"name\":\"alice.ch (Adult Learning Information Center) ist das Portal der Weiterbildung in der Schweiz.\",\"description\":\"Schweizerischer Verband f\u00fcr Weiterbildung\",\"publisher\":{\"@id\":\"https:\\\/\\\/alice.ch\\\/fr\\\/#organization\"},\"potentialAction\":[{\"@type\":\"SearchAction\",\"target\":{\"@type\":\"EntryPoint\",\"urlTemplate\":\"https:\\\/\\\/alice.ch\\\/fr\\\/?s={search_term_string}\"},\"query-input\":{\"@type\":\"PropertyValueSpecification\",\"valueRequired\":true,\"valueName\":\"search_term_string\"}}],\"inLanguage\":\"fr-FR\"},{\"@type\":\"Organization\",\"@id\":\"https:\\\/\\\/alice.ch\\\/fr\\\/#organization\",\"name\":\"FSEA F\u00e9d\u00e9ration suisse pour la formation continue\",\"url\":\"https:\\\/\\\/alice.ch\\\/fr\\\/\",\"logo\":{\"@type\":\"ImageObject\",\"inLanguage\":\"fr-FR\",\"@id\":\"https:\\\/\\\/alice.ch\\\/fr\\\/#\\\/schema\\\/logo\\\/image\\\/\",\"url\":\"https:\\\/\\\/alice.ch\\\/app\\\/uploads\\\/2022\\\/07\\\/logo-sveb.png\",\"contentUrl\":\"https:\\\/\\\/alice.ch\\\/app\\\/uploads\\\/2022\\\/07\\\/logo-sveb.png\",\"width\":145,\"height\":64,\"caption\":\"FSEA F\u00e9d\u00e9ration suisse pour la formation continue\"},\"image\":{\"@id\":\"https:\\\/\\\/alice.ch\\\/fr\\\/#\\\/schema\\\/logo\\\/image\\\/\"},\"sameAs\":[\"https:\\\/\\\/www.linkedin.com\\\/company\\\/schweizerischer-verband-fr-weiterbildung-sveb\\\/\"]}]}<\/script>\n<!-- \/ Yoast SEO plugin. -->","yoast_head_json":{"title":"Favoriser l\u2019employabilit\u00e9 \u2013 mais comment?\u00a0 - FSEA","robots":{"index":"index","follow":"follow","max-snippet":"max-snippet:-1","max-image-preview":"max-image-preview:large","max-video-preview":"max-video-preview:-1"},"canonical":"https:\/\/alice.ch\/fr\/news\/favoriser-lemployabilite-mais-comment\/","og_locale":"fr_FR","og_type":"article","og_title":"Favoriser l\u2019employabilit\u00e9 \u2013 mais comment?\u00a0 - FSEA","og_description":"La ville de Zurich souhaite favoriser l\u2019employabilit\u00e9 des adultes et lance \u00e0 cette fin un appel \u00e0 projets. Elle soutiendra [&hellip;]","og_url":"https:\/\/alice.ch\/fr\/news\/favoriser-lemployabilite-mais-comment\/","og_site_name":"SVEB","article_modified_time":"2026-04-27T09:21:22+00:00","og_image":[{"width":1200,"height":627,"url":"https:\/\/alice.ch\/app\/uploads\/2026\/04\/getty-images-I3PwGB4RZKM-unsplash1.jpg","type":"image\/jpeg"}],"twitter_card":"summary_large_image","twitter_misc":{"Dur\u00e9e de lecture estim\u00e9e":"2 minutes"},"schema":{"@context":"https:\/\/schema.org","@graph":[{"@type":"WebPage","@id":"https:\/\/alice.ch\/fr\/news\/favoriser-lemployabilite-mais-comment\/","url":"https:\/\/alice.ch\/fr\/news\/favoriser-lemployabilite-mais-comment\/","name":"Favoriser l\u2019employabilit\u00e9 \u2013 mais comment?\u00a0 - FSEA","isPartOf":{"@id":"https:\/\/alice.ch\/fr\/#website"},"primaryImageOfPage":{"@id":"https:\/\/alice.ch\/fr\/news\/favoriser-lemployabilite-mais-comment\/#primaryimage"},"image":{"@id":"https:\/\/alice.ch\/fr\/news\/favoriser-lemployabilite-mais-comment\/#primaryimage"},"thumbnailUrl":"https:\/\/alice.ch\/app\/uploads\/2026\/04\/getty-images-I3PwGB4RZKM-unsplash1.jpg","datePublished":"2026-04-13T08:45:20+00:00","dateModified":"2026-04-27T09:21:22+00:00","breadcrumb":{"@id":"https:\/\/alice.ch\/fr\/news\/favoriser-lemployabilite-mais-comment\/#breadcrumb"},"inLanguage":"fr-FR","potentialAction":[{"@type":"ReadAction","target":["https:\/\/alice.ch\/fr\/news\/favoriser-lemployabilite-mais-comment\/"]}]},{"@type":"ImageObject","inLanguage":"fr-FR","@id":"https:\/\/alice.ch\/fr\/news\/favoriser-lemployabilite-mais-comment\/#primaryimage","url":"https:\/\/alice.ch\/app\/uploads\/2026\/04\/getty-images-I3PwGB4RZKM-unsplash1.jpg","contentUrl":"https:\/\/alice.ch\/app\/uploads\/2026\/04\/getty-images-I3PwGB4RZKM-unsplash1.jpg","width":1200,"height":627},{"@type":"BreadcrumbList","@id":"https:\/\/alice.ch\/fr\/news\/favoriser-lemployabilite-mais-comment\/#breadcrumb","itemListElement":[{"@type":"ListItem","position":1,"name":"Page d'accueil","item":"https:\/\/alice.ch\/fr\/"},{"@type":"ListItem","position":2,"name":"Favoriser l\u2019employabilit\u00e9 \u2013 mais comment?\u00a0"}]},{"@type":"WebSite","@id":"https:\/\/alice.ch\/fr\/#website","url":"https:\/\/alice.ch\/fr\/","name":"alice.ch (Adult Learning Information Center) ist das Portal der Weiterbildung in der Schweiz.","description":"Schweizerischer Verband f\u00fcr Weiterbildung","publisher":{"@id":"https:\/\/alice.ch\/fr\/#organization"},"potentialAction":[{"@type":"SearchAction","target":{"@type":"EntryPoint","urlTemplate":"https:\/\/alice.ch\/fr\/?s={search_term_string}"},"query-input":{"@type":"PropertyValueSpecification","valueRequired":true,"valueName":"search_term_string"}}],"inLanguage":"fr-FR"},{"@type":"Organization","@id":"https:\/\/alice.ch\/fr\/#organization","name":"FSEA F\u00e9d\u00e9ration suisse pour la formation continue","url":"https:\/\/alice.ch\/fr\/","logo":{"@type":"ImageObject","inLanguage":"fr-FR","@id":"https:\/\/alice.ch\/fr\/#\/schema\/logo\/image\/","url":"https:\/\/alice.ch\/app\/uploads\/2022\/07\/logo-sveb.png","contentUrl":"https:\/\/alice.ch\/app\/uploads\/2022\/07\/logo-sveb.png","width":145,"height":64,"caption":"FSEA F\u00e9d\u00e9ration suisse pour la formation continue"},"image":{"@id":"https:\/\/alice.ch\/fr\/#\/schema\/logo\/image\/"},"sameAs":["https:\/\/www.linkedin.com\/company\/schweizerischer-verband-fr-weiterbildung-sveb\/"]}]}},"_links":{"self":[{"href":"https:\/\/alice.ch\/fr\/wp-json\/wp\/v2\/news\/75172","targetHints":{"allow":["GET"]}}],"collection":[{"href":"https:\/\/alice.ch\/fr\/wp-json\/wp\/v2\/news"}],"about":[{"href":"https:\/\/alice.ch\/fr\/wp-json\/wp\/v2\/types\/news"}],"author":[{"embeddable":true,"href":"https:\/\/alice.ch\/fr\/wp-json\/wp\/v2\/users\/27"}],"version-history":[{"count":1,"href":"https:\/\/alice.ch\/fr\/wp-json\/wp\/v2\/news\/75172\/revisions"}],"predecessor-version":[{"id":75173,"href":"https:\/\/alice.ch\/fr\/wp-json\/wp\/v2\/news\/75172\/revisions\/75173"}],"wp:featuredmedia":[{"embeddable":true,"href":"https:\/\/alice.ch\/fr\/wp-json\/wp\/v2\/media\/74926"}],"wp:attachment":[{"href":"https:\/\/alice.ch\/fr\/wp-json\/wp\/v2\/media?parent=75172"}],"wp:term":[{"taxonomy":"news-category","embeddable":true,"href":"https:\/\/alice.ch\/fr\/wp-json\/wp\/v2\/news-category?post=75172"},{"taxonomy":"global-category","embeddable":true,"href":"https:\/\/alice.ch\/fr\/wp-json\/wp\/v2\/global-category?post=75172"}],"curies":[{"name":"wp","href":"https:\/\/api.w.org\/{rel}","templated":true}]}}