{"id":75181,"date":"2026-04-22T09:20:07","date_gmt":"2026-04-22T07:20:07","guid":{"rendered":"https:\/\/alice.ch\/?post_type=news&#038;p=75181"},"modified":"2026-04-27T11:41:33","modified_gmt":"2026-04-27T09:41:33","slug":"comment-lia-est-elle-utilisee-dans-la-recherche-demploi-et-le-recrutement","status":"publish","type":"news","link":"https:\/\/alice.ch\/fr\/news\/comment-lia-est-elle-utilisee-dans-la-recherche-demploi-et-le-recrutement\/","title":{"rendered":"Comment l\u2019IA est-elle utilis\u00e9e dans la recherche d\u2019emploi et le recrutement?\u00a0"},"content":{"rendered":"\n<p class=\"is-style-lead\">Une nouvelle \u00e9tude de l\u2019Observatoire intercantonal du march\u00e9 du travail AMOSA examine l\u2019utilisation de l\u2019IA dans la recherche d\u2019emploi et le recrutement. \u00c0 cette fin, pr\u00e8s de 6 000 demandeurs d\u2019emploi et environ 700 entreprises ont \u00e9t\u00e9 interrog\u00e9s sur leur utilisation de l\u2019IA, respectivement dans la recherche d\u2019emploi et le recrutement.&nbsp;<\/p>\n\n\n\n<p><em>Texte: Aranya Sritharan\u00a0<\/em><\/p>\n\n\n\n<p>La r\u00e9gion AMOSA comprend les cantons d\u2019Argovie, d\u2019Appenzell Rhodes-Ext\u00e9rieures, d\u2019Appenzell Rhodes-Int\u00e9rieures, de Glaris, des Grisons, de Schaffhouse, de Saint-Gall, de Thurgovie, de Zoug et de Zurich.&nbsp;<\/p>\n\n\n\n<p>Il est int\u00e9ressant de noter la diff\u00e9rence de proportion d\u2019utilisateurs entre les deux groupes interrog\u00e9s : alors que 65 % des demandeurs d\u2019emploi utilisent d\u00e9j\u00e0 l\u2019IA pour leur recherche d\u2019emploi, ce chiffre n\u2019est que de 13 % chez les recruteurs du c\u00f4t\u00e9 des entreprises. Les grandes entreprises ont davantage recours \u00e0 l&rsquo;IA dans leur processus de recrutement que la moyenne (24 % des grandes entreprises contre 13 % en moyenne). Les demandeurs d\u2019emploi titulaires d\u2019un dipl\u00f4me de l\u2019enseignement sup\u00e9rieur y ont encore plus recours que la moyenne des demandeurs d\u2019emploi (83 % des titulaires d\u2019un dipl\u00f4me de l\u2019enseignement sup\u00e9rieur contre 65 % en moyenne)&nbsp;<\/p>\n\n\n\n<h2 class=\"wp-block-heading\">Raisons de l\u2019utilisation de l\u2019IA et avantages escompt\u00e9s\u00a0<\/h2>\n\n\n\n<p>Les demandeurs d\u2019emploi indiquent, comme principales raisons d\u2019utilisation de l\u2019IA, qu\u2019ils esp\u00e8rent pouvoir se pr\u00e9senter comme des candidats id\u00e9aux. De plus, les outils d\u2019IA sont cens\u00e9s les aider \u00e0 corriger la formulation de leurs dossiers de candidature. Les demandeurs d\u2019emploi interrog\u00e9s ne sont toutefois pas tous du m\u00eame avis sur la question de savoir si l\u2019utilisation de l\u2019IA apporte quelque chose : un peu moins de la moiti\u00e9 des personnes interrog\u00e9es estime que leurs chances d\u2019\u00eatre convoqu\u00e9es \u00e0 un entretien d\u2019embauche ont augment\u00e9 et que l\u2019IA les aide \u00e0 trouver un poste adapt\u00e9.&nbsp;<\/p>\n\n\n\n<p>Pour les recruteurs, il s\u2019agit surtout des gains de temps escompt\u00e9s dans la r\u00e9daction des offres d\u2019emploi et d\u2019un soutien dans l\u2019\u00e9valuation des comp\u00e9tences des candidats. L&rsquo;enqu\u00eate montre \u00e9galement que les recruteurs re\u00e7oivent d\u00e9j\u00e0 un grand nombre de candidatures (39 % en moyenne) r\u00e9dig\u00e9es \u00e0 l\u2019aide de l\u2019IA. Ils indiquent que cela se traduit par une standardisation croissante des dossiers de candidature.&nbsp;&nbsp;<\/p>\n\n\n\n<h2 class=\"wp-block-heading\">Obstacles \u00e0 l\u2019utilisation de l\u2019IA\u00a0<\/h2>\n\n\n\n<p>Quant \u00e0 savoir pourquoi l\u2019IA n\u2019est pas ou peu utilis\u00e9e, environ la moiti\u00e9 des demandeurs d\u2019emploi d\u00e9clarent qu\u2019ils n\u2019ont tout simplement pas encore envisag\u00e9 d\u2019utiliser l\u2019IA pour leur recherche d\u2019emploi. Une autre raison importante (pour plus d\u2019un tiers des personnes interrog\u00e9es) est le manque de connaissances sur les outils qui pourraient s\u2019av\u00e9rer pertinents. Tout aussi important est le souhait d\u2019envoyer une candidature personnalis\u00e9e qui ne semble pas g\u00e9n\u00e9r\u00e9e automatiquement.&nbsp;<\/p>\n\n\n\n<p>Pour plus de la moiti\u00e9 des recruteurs, le besoin d\u2019utiliser l\u2019IA dans le recrutement est faible, car ils recrutent actuellement trop peu. Le fait qu\u2019ils souhaitent d\u00e9lib\u00e9r\u00e9ment g\u00e9rer le processus de recrutement de mani\u00e8re humaine est \u00e9galement important.\u00a0<\/p>\n\n\n\n<h2 class=\"wp-block-heading\">Plus d&rsquo;informations<\/h2>\n\n\n\n<div class=\"wp-block-buttons is-layout-flex wp-block-buttons-is-layout-flex\">\n<div class=\"wp-block-button has-custom-width wp-block-button__width-100 is-style-minimal\"><a class=\"wp-block-button__link wp-element-button\" href=\"https:\/\/www.amosa.net\/projekte\/kuenstliche-intelligenz.html\" target=\"_blank\" rel=\"noreferrer noopener\">sur l&rsquo;\u00e9tude<\/a><\/div>\n<\/div>\n","protected":false},"excerpt":{"rendered":"<p>Une nouvelle \u00e9tude de l\u2019Observatoire intercantonal du march\u00e9 du travail AMOSA examine l\u2019utilisation de l\u2019IA dans la recherche d\u2019emploi et [&hellip;]<\/p>\n","protected":false},"author":27,"featured_media":74975,"template":"","meta":{"_acf_changed":false,"inline_featured_image":false,"footnotes":""},"news-category":[80],"global-category":[367],"class_list":["post-75181","news","type-news","status-publish","has-post-thumbnail","hentry","news-category-numerisation","global-category-ia-et-formation-continue"],"acf":[],"yoast_head":"<!-- This site is optimized with the Yoast SEO plugin v27.3 - https:\/\/yoast.com\/product\/yoast-seo-wordpress\/ -->\n<title>Comment l\u2019IA est-elle utilis\u00e9e dans la recherche d\u2019emploi et le recrutement?\u00a0 - FSEA<\/title>\n<meta name=\"robots\" content=\"index, follow, max-snippet:-1, max-image-preview:large, max-video-preview:-1\" \/>\n<link rel=\"canonical\" href=\"https:\/\/alice.ch\/fr\/news\/comment-lia-est-elle-utilisee-dans-la-recherche-demploi-et-le-recrutement\/\" \/>\n<meta property=\"og:locale\" content=\"fr_FR\" \/>\n<meta property=\"og:type\" content=\"article\" \/>\n<meta property=\"og:title\" content=\"Comment l\u2019IA est-elle utilis\u00e9e dans la recherche d\u2019emploi et le recrutement?\u00a0 - FSEA\" \/>\n<meta property=\"og:description\" content=\"Une nouvelle \u00e9tude de l\u2019Observatoire intercantonal du march\u00e9 du travail AMOSA examine l\u2019utilisation de l\u2019IA dans la recherche d\u2019emploi et [&hellip;]\" \/>\n<meta property=\"og:url\" content=\"https:\/\/alice.ch\/fr\/news\/comment-lia-est-elle-utilisee-dans-la-recherche-demploi-et-le-recrutement\/\" \/>\n<meta property=\"og:site_name\" content=\"SVEB\" \/>\n<meta property=\"article:modified_time\" content=\"2026-04-27T09:41:33+00:00\" \/>\n<meta property=\"og:image\" content=\"https:\/\/alice.ch\/app\/uploads\/2026\/04\/dmitrii-shirnin-MRNuFO7Je9M-unsplash1.jpg\" \/>\n\t<meta property=\"og:image:width\" content=\"1200\" \/>\n\t<meta property=\"og:image:height\" content=\"627\" \/>\n\t<meta property=\"og:image:type\" content=\"image\/jpeg\" \/>\n<meta name=\"twitter:card\" content=\"summary_large_image\" \/>\n<meta name=\"twitter:label1\" content=\"Dur\u00e9e de lecture estim\u00e9e\" \/>\n\t<meta name=\"twitter:data1\" content=\"3 minutes\" \/>\n<script type=\"application\/ld+json\" class=\"yoast-schema-graph\">{\"@context\":\"https:\\\/\\\/schema.org\",\"@graph\":[{\"@type\":\"WebPage\",\"@id\":\"https:\\\/\\\/alice.ch\\\/fr\\\/news\\\/comment-lia-est-elle-utilisee-dans-la-recherche-demploi-et-le-recrutement\\\/\",\"url\":\"https:\\\/\\\/alice.ch\\\/fr\\\/news\\\/comment-lia-est-elle-utilisee-dans-la-recherche-demploi-et-le-recrutement\\\/\",\"name\":\"Comment l\u2019IA est-elle utilis\u00e9e dans la recherche d\u2019emploi et le recrutement?\u00a0 - FSEA\",\"isPartOf\":{\"@id\":\"https:\\\/\\\/alice.ch\\\/fr\\\/#website\"},\"primaryImageOfPage\":{\"@id\":\"https:\\\/\\\/alice.ch\\\/fr\\\/news\\\/comment-lia-est-elle-utilisee-dans-la-recherche-demploi-et-le-recrutement\\\/#primaryimage\"},\"image\":{\"@id\":\"https:\\\/\\\/alice.ch\\\/fr\\\/news\\\/comment-lia-est-elle-utilisee-dans-la-recherche-demploi-et-le-recrutement\\\/#primaryimage\"},\"thumbnailUrl\":\"https:\\\/\\\/alice.ch\\\/app\\\/uploads\\\/2026\\\/04\\\/dmitrii-shirnin-MRNuFO7Je9M-unsplash1.jpg\",\"datePublished\":\"2026-04-22T07:20:07+00:00\",\"dateModified\":\"2026-04-27T09:41:33+00:00\",\"breadcrumb\":{\"@id\":\"https:\\\/\\\/alice.ch\\\/fr\\\/news\\\/comment-lia-est-elle-utilisee-dans-la-recherche-demploi-et-le-recrutement\\\/#breadcrumb\"},\"inLanguage\":\"fr-FR\",\"potentialAction\":[{\"@type\":\"ReadAction\",\"target\":[\"https:\\\/\\\/alice.ch\\\/fr\\\/news\\\/comment-lia-est-elle-utilisee-dans-la-recherche-demploi-et-le-recrutement\\\/\"]}]},{\"@type\":\"ImageObject\",\"inLanguage\":\"fr-FR\",\"@id\":\"https:\\\/\\\/alice.ch\\\/fr\\\/news\\\/comment-lia-est-elle-utilisee-dans-la-recherche-demploi-et-le-recrutement\\\/#primaryimage\",\"url\":\"https:\\\/\\\/alice.ch\\\/app\\\/uploads\\\/2026\\\/04\\\/dmitrii-shirnin-MRNuFO7Je9M-unsplash1.jpg\",\"contentUrl\":\"https:\\\/\\\/alice.ch\\\/app\\\/uploads\\\/2026\\\/04\\\/dmitrii-shirnin-MRNuFO7Je9M-unsplash1.jpg\",\"width\":1200,\"height\":627},{\"@type\":\"BreadcrumbList\",\"@id\":\"https:\\\/\\\/alice.ch\\\/fr\\\/news\\\/comment-lia-est-elle-utilisee-dans-la-recherche-demploi-et-le-recrutement\\\/#breadcrumb\",\"itemListElement\":[{\"@type\":\"ListItem\",\"position\":1,\"name\":\"Page d'accueil\",\"item\":\"https:\\\/\\\/alice.ch\\\/fr\\\/\"},{\"@type\":\"ListItem\",\"position\":2,\"name\":\"Comment l\u2019IA est-elle utilis\u00e9e dans la recherche d\u2019emploi et le recrutement?\u00a0\"}]},{\"@type\":\"WebSite\",\"@id\":\"https:\\\/\\\/alice.ch\\\/fr\\\/#website\",\"url\":\"https:\\\/\\\/alice.ch\\\/fr\\\/\",\"name\":\"alice.ch (Adult Learning Information Center) ist das Portal der Weiterbildung in der Schweiz.\",\"description\":\"Schweizerischer Verband f\u00fcr Weiterbildung\",\"publisher\":{\"@id\":\"https:\\\/\\\/alice.ch\\\/fr\\\/#organization\"},\"potentialAction\":[{\"@type\":\"SearchAction\",\"target\":{\"@type\":\"EntryPoint\",\"urlTemplate\":\"https:\\\/\\\/alice.ch\\\/fr\\\/?s={search_term_string}\"},\"query-input\":{\"@type\":\"PropertyValueSpecification\",\"valueRequired\":true,\"valueName\":\"search_term_string\"}}],\"inLanguage\":\"fr-FR\"},{\"@type\":\"Organization\",\"@id\":\"https:\\\/\\\/alice.ch\\\/fr\\\/#organization\",\"name\":\"FSEA F\u00e9d\u00e9ration suisse pour la formation continue\",\"url\":\"https:\\\/\\\/alice.ch\\\/fr\\\/\",\"logo\":{\"@type\":\"ImageObject\",\"inLanguage\":\"fr-FR\",\"@id\":\"https:\\\/\\\/alice.ch\\\/fr\\\/#\\\/schema\\\/logo\\\/image\\\/\",\"url\":\"https:\\\/\\\/alice.ch\\\/app\\\/uploads\\\/2022\\\/07\\\/logo-sveb.png\",\"contentUrl\":\"https:\\\/\\\/alice.ch\\\/app\\\/uploads\\\/2022\\\/07\\\/logo-sveb.png\",\"width\":145,\"height\":64,\"caption\":\"FSEA F\u00e9d\u00e9ration suisse pour la formation continue\"},\"image\":{\"@id\":\"https:\\\/\\\/alice.ch\\\/fr\\\/#\\\/schema\\\/logo\\\/image\\\/\"},\"sameAs\":[\"https:\\\/\\\/www.linkedin.com\\\/company\\\/schweizerischer-verband-fr-weiterbildung-sveb\\\/\"]}]}<\/script>\n<!-- \/ Yoast SEO plugin. -->","yoast_head_json":{"title":"Comment l\u2019IA est-elle utilis\u00e9e dans la recherche d\u2019emploi et le recrutement?\u00a0 - FSEA","robots":{"index":"index","follow":"follow","max-snippet":"max-snippet:-1","max-image-preview":"max-image-preview:large","max-video-preview":"max-video-preview:-1"},"canonical":"https:\/\/alice.ch\/fr\/news\/comment-lia-est-elle-utilisee-dans-la-recherche-demploi-et-le-recrutement\/","og_locale":"fr_FR","og_type":"article","og_title":"Comment l\u2019IA est-elle utilis\u00e9e dans la recherche d\u2019emploi et le recrutement?\u00a0 - FSEA","og_description":"Une nouvelle \u00e9tude de l\u2019Observatoire intercantonal du march\u00e9 du travail AMOSA examine l\u2019utilisation de l\u2019IA dans la recherche d\u2019emploi et [&hellip;]","og_url":"https:\/\/alice.ch\/fr\/news\/comment-lia-est-elle-utilisee-dans-la-recherche-demploi-et-le-recrutement\/","og_site_name":"SVEB","article_modified_time":"2026-04-27T09:41:33+00:00","og_image":[{"width":1200,"height":627,"url":"https:\/\/alice.ch\/app\/uploads\/2026\/04\/dmitrii-shirnin-MRNuFO7Je9M-unsplash1.jpg","type":"image\/jpeg"}],"twitter_card":"summary_large_image","twitter_misc":{"Dur\u00e9e de lecture estim\u00e9e":"3 minutes"},"schema":{"@context":"https:\/\/schema.org","@graph":[{"@type":"WebPage","@id":"https:\/\/alice.ch\/fr\/news\/comment-lia-est-elle-utilisee-dans-la-recherche-demploi-et-le-recrutement\/","url":"https:\/\/alice.ch\/fr\/news\/comment-lia-est-elle-utilisee-dans-la-recherche-demploi-et-le-recrutement\/","name":"Comment l\u2019IA est-elle utilis\u00e9e dans la recherche d\u2019emploi et le recrutement?\u00a0 - FSEA","isPartOf":{"@id":"https:\/\/alice.ch\/fr\/#website"},"primaryImageOfPage":{"@id":"https:\/\/alice.ch\/fr\/news\/comment-lia-est-elle-utilisee-dans-la-recherche-demploi-et-le-recrutement\/#primaryimage"},"image":{"@id":"https:\/\/alice.ch\/fr\/news\/comment-lia-est-elle-utilisee-dans-la-recherche-demploi-et-le-recrutement\/#primaryimage"},"thumbnailUrl":"https:\/\/alice.ch\/app\/uploads\/2026\/04\/dmitrii-shirnin-MRNuFO7Je9M-unsplash1.jpg","datePublished":"2026-04-22T07:20:07+00:00","dateModified":"2026-04-27T09:41:33+00:00","breadcrumb":{"@id":"https:\/\/alice.ch\/fr\/news\/comment-lia-est-elle-utilisee-dans-la-recherche-demploi-et-le-recrutement\/#breadcrumb"},"inLanguage":"fr-FR","potentialAction":[{"@type":"ReadAction","target":["https:\/\/alice.ch\/fr\/news\/comment-lia-est-elle-utilisee-dans-la-recherche-demploi-et-le-recrutement\/"]}]},{"@type":"ImageObject","inLanguage":"fr-FR","@id":"https:\/\/alice.ch\/fr\/news\/comment-lia-est-elle-utilisee-dans-la-recherche-demploi-et-le-recrutement\/#primaryimage","url":"https:\/\/alice.ch\/app\/uploads\/2026\/04\/dmitrii-shirnin-MRNuFO7Je9M-unsplash1.jpg","contentUrl":"https:\/\/alice.ch\/app\/uploads\/2026\/04\/dmitrii-shirnin-MRNuFO7Je9M-unsplash1.jpg","width":1200,"height":627},{"@type":"BreadcrumbList","@id":"https:\/\/alice.ch\/fr\/news\/comment-lia-est-elle-utilisee-dans-la-recherche-demploi-et-le-recrutement\/#breadcrumb","itemListElement":[{"@type":"ListItem","position":1,"name":"Page d'accueil","item":"https:\/\/alice.ch\/fr\/"},{"@type":"ListItem","position":2,"name":"Comment l\u2019IA est-elle utilis\u00e9e dans la recherche d\u2019emploi et le recrutement?\u00a0"}]},{"@type":"WebSite","@id":"https:\/\/alice.ch\/fr\/#website","url":"https:\/\/alice.ch\/fr\/","name":"alice.ch (Adult Learning Information Center) ist das Portal der Weiterbildung in der Schweiz.","description":"Schweizerischer Verband f\u00fcr Weiterbildung","publisher":{"@id":"https:\/\/alice.ch\/fr\/#organization"},"potentialAction":[{"@type":"SearchAction","target":{"@type":"EntryPoint","urlTemplate":"https:\/\/alice.ch\/fr\/?s={search_term_string}"},"query-input":{"@type":"PropertyValueSpecification","valueRequired":true,"valueName":"search_term_string"}}],"inLanguage":"fr-FR"},{"@type":"Organization","@id":"https:\/\/alice.ch\/fr\/#organization","name":"FSEA F\u00e9d\u00e9ration suisse pour la formation continue","url":"https:\/\/alice.ch\/fr\/","logo":{"@type":"ImageObject","inLanguage":"fr-FR","@id":"https:\/\/alice.ch\/fr\/#\/schema\/logo\/image\/","url":"https:\/\/alice.ch\/app\/uploads\/2022\/07\/logo-sveb.png","contentUrl":"https:\/\/alice.ch\/app\/uploads\/2022\/07\/logo-sveb.png","width":145,"height":64,"caption":"FSEA F\u00e9d\u00e9ration suisse pour la formation continue"},"image":{"@id":"https:\/\/alice.ch\/fr\/#\/schema\/logo\/image\/"},"sameAs":["https:\/\/www.linkedin.com\/company\/schweizerischer-verband-fr-weiterbildung-sveb\/"]}]}},"_links":{"self":[{"href":"https:\/\/alice.ch\/fr\/wp-json\/wp\/v2\/news\/75181","targetHints":{"allow":["GET"]}}],"collection":[{"href":"https:\/\/alice.ch\/fr\/wp-json\/wp\/v2\/news"}],"about":[{"href":"https:\/\/alice.ch\/fr\/wp-json\/wp\/v2\/types\/news"}],"author":[{"embeddable":true,"href":"https:\/\/alice.ch\/fr\/wp-json\/wp\/v2\/users\/27"}],"version-history":[{"count":1,"href":"https:\/\/alice.ch\/fr\/wp-json\/wp\/v2\/news\/75181\/revisions"}],"predecessor-version":[{"id":75186,"href":"https:\/\/alice.ch\/fr\/wp-json\/wp\/v2\/news\/75181\/revisions\/75186"}],"wp:featuredmedia":[{"embeddable":true,"href":"https:\/\/alice.ch\/fr\/wp-json\/wp\/v2\/media\/74975"}],"wp:attachment":[{"href":"https:\/\/alice.ch\/fr\/wp-json\/wp\/v2\/media?parent=75181"}],"wp:term":[{"taxonomy":"news-category","embeddable":true,"href":"https:\/\/alice.ch\/fr\/wp-json\/wp\/v2\/news-category?post=75181"},{"taxonomy":"global-category","embeddable":true,"href":"https:\/\/alice.ch\/fr\/wp-json\/wp\/v2\/global-category?post=75181"}],"curies":[{"name":"wp","href":"https:\/\/api.w.org\/{rel}","templated":true}]}}