{"id":75208,"date":"2026-04-20T09:14:23","date_gmt":"2026-04-20T07:14:23","guid":{"rendered":"https:\/\/alice.ch\/?post_type=news&#038;p=75208"},"modified":"2026-04-27T13:56:55","modified_gmt":"2026-04-27T11:56:55","slug":"la-durabilite-est-rarement-integree-de-maniere-systematique-dans-la-formation-dadultes","status":"publish","type":"news","link":"https:\/\/alice.ch\/fr\/news\/la-durabilite-est-rarement-integree-de-maniere-systematique-dans-la-formation-dadultes\/","title":{"rendered":"La durabilit\u00e9 est rarement int\u00e9gr\u00e9e de mani\u00e8re syst\u00e9matique dans la formation d\u2019adultes\u00a0"},"content":{"rendered":"\n<p class=\"is-style-lead\">Une \u00e9tude men\u00e9e par l\u2019Institut autrichien pour la formation continue a examin\u00e9 la mani\u00e8re dont la formation continue aborde la question de la durabilit\u00e9. Il en ressort que ce th\u00e8me est g\u00e9n\u00e9ralement trait\u00e9 dans le cadre de projets ponctuels ou d\u2019\u00e9v\u00e9nements sp\u00e9cifiques, sans \u00eatre int\u00e9gr\u00e9 dans les lignes directrices, les programmes et les structures. \u00c0 l\u2019avenir, de nombreux \u00e9tablissements souhaitent ancrer la durabilit\u00e9 en tant que th\u00e8me transversal.&nbsp;<\/p>\n\n\n\n<p>Le d\u00e9veloppement durable ne n\u00e9cessite pas seulement des solutions technologiques et \u00e9conomiques ou des changements de comportement individuels, mais un processus global d\u2019apprentissage et de changement aux niveaux individuel, institutionnel et soci\u00e9tal. Telle est la conclusion de l\u2019\u00e9tude de l\u2019Institut autrichien pour la formation continue intitul\u00e9e <a href=\"https:\/\/www.oieb.at\/2026\/03\/16\/next-level-sustainability-nachhaltigkeit-als-thema-und-aufgabe-der-erwachsenenbildung\/\" target=\"_blank\" rel=\"noreferrer noopener\">\u00abNext Level Sustainability? La durabilit\u00e9 en tant que th\u00e8me et mission de la formation continue\u00bb<\/a>. L\u2019\u00e9tude \u00absyst\u00e9matise les concepts et les instruments, documente les pratiques et les lignes de conflit, identifie les missions institutionnelles et esquisse des pistes permettant \u00e0 la formation continue en Autriche de mieux exploiter son potentiel pour une soci\u00e9t\u00e9 vivable, juste et durable\u00bb.\u00a0<\/p>\n\n\n\n<p>La formation continue joue un r\u00f4le cl\u00e9 dans le d\u00e9veloppement durable, car elle touche \u00e9galement les groupes cibles qui prennent des d\u00e9cisions dans les domaines de la politique, de l\u2019\u00e9conomie et de la soci\u00e9t\u00e9 civile, et qui fa\u00e7onnent ainsi de mani\u00e8re significative les conditions-cadres mat\u00e9rielles et normatives de notre vie en communaut\u00e9.&nbsp;<\/p>\n\n\n\n<h2 class=\"wp-block-heading\">Peu int\u00e9gr\u00e9e de mani\u00e8re syst\u00e9matique ou strat\u00e9gique\u00a0<\/h2>\n\n\n\n<p>Les r\u00e9sultats d\u2019une enqu\u00eate en ligne men\u00e9e aupr\u00e8s des collaborateurs de deux associations de formation continue montrent que la durabilit\u00e9 est globalement reconnue comme un th\u00e8me pertinent, mais qu\u2019elle est ancr\u00e9e de mani\u00e8re tr\u00e8s disparate. Dans de nombreux \u00e9tablissements, il manque une int\u00e9gration syst\u00e9matique et strat\u00e9gique dans les lignes directrices, les programmes et les structures; la durabilit\u00e9 est souvent trait\u00e9e de mani\u00e8re ponctuelle ou en fonction d\u2019\u00e9v\u00e9nements sp\u00e9cifiques. De plus, certains acteurs font \u00e9tat d\u2019un d\u00e9sint\u00e9r\u00eat croissant, de difficult\u00e9s \u00e0 toucher de nouveaux publics et d\u2019une certaine lassitude face \u00e0 l\u2019utilisation inflationniste du terme \u00abdurabilit\u00e9\u00bb.\u00a0<\/p>\n\n\n\n<p>\u00abLa formation continue durable est jug\u00e9e particuli\u00e8rement efficace lorsqu\u2019elle est ax\u00e9e sur la pratique, ancr\u00e9e dans la vie quotidienne et con\u00e7ue de mani\u00e8re dialogique, et qu\u2019elle incarne de mani\u00e8re cr\u00e9dible la durabilit\u00e9, par exemple \u00e0 travers une organisation respectueuse du climat dans ses activit\u00e9s\u00bb, indique l\u2019\u00e9tude. Les offres purement th\u00e9oriques ou didactiques, en revanche, rencontrent souvent peu d\u2019\u00e9cho. A l\u2019avenir, de nombreux \u00e9tablissements pr\u00e9voient d\u2019ancrer davantage la durabilit\u00e9 en tant que th\u00e8me transversal, de d\u00e9velopper de nouveaux formats d\u2019apprentissage coop\u00e9ratifs et innovants, ainsi que de prendre davantage en compte les aspects sociaux tels que la justice climatique et la r\u00e9silience r\u00e9gionale.\u00a0<\/p>\n\n\n\n<h2 class=\"wp-block-heading\">Une contribution importante \u00e0 la durabilit\u00e9\u00a0<\/h2>\n\n\n\n<p>Au niveau organisationnel, l\u2019approche \u00abWhole Institution Approach\u00bb (WIA), qui consid\u00e8re la durabilit\u00e9 comme une mission de l\u2019ensemble de l\u2019institution, joue un r\u00f4le de plus en plus important. Elle part du principe que l\u2019\u00e9ducation au d\u00e9veloppement durable est particuli\u00e8rement efficace lorsque l\u2019apprentissage et l\u2019action institutionnelle sont li\u00e9s. Les \u00e9tablissements de formation sont donc cr\u00e9dibles lorsqu\u2019ils ne se contentent pas d\u2019enseigner la durabilit\u00e9, mais la vivent eux-m\u00eames. La transparence, la participation et l\u2019orientation vers l\u2019action renforcent en outre la motivation de toutes les parties prenantes et augmentent la force de persuasion du travail \u00e9ducatif en mati\u00e8re de durabilit\u00e9.\u00a0<\/p>\n\n\n\n<p>Dans l\u2019ensemble, il appara\u00eet que la formation continue peut apporter une contribution importante \u00e0 la sensibilisation, \u00e0 la promotion d\u2019actions durables au quotidien et au soutien de processus de transformation sociale \u00e0 long terme.\u00a0<\/p>\n\n\n\n<h2 class=\"wp-block-heading\">Plus d&rsquo;informations<\/h2>\n\n\n\n<div class=\"wp-block-buttons is-layout-flex wp-block-buttons-is-layout-flex\">\n<div class=\"wp-block-button has-custom-width wp-block-button__width-100 is-style-minimal\"><a class=\"wp-block-button__link wp-element-button\" href=\"https:\/\/www.oieb.at\/2026\/03\/16\/next-level-sustainability-nachhaltigkeit-als-thema-und-aufgabe-der-erwachsenenbildung\/\" target=\"_blank\" rel=\"noreferrer noopener\">sur l&rsquo;\u00e9tude<\/a><\/div>\n<\/div>\n","protected":false},"excerpt":{"rendered":"<p>Une \u00e9tude men\u00e9e par l\u2019Institut autrichien pour la formation continue a examin\u00e9 la mani\u00e8re dont la formation continue aborde la [&hellip;]<\/p>\n","protected":false},"author":27,"featured_media":74943,"template":"","meta":{"_acf_changed":false,"inline_featured_image":false,"footnotes":""},"news-category":[342],"global-category":[370],"class_list":["post-75208","news","type-news","status-publish","has-post-thumbnail","hentry","news-category-durabilite","global-category-durabilite-dans-la-formation-continue"],"acf":[],"yoast_head":"<!-- This site is optimized with the Yoast SEO plugin v27.3 - https:\/\/yoast.com\/product\/yoast-seo-wordpress\/ -->\n<title>La durabilit\u00e9 est rarement int\u00e9gr\u00e9e de mani\u00e8re syst\u00e9matique dans la formation d\u2019adultes\u00a0 - FSEA<\/title>\n<meta name=\"robots\" content=\"index, follow, max-snippet:-1, max-image-preview:large, max-video-preview:-1\" \/>\n<link rel=\"canonical\" href=\"https:\/\/alice.ch\/fr\/news\/la-durabilite-est-rarement-integree-de-maniere-systematique-dans-la-formation-dadultes\/\" \/>\n<meta property=\"og:locale\" content=\"fr_FR\" \/>\n<meta property=\"og:type\" content=\"article\" \/>\n<meta property=\"og:title\" content=\"La durabilit\u00e9 est rarement int\u00e9gr\u00e9e de mani\u00e8re syst\u00e9matique dans la formation d\u2019adultes\u00a0 - FSEA\" \/>\n<meta property=\"og:description\" content=\"Une \u00e9tude men\u00e9e par l\u2019Institut autrichien pour la formation continue a examin\u00e9 la mani\u00e8re dont la formation continue aborde la [&hellip;]\" \/>\n<meta property=\"og:url\" content=\"https:\/\/alice.ch\/fr\/news\/la-durabilite-est-rarement-integree-de-maniere-systematique-dans-la-formation-dadultes\/\" \/>\n<meta property=\"og:site_name\" content=\"SVEB\" \/>\n<meta property=\"article:modified_time\" content=\"2026-04-27T11:56:55+00:00\" \/>\n<meta property=\"og:image\" content=\"https:\/\/alice.ch\/app\/uploads\/2026\/04\/curated-lifestyle-hNZMpA0g6l8-unsplash1.jpg\" \/>\n\t<meta property=\"og:image:width\" content=\"1200\" \/>\n\t<meta property=\"og:image:height\" content=\"627\" \/>\n\t<meta property=\"og:image:type\" content=\"image\/jpeg\" \/>\n<meta name=\"twitter:card\" content=\"summary_large_image\" \/>\n<meta name=\"twitter:label1\" content=\"Dur\u00e9e de lecture estim\u00e9e\" \/>\n\t<meta name=\"twitter:data1\" content=\"3 minutes\" \/>\n<script type=\"application\/ld+json\" class=\"yoast-schema-graph\">{\"@context\":\"https:\\\/\\\/schema.org\",\"@graph\":[{\"@type\":\"WebPage\",\"@id\":\"https:\\\/\\\/alice.ch\\\/fr\\\/news\\\/la-durabilite-est-rarement-integree-de-maniere-systematique-dans-la-formation-dadultes\\\/\",\"url\":\"https:\\\/\\\/alice.ch\\\/fr\\\/news\\\/la-durabilite-est-rarement-integree-de-maniere-systematique-dans-la-formation-dadultes\\\/\",\"name\":\"La durabilit\u00e9 est rarement int\u00e9gr\u00e9e de mani\u00e8re syst\u00e9matique dans la formation d\u2019adultes\u00a0 - FSEA\",\"isPartOf\":{\"@id\":\"https:\\\/\\\/alice.ch\\\/fr\\\/#website\"},\"primaryImageOfPage\":{\"@id\":\"https:\\\/\\\/alice.ch\\\/fr\\\/news\\\/la-durabilite-est-rarement-integree-de-maniere-systematique-dans-la-formation-dadultes\\\/#primaryimage\"},\"image\":{\"@id\":\"https:\\\/\\\/alice.ch\\\/fr\\\/news\\\/la-durabilite-est-rarement-integree-de-maniere-systematique-dans-la-formation-dadultes\\\/#primaryimage\"},\"thumbnailUrl\":\"https:\\\/\\\/alice.ch\\\/app\\\/uploads\\\/2026\\\/04\\\/curated-lifestyle-hNZMpA0g6l8-unsplash1.jpg\",\"datePublished\":\"2026-04-20T07:14:23+00:00\",\"dateModified\":\"2026-04-27T11:56:55+00:00\",\"breadcrumb\":{\"@id\":\"https:\\\/\\\/alice.ch\\\/fr\\\/news\\\/la-durabilite-est-rarement-integree-de-maniere-systematique-dans-la-formation-dadultes\\\/#breadcrumb\"},\"inLanguage\":\"fr-FR\",\"potentialAction\":[{\"@type\":\"ReadAction\",\"target\":[\"https:\\\/\\\/alice.ch\\\/fr\\\/news\\\/la-durabilite-est-rarement-integree-de-maniere-systematique-dans-la-formation-dadultes\\\/\"]}]},{\"@type\":\"ImageObject\",\"inLanguage\":\"fr-FR\",\"@id\":\"https:\\\/\\\/alice.ch\\\/fr\\\/news\\\/la-durabilite-est-rarement-integree-de-maniere-systematique-dans-la-formation-dadultes\\\/#primaryimage\",\"url\":\"https:\\\/\\\/alice.ch\\\/app\\\/uploads\\\/2026\\\/04\\\/curated-lifestyle-hNZMpA0g6l8-unsplash1.jpg\",\"contentUrl\":\"https:\\\/\\\/alice.ch\\\/app\\\/uploads\\\/2026\\\/04\\\/curated-lifestyle-hNZMpA0g6l8-unsplash1.jpg\",\"width\":1200,\"height\":627},{\"@type\":\"BreadcrumbList\",\"@id\":\"https:\\\/\\\/alice.ch\\\/fr\\\/news\\\/la-durabilite-est-rarement-integree-de-maniere-systematique-dans-la-formation-dadultes\\\/#breadcrumb\",\"itemListElement\":[{\"@type\":\"ListItem\",\"position\":1,\"name\":\"Page d'accueil\",\"item\":\"https:\\\/\\\/alice.ch\\\/fr\\\/\"},{\"@type\":\"ListItem\",\"position\":2,\"name\":\"La durabilit\u00e9 est rarement int\u00e9gr\u00e9e de mani\u00e8re syst\u00e9matique dans la formation d\u2019adultes\u00a0\"}]},{\"@type\":\"WebSite\",\"@id\":\"https:\\\/\\\/alice.ch\\\/fr\\\/#website\",\"url\":\"https:\\\/\\\/alice.ch\\\/fr\\\/\",\"name\":\"alice.ch (Adult Learning Information Center) ist das Portal der Weiterbildung in der Schweiz.\",\"description\":\"Schweizerischer Verband f\u00fcr Weiterbildung\",\"publisher\":{\"@id\":\"https:\\\/\\\/alice.ch\\\/fr\\\/#organization\"},\"potentialAction\":[{\"@type\":\"SearchAction\",\"target\":{\"@type\":\"EntryPoint\",\"urlTemplate\":\"https:\\\/\\\/alice.ch\\\/fr\\\/?s={search_term_string}\"},\"query-input\":{\"@type\":\"PropertyValueSpecification\",\"valueRequired\":true,\"valueName\":\"search_term_string\"}}],\"inLanguage\":\"fr-FR\"},{\"@type\":\"Organization\",\"@id\":\"https:\\\/\\\/alice.ch\\\/fr\\\/#organization\",\"name\":\"FSEA F\u00e9d\u00e9ration suisse pour la formation continue\",\"url\":\"https:\\\/\\\/alice.ch\\\/fr\\\/\",\"logo\":{\"@type\":\"ImageObject\",\"inLanguage\":\"fr-FR\",\"@id\":\"https:\\\/\\\/alice.ch\\\/fr\\\/#\\\/schema\\\/logo\\\/image\\\/\",\"url\":\"https:\\\/\\\/alice.ch\\\/app\\\/uploads\\\/2022\\\/07\\\/logo-sveb.png\",\"contentUrl\":\"https:\\\/\\\/alice.ch\\\/app\\\/uploads\\\/2022\\\/07\\\/logo-sveb.png\",\"width\":145,\"height\":64,\"caption\":\"FSEA F\u00e9d\u00e9ration suisse pour la formation continue\"},\"image\":{\"@id\":\"https:\\\/\\\/alice.ch\\\/fr\\\/#\\\/schema\\\/logo\\\/image\\\/\"},\"sameAs\":[\"https:\\\/\\\/www.linkedin.com\\\/company\\\/schweizerischer-verband-fr-weiterbildung-sveb\\\/\"]}]}<\/script>\n<!-- \/ Yoast SEO plugin. -->","yoast_head_json":{"title":"La durabilit\u00e9 est rarement int\u00e9gr\u00e9e de mani\u00e8re syst\u00e9matique dans la formation d\u2019adultes\u00a0 - FSEA","robots":{"index":"index","follow":"follow","max-snippet":"max-snippet:-1","max-image-preview":"max-image-preview:large","max-video-preview":"max-video-preview:-1"},"canonical":"https:\/\/alice.ch\/fr\/news\/la-durabilite-est-rarement-integree-de-maniere-systematique-dans-la-formation-dadultes\/","og_locale":"fr_FR","og_type":"article","og_title":"La durabilit\u00e9 est rarement int\u00e9gr\u00e9e de mani\u00e8re syst\u00e9matique dans la formation d\u2019adultes\u00a0 - FSEA","og_description":"Une \u00e9tude men\u00e9e par l\u2019Institut autrichien pour la formation continue a examin\u00e9 la mani\u00e8re dont la formation continue aborde la [&hellip;]","og_url":"https:\/\/alice.ch\/fr\/news\/la-durabilite-est-rarement-integree-de-maniere-systematique-dans-la-formation-dadultes\/","og_site_name":"SVEB","article_modified_time":"2026-04-27T11:56:55+00:00","og_image":[{"width":1200,"height":627,"url":"https:\/\/alice.ch\/app\/uploads\/2026\/04\/curated-lifestyle-hNZMpA0g6l8-unsplash1.jpg","type":"image\/jpeg"}],"twitter_card":"summary_large_image","twitter_misc":{"Dur\u00e9e de lecture estim\u00e9e":"3 minutes"},"schema":{"@context":"https:\/\/schema.org","@graph":[{"@type":"WebPage","@id":"https:\/\/alice.ch\/fr\/news\/la-durabilite-est-rarement-integree-de-maniere-systematique-dans-la-formation-dadultes\/","url":"https:\/\/alice.ch\/fr\/news\/la-durabilite-est-rarement-integree-de-maniere-systematique-dans-la-formation-dadultes\/","name":"La durabilit\u00e9 est rarement int\u00e9gr\u00e9e de mani\u00e8re syst\u00e9matique dans la formation d\u2019adultes\u00a0 - FSEA","isPartOf":{"@id":"https:\/\/alice.ch\/fr\/#website"},"primaryImageOfPage":{"@id":"https:\/\/alice.ch\/fr\/news\/la-durabilite-est-rarement-integree-de-maniere-systematique-dans-la-formation-dadultes\/#primaryimage"},"image":{"@id":"https:\/\/alice.ch\/fr\/news\/la-durabilite-est-rarement-integree-de-maniere-systematique-dans-la-formation-dadultes\/#primaryimage"},"thumbnailUrl":"https:\/\/alice.ch\/app\/uploads\/2026\/04\/curated-lifestyle-hNZMpA0g6l8-unsplash1.jpg","datePublished":"2026-04-20T07:14:23+00:00","dateModified":"2026-04-27T11:56:55+00:00","breadcrumb":{"@id":"https:\/\/alice.ch\/fr\/news\/la-durabilite-est-rarement-integree-de-maniere-systematique-dans-la-formation-dadultes\/#breadcrumb"},"inLanguage":"fr-FR","potentialAction":[{"@type":"ReadAction","target":["https:\/\/alice.ch\/fr\/news\/la-durabilite-est-rarement-integree-de-maniere-systematique-dans-la-formation-dadultes\/"]}]},{"@type":"ImageObject","inLanguage":"fr-FR","@id":"https:\/\/alice.ch\/fr\/news\/la-durabilite-est-rarement-integree-de-maniere-systematique-dans-la-formation-dadultes\/#primaryimage","url":"https:\/\/alice.ch\/app\/uploads\/2026\/04\/curated-lifestyle-hNZMpA0g6l8-unsplash1.jpg","contentUrl":"https:\/\/alice.ch\/app\/uploads\/2026\/04\/curated-lifestyle-hNZMpA0g6l8-unsplash1.jpg","width":1200,"height":627},{"@type":"BreadcrumbList","@id":"https:\/\/alice.ch\/fr\/news\/la-durabilite-est-rarement-integree-de-maniere-systematique-dans-la-formation-dadultes\/#breadcrumb","itemListElement":[{"@type":"ListItem","position":1,"name":"Page d'accueil","item":"https:\/\/alice.ch\/fr\/"},{"@type":"ListItem","position":2,"name":"La durabilit\u00e9 est rarement int\u00e9gr\u00e9e de mani\u00e8re syst\u00e9matique dans la formation d\u2019adultes\u00a0"}]},{"@type":"WebSite","@id":"https:\/\/alice.ch\/fr\/#website","url":"https:\/\/alice.ch\/fr\/","name":"alice.ch (Adult Learning Information Center) ist das Portal der Weiterbildung in der Schweiz.","description":"Schweizerischer Verband f\u00fcr Weiterbildung","publisher":{"@id":"https:\/\/alice.ch\/fr\/#organization"},"potentialAction":[{"@type":"SearchAction","target":{"@type":"EntryPoint","urlTemplate":"https:\/\/alice.ch\/fr\/?s={search_term_string}"},"query-input":{"@type":"PropertyValueSpecification","valueRequired":true,"valueName":"search_term_string"}}],"inLanguage":"fr-FR"},{"@type":"Organization","@id":"https:\/\/alice.ch\/fr\/#organization","name":"FSEA F\u00e9d\u00e9ration suisse pour la formation continue","url":"https:\/\/alice.ch\/fr\/","logo":{"@type":"ImageObject","inLanguage":"fr-FR","@id":"https:\/\/alice.ch\/fr\/#\/schema\/logo\/image\/","url":"https:\/\/alice.ch\/app\/uploads\/2022\/07\/logo-sveb.png","contentUrl":"https:\/\/alice.ch\/app\/uploads\/2022\/07\/logo-sveb.png","width":145,"height":64,"caption":"FSEA F\u00e9d\u00e9ration suisse pour la formation continue"},"image":{"@id":"https:\/\/alice.ch\/fr\/#\/schema\/logo\/image\/"},"sameAs":["https:\/\/www.linkedin.com\/company\/schweizerischer-verband-fr-weiterbildung-sveb\/"]}]}},"_links":{"self":[{"href":"https:\/\/alice.ch\/fr\/wp-json\/wp\/v2\/news\/75208","targetHints":{"allow":["GET"]}}],"collection":[{"href":"https:\/\/alice.ch\/fr\/wp-json\/wp\/v2\/news"}],"about":[{"href":"https:\/\/alice.ch\/fr\/wp-json\/wp\/v2\/types\/news"}],"author":[{"embeddable":true,"href":"https:\/\/alice.ch\/fr\/wp-json\/wp\/v2\/users\/27"}],"version-history":[{"count":1,"href":"https:\/\/alice.ch\/fr\/wp-json\/wp\/v2\/news\/75208\/revisions"}],"predecessor-version":[{"id":75209,"href":"https:\/\/alice.ch\/fr\/wp-json\/wp\/v2\/news\/75208\/revisions\/75209"}],"wp:featuredmedia":[{"embeddable":true,"href":"https:\/\/alice.ch\/fr\/wp-json\/wp\/v2\/media\/74943"}],"wp:attachment":[{"href":"https:\/\/alice.ch\/fr\/wp-json\/wp\/v2\/media?parent=75208"}],"wp:term":[{"taxonomy":"news-category","embeddable":true,"href":"https:\/\/alice.ch\/fr\/wp-json\/wp\/v2\/news-category?post=75208"},{"taxonomy":"global-category","embeddable":true,"href":"https:\/\/alice.ch\/fr\/wp-json\/wp\/v2\/global-category?post=75208"}],"curies":[{"name":"wp","href":"https:\/\/api.w.org\/{rel}","templated":true}]}}