{"id":75243,"date":"2026-04-27T09:02:26","date_gmt":"2026-04-27T07:02:26","guid":{"rendered":"https:\/\/alice.ch\/?post_type=news&#038;p=75243"},"modified":"2026-04-28T10:49:44","modified_gmt":"2026-04-28T08:49:44","slug":"pourquoi-la-suisse-devrait-adherer-a-erasmus","status":"publish","type":"news","link":"https:\/\/alice.ch\/fr\/news\/pourquoi-la-suisse-devrait-adherer-a-erasmus\/","title":{"rendered":"Pourquoi la Suisse devrait adh\u00e9rer \u00e0 Erasmus+"},"content":{"rendered":"\n<p class=\"is-style-lead\">\u00c0 l\u2019automne, le Parlement se prononcera sur le financement de l\u2019adh\u00e9sion de la Suisse au programme europ\u00e9en Erasmus+. Pour cela, un cr\u00e9dit suppl\u00e9mentaire de 130 millions de francs doit \u00eatre accord\u00e9. La FSEA en est convaincue : cet investissement en vaut la peine.<\/p>\n\n\n\n<p>En novembre 2024, le Conseil f\u00e9d\u00e9ral a pris une d\u00e9cision de principe, posant ainsi les bases de l\u2019adh\u00e9sion de la Suisse au programme europ\u00e9en Erasmus+ \u00e0 partir de 2027. Cela signifie que la Suisse pourra adh\u00e9rer au programme europ\u00e9en Erasmus+ l\u2019ann\u00e9e prochaine.<\/p>\n\n\n\n<p>Erasmus+ est le programme de formation le plus complet visant \u00e0 promouvoir la mobilit\u00e9 et la coop\u00e9ration en Europe et au-del\u00e0. Plus de 30 pays y participent. Il dispose d\u2019un budget de 26,2 milliards d\u2019euros.<\/p>\n\n\n\n<p>\u00c0 l\u2019automne 2026, le Parlement discutera du financement de la participation suisse. Un cr\u00e9dit suppl\u00e9mentaire de 130 millions de francs est n\u00e9cessaire.<\/p>\n\n\n\n<h2 class=\"wp-block-heading\">L\u2019adh\u00e9sion rec\u00e8le un grand potentiel<\/h2>\n\n\n\n<p>Selon la pratique actuelle, les organisations suisses ne peuvent participer qu\u2019en tant que \u00abpartenaires silencieux\u00bb \u00e0 des projets de coop\u00e9ration, c&rsquo;est-\u00e0-dire \u00e0 des projets de d\u00e9veloppement ax\u00e9s sur la pratique, dans le cadre desquels la recherche, en collaboration avec des partenaires europ\u00e9ens, porte sur des solutions aux d\u00e9fis de la formation continue. Des projets de mobilit\u00e9 sont \u00e9galement possibles : les personnes actives dans la formation continue, par exemple les formatrices et formateurs ou les responsables de programmes au sein d\u2019organisations de formation continue, peuvent profiter d\u2019offres ou de possibilit\u00e9s d\u2019\u00e9change \u00e0 l\u2019\u00e9tranger.<\/p>\n\n\n\n<p>Une adh\u00e9sion offre en outre la possibilit\u00e9 de d\u00e9velopper soi-m\u00eame des projets d\u2019innovation et des projets pilotes. Ceux-ci pourraient ainsi \u00eatre adapt\u00e9s aux besoins de la Suisse. Gr\u00e2ce \u00e0 une adh\u00e9sion, les organisations suisses de formation continue auraient en outre un acc\u00e8s illimit\u00e9 aux offres, outils, r\u00e9seaux et possibilit\u00e9s de financement d\u2019Erasmus+. La Suisse pourrait ainsi collaborer \u00e0 des plateformes et r\u00e9seaux th\u00e9matiques, et participer \u00e0 des groupes de travail europ\u00e9ens. Les prestataires suisses pourraient participer directement aux appels d\u2019offres europ\u00e9ens, rejoindre des consortiums et constitueraient des partenaires attractifs pour les organisations \u00e9trang\u00e8res.<\/p>\n\n\n\n<h2 class=\"wp-block-heading\">Impact sur la comp\u00e9titivit\u00e9 de la Suisse<\/h2>\n\n\n\n<p>Du point de vue de la FSEA, une adh\u00e9sion serait donc tr\u00e8s souhaitable. En effet, la coop\u00e9ration internationale et le transfert de savoir-faire au niveau europ\u00e9en rendraient la formation continue en Suisse plus efficace et performante. Ainsi, les investissements r\u00e9alis\u00e9s en Suisse dans la formation continue g\u00e9n\u00e9reraient un meilleur retour sur investissement, ce qui aurait un effet positif direct sur la comp\u00e9titivit\u00e9 de la Suisse.<\/p>\n\n\n\n<p>\u00abErasmus+ est pour la Suisse le seul acc\u00e8s structur\u00e9 \u00e0 la coop\u00e9ration europ\u00e9enne dans le domaine de la formation continue \u2013 et il n\u2019y a donc pas d\u2019alternative\u00bb, d\u00e9clare Bernhard Gr\u00e4miger, directeur de la FSEA.<\/p>\n\n\n\n<p>\u00abLe programme permet \u00e0 la formation continue en Suisse de se d\u00e9velopper de mani\u00e8re cibl\u00e9e l\u00e0 o\u00f9 elle est d\u00e9j\u00e0 performante en comparaison internationale. Et de s\u2019am\u00e9liorer l\u00e0 o\u00f9 elle a encore besoin de progresser.\u00bb<\/p>\n\n\n\n<h2 class=\"wp-block-heading\">\u00abUne valeur ajout\u00e9e significative\u00bb<\/h2>\n\n\n\n<p>Bernhard Gr\u00e4miger cite, comme exemples de domaines dans lesquels la Suisse a encore beaucoup \u00e0 apprendre de ses partenaires de l\u2019UE, la reconnaissance des acquis d\u2019apprentissage au moyen de ce que l\u2019on appelle des micro-certifications, ainsi que la num\u00e9risation des environnements d\u2019apprentissage.<\/p>\n\n\n\n<p>L\u2019adh\u00e9sion \u00e0 Erasmus+ ouvre la possibilit\u00e9 d\u2019approfondir et d\u2019\u00e9tendre la coop\u00e9ration avec l\u2019Europe. \u00abPar rapport \u00e0 la solution suisse actuelle, elle offre une valeur ajout\u00e9e significative. Elle repr\u00e9sente donc, \u00e0 notre avis, une tr\u00e8s grande opportunit\u00e9 pour la Suisse et que nous devrions saisir.\u00bb<\/p>\n\n\n\n<p>La FSEA invite donc le Parlement \u00e0 se prononcer en faveur de l\u2019adh\u00e9sion.<\/p>\n\n\n\n<h2 class=\"wp-block-heading\">Plus d&rsquo;informations<\/h2>\n\n\n\n<div class=\"wp-block-buttons is-layout-flex wp-block-buttons-is-layout-flex\">\n<div class=\"wp-block-button has-custom-width wp-block-button__width-100 is-style-minimal\"><a class=\"wp-block-button__link wp-element-button\" href=\"https:\/\/alice.ch\/fr\/news\/la-suisse-pourrait-de-nouveau-rejoindre-erasmus-en-2027\/\">La Suisse pourrait de nouveau rejoindre Erasmus+ en\u00a02027<\/a><\/div>\n<\/div>\n","protected":false},"excerpt":{"rendered":"<p>\u00c0 l\u2019automne, le Parlement se prononcera sur le financement de l\u2019adh\u00e9sion de la Suisse au programme europ\u00e9en Erasmus+. Pour cela, [&hellip;]<\/p>\n","protected":false},"author":27,"featured_media":75143,"template":"","meta":{"_acf_changed":false,"inline_featured_image":false,"footnotes":""},"news-category":[74],"global-category":[],"class_list":["post-75243","news","type-news","status-publish","has-post-thumbnail","hentry","news-category-international-fr"],"acf":[],"yoast_head":"<!-- This site is optimized with the Yoast SEO plugin v27.3 - https:\/\/yoast.com\/product\/yoast-seo-wordpress\/ -->\n<title>Pourquoi la Suisse devrait adh\u00e9rer \u00e0 Erasmus+ - FSEA<\/title>\n<meta name=\"robots\" content=\"index, follow, max-snippet:-1, max-image-preview:large, max-video-preview:-1\" \/>\n<link rel=\"canonical\" href=\"https:\/\/alice.ch\/fr\/news\/pourquoi-la-suisse-devrait-adherer-a-erasmus\/\" \/>\n<meta property=\"og:locale\" content=\"fr_FR\" \/>\n<meta property=\"og:type\" content=\"article\" \/>\n<meta property=\"og:title\" content=\"Pourquoi la Suisse devrait adh\u00e9rer \u00e0 Erasmus+ - FSEA\" \/>\n<meta property=\"og:description\" content=\"\u00c0 l\u2019automne, le Parlement se prononcera sur le financement de l\u2019adh\u00e9sion de la Suisse au programme europ\u00e9en Erasmus+. Pour cela, [&hellip;]\" \/>\n<meta property=\"og:url\" content=\"https:\/\/alice.ch\/fr\/news\/pourquoi-la-suisse-devrait-adherer-a-erasmus\/\" \/>\n<meta property=\"og:site_name\" content=\"SVEB\" \/>\n<meta property=\"article:modified_time\" content=\"2026-04-28T08:49:44+00:00\" \/>\n<meta property=\"og:image\" content=\"https:\/\/alice.ch\/app\/uploads\/2026\/04\/antoine-schibler-KF3Ty-K6NVA-unsplash1.jpg\" \/>\n\t<meta property=\"og:image:width\" content=\"1200\" \/>\n\t<meta property=\"og:image:height\" content=\"627\" \/>\n\t<meta property=\"og:image:type\" content=\"image\/jpeg\" \/>\n<meta name=\"twitter:card\" content=\"summary_large_image\" \/>\n<meta name=\"twitter:label1\" content=\"Dur\u00e9e de lecture estim\u00e9e\" \/>\n\t<meta name=\"twitter:data1\" content=\"3 minutes\" \/>\n<script type=\"application\/ld+json\" class=\"yoast-schema-graph\">{\"@context\":\"https:\\\/\\\/schema.org\",\"@graph\":[{\"@type\":\"WebPage\",\"@id\":\"https:\\\/\\\/alice.ch\\\/fr\\\/news\\\/pourquoi-la-suisse-devrait-adherer-a-erasmus\\\/\",\"url\":\"https:\\\/\\\/alice.ch\\\/fr\\\/news\\\/pourquoi-la-suisse-devrait-adherer-a-erasmus\\\/\",\"name\":\"Pourquoi la Suisse devrait adh\u00e9rer \u00e0 Erasmus+ - FSEA\",\"isPartOf\":{\"@id\":\"https:\\\/\\\/alice.ch\\\/fr\\\/#website\"},\"primaryImageOfPage\":{\"@id\":\"https:\\\/\\\/alice.ch\\\/fr\\\/news\\\/pourquoi-la-suisse-devrait-adherer-a-erasmus\\\/#primaryimage\"},\"image\":{\"@id\":\"https:\\\/\\\/alice.ch\\\/fr\\\/news\\\/pourquoi-la-suisse-devrait-adherer-a-erasmus\\\/#primaryimage\"},\"thumbnailUrl\":\"https:\\\/\\\/alice.ch\\\/app\\\/uploads\\\/2026\\\/04\\\/antoine-schibler-KF3Ty-K6NVA-unsplash1.jpg\",\"datePublished\":\"2026-04-27T07:02:26+00:00\",\"dateModified\":\"2026-04-28T08:49:44+00:00\",\"breadcrumb\":{\"@id\":\"https:\\\/\\\/alice.ch\\\/fr\\\/news\\\/pourquoi-la-suisse-devrait-adherer-a-erasmus\\\/#breadcrumb\"},\"inLanguage\":\"fr-FR\",\"potentialAction\":[{\"@type\":\"ReadAction\",\"target\":[\"https:\\\/\\\/alice.ch\\\/fr\\\/news\\\/pourquoi-la-suisse-devrait-adherer-a-erasmus\\\/\"]}]},{\"@type\":\"ImageObject\",\"inLanguage\":\"fr-FR\",\"@id\":\"https:\\\/\\\/alice.ch\\\/fr\\\/news\\\/pourquoi-la-suisse-devrait-adherer-a-erasmus\\\/#primaryimage\",\"url\":\"https:\\\/\\\/alice.ch\\\/app\\\/uploads\\\/2026\\\/04\\\/antoine-schibler-KF3Ty-K6NVA-unsplash1.jpg\",\"contentUrl\":\"https:\\\/\\\/alice.ch\\\/app\\\/uploads\\\/2026\\\/04\\\/antoine-schibler-KF3Ty-K6NVA-unsplash1.jpg\",\"width\":1200,\"height\":627},{\"@type\":\"BreadcrumbList\",\"@id\":\"https:\\\/\\\/alice.ch\\\/fr\\\/news\\\/pourquoi-la-suisse-devrait-adherer-a-erasmus\\\/#breadcrumb\",\"itemListElement\":[{\"@type\":\"ListItem\",\"position\":1,\"name\":\"Page d'accueil\",\"item\":\"https:\\\/\\\/alice.ch\\\/fr\\\/\"},{\"@type\":\"ListItem\",\"position\":2,\"name\":\"Pourquoi la Suisse devrait adh\u00e9rer \u00e0 Erasmus+\"}]},{\"@type\":\"WebSite\",\"@id\":\"https:\\\/\\\/alice.ch\\\/fr\\\/#website\",\"url\":\"https:\\\/\\\/alice.ch\\\/fr\\\/\",\"name\":\"alice.ch (Adult Learning Information Center) ist das Portal der Weiterbildung in der Schweiz.\",\"description\":\"Schweizerischer Verband f\u00fcr Weiterbildung\",\"publisher\":{\"@id\":\"https:\\\/\\\/alice.ch\\\/fr\\\/#organization\"},\"potentialAction\":[{\"@type\":\"SearchAction\",\"target\":{\"@type\":\"EntryPoint\",\"urlTemplate\":\"https:\\\/\\\/alice.ch\\\/fr\\\/?s={search_term_string}\"},\"query-input\":{\"@type\":\"PropertyValueSpecification\",\"valueRequired\":true,\"valueName\":\"search_term_string\"}}],\"inLanguage\":\"fr-FR\"},{\"@type\":\"Organization\",\"@id\":\"https:\\\/\\\/alice.ch\\\/fr\\\/#organization\",\"name\":\"FSEA F\u00e9d\u00e9ration suisse pour la formation continue\",\"url\":\"https:\\\/\\\/alice.ch\\\/fr\\\/\",\"logo\":{\"@type\":\"ImageObject\",\"inLanguage\":\"fr-FR\",\"@id\":\"https:\\\/\\\/alice.ch\\\/fr\\\/#\\\/schema\\\/logo\\\/image\\\/\",\"url\":\"https:\\\/\\\/alice.ch\\\/app\\\/uploads\\\/2022\\\/07\\\/logo-sveb.png\",\"contentUrl\":\"https:\\\/\\\/alice.ch\\\/app\\\/uploads\\\/2022\\\/07\\\/logo-sveb.png\",\"width\":145,\"height\":64,\"caption\":\"FSEA F\u00e9d\u00e9ration suisse pour la formation continue\"},\"image\":{\"@id\":\"https:\\\/\\\/alice.ch\\\/fr\\\/#\\\/schema\\\/logo\\\/image\\\/\"},\"sameAs\":[\"https:\\\/\\\/www.linkedin.com\\\/company\\\/schweizerischer-verband-fr-weiterbildung-sveb\\\/\"]}]}<\/script>\n<!-- \/ Yoast SEO plugin. -->","yoast_head_json":{"title":"Pourquoi la Suisse devrait adh\u00e9rer \u00e0 Erasmus+ - FSEA","robots":{"index":"index","follow":"follow","max-snippet":"max-snippet:-1","max-image-preview":"max-image-preview:large","max-video-preview":"max-video-preview:-1"},"canonical":"https:\/\/alice.ch\/fr\/news\/pourquoi-la-suisse-devrait-adherer-a-erasmus\/","og_locale":"fr_FR","og_type":"article","og_title":"Pourquoi la Suisse devrait adh\u00e9rer \u00e0 Erasmus+ - FSEA","og_description":"\u00c0 l\u2019automne, le Parlement se prononcera sur le financement de l\u2019adh\u00e9sion de la Suisse au programme europ\u00e9en Erasmus+. Pour cela, [&hellip;]","og_url":"https:\/\/alice.ch\/fr\/news\/pourquoi-la-suisse-devrait-adherer-a-erasmus\/","og_site_name":"SVEB","article_modified_time":"2026-04-28T08:49:44+00:00","og_image":[{"width":1200,"height":627,"url":"https:\/\/alice.ch\/app\/uploads\/2026\/04\/antoine-schibler-KF3Ty-K6NVA-unsplash1.jpg","type":"image\/jpeg"}],"twitter_card":"summary_large_image","twitter_misc":{"Dur\u00e9e de lecture estim\u00e9e":"3 minutes"},"schema":{"@context":"https:\/\/schema.org","@graph":[{"@type":"WebPage","@id":"https:\/\/alice.ch\/fr\/news\/pourquoi-la-suisse-devrait-adherer-a-erasmus\/","url":"https:\/\/alice.ch\/fr\/news\/pourquoi-la-suisse-devrait-adherer-a-erasmus\/","name":"Pourquoi la Suisse devrait adh\u00e9rer \u00e0 Erasmus+ - FSEA","isPartOf":{"@id":"https:\/\/alice.ch\/fr\/#website"},"primaryImageOfPage":{"@id":"https:\/\/alice.ch\/fr\/news\/pourquoi-la-suisse-devrait-adherer-a-erasmus\/#primaryimage"},"image":{"@id":"https:\/\/alice.ch\/fr\/news\/pourquoi-la-suisse-devrait-adherer-a-erasmus\/#primaryimage"},"thumbnailUrl":"https:\/\/alice.ch\/app\/uploads\/2026\/04\/antoine-schibler-KF3Ty-K6NVA-unsplash1.jpg","datePublished":"2026-04-27T07:02:26+00:00","dateModified":"2026-04-28T08:49:44+00:00","breadcrumb":{"@id":"https:\/\/alice.ch\/fr\/news\/pourquoi-la-suisse-devrait-adherer-a-erasmus\/#breadcrumb"},"inLanguage":"fr-FR","potentialAction":[{"@type":"ReadAction","target":["https:\/\/alice.ch\/fr\/news\/pourquoi-la-suisse-devrait-adherer-a-erasmus\/"]}]},{"@type":"ImageObject","inLanguage":"fr-FR","@id":"https:\/\/alice.ch\/fr\/news\/pourquoi-la-suisse-devrait-adherer-a-erasmus\/#primaryimage","url":"https:\/\/alice.ch\/app\/uploads\/2026\/04\/antoine-schibler-KF3Ty-K6NVA-unsplash1.jpg","contentUrl":"https:\/\/alice.ch\/app\/uploads\/2026\/04\/antoine-schibler-KF3Ty-K6NVA-unsplash1.jpg","width":1200,"height":627},{"@type":"BreadcrumbList","@id":"https:\/\/alice.ch\/fr\/news\/pourquoi-la-suisse-devrait-adherer-a-erasmus\/#breadcrumb","itemListElement":[{"@type":"ListItem","position":1,"name":"Page d'accueil","item":"https:\/\/alice.ch\/fr\/"},{"@type":"ListItem","position":2,"name":"Pourquoi la Suisse devrait adh\u00e9rer \u00e0 Erasmus+"}]},{"@type":"WebSite","@id":"https:\/\/alice.ch\/fr\/#website","url":"https:\/\/alice.ch\/fr\/","name":"alice.ch (Adult Learning Information Center) ist das Portal der Weiterbildung in der Schweiz.","description":"Schweizerischer Verband f\u00fcr Weiterbildung","publisher":{"@id":"https:\/\/alice.ch\/fr\/#organization"},"potentialAction":[{"@type":"SearchAction","target":{"@type":"EntryPoint","urlTemplate":"https:\/\/alice.ch\/fr\/?s={search_term_string}"},"query-input":{"@type":"PropertyValueSpecification","valueRequired":true,"valueName":"search_term_string"}}],"inLanguage":"fr-FR"},{"@type":"Organization","@id":"https:\/\/alice.ch\/fr\/#organization","name":"FSEA F\u00e9d\u00e9ration suisse pour la formation continue","url":"https:\/\/alice.ch\/fr\/","logo":{"@type":"ImageObject","inLanguage":"fr-FR","@id":"https:\/\/alice.ch\/fr\/#\/schema\/logo\/image\/","url":"https:\/\/alice.ch\/app\/uploads\/2022\/07\/logo-sveb.png","contentUrl":"https:\/\/alice.ch\/app\/uploads\/2022\/07\/logo-sveb.png","width":145,"height":64,"caption":"FSEA F\u00e9d\u00e9ration suisse pour la formation continue"},"image":{"@id":"https:\/\/alice.ch\/fr\/#\/schema\/logo\/image\/"},"sameAs":["https:\/\/www.linkedin.com\/company\/schweizerischer-verband-fr-weiterbildung-sveb\/"]}]}},"_links":{"self":[{"href":"https:\/\/alice.ch\/fr\/wp-json\/wp\/v2\/news\/75243","targetHints":{"allow":["GET"]}}],"collection":[{"href":"https:\/\/alice.ch\/fr\/wp-json\/wp\/v2\/news"}],"about":[{"href":"https:\/\/alice.ch\/fr\/wp-json\/wp\/v2\/types\/news"}],"author":[{"embeddable":true,"href":"https:\/\/alice.ch\/fr\/wp-json\/wp\/v2\/users\/27"}],"version-history":[{"count":1,"href":"https:\/\/alice.ch\/fr\/wp-json\/wp\/v2\/news\/75243\/revisions"}],"predecessor-version":[{"id":75244,"href":"https:\/\/alice.ch\/fr\/wp-json\/wp\/v2\/news\/75243\/revisions\/75244"}],"wp:featuredmedia":[{"embeddable":true,"href":"https:\/\/alice.ch\/fr\/wp-json\/wp\/v2\/media\/75143"}],"wp:attachment":[{"href":"https:\/\/alice.ch\/fr\/wp-json\/wp\/v2\/media?parent=75243"}],"wp:term":[{"taxonomy":"news-category","embeddable":true,"href":"https:\/\/alice.ch\/fr\/wp-json\/wp\/v2\/news-category?post=75243"},{"taxonomy":"global-category","embeddable":true,"href":"https:\/\/alice.ch\/fr\/wp-json\/wp\/v2\/global-category?post=75243"}],"curies":[{"name":"wp","href":"https:\/\/api.w.org\/{rel}","templated":true}]}}