{"id":75245,"date":"2026-04-30T09:14:35","date_gmt":"2026-04-30T07:14:35","guid":{"rendered":"https:\/\/alice.ch\/?post_type=news&#038;p=75245"},"modified":"2026-04-30T09:14:15","modified_gmt":"2026-04-30T07:14:15","slug":"pour-des-organisations-de-formation-continue-plus-respectueuses-du-climat-nouvelle-offre-de-la-fsea-et-de-myclimate","status":"publish","type":"news","link":"https:\/\/alice.ch\/fr\/news\/pour-des-organisations-de-formation-continue-plus-respectueuses-du-climat-nouvelle-offre-de-la-fsea-et-de-myclimate\/","title":{"rendered":"Pour des organisations de formation continue plus respectueuses du climat \u2013 nouvelle offre de la FSEA et de myclimate"},"content":{"rendered":"\n<p class=\"is-style-lead\">En collaboration avec myclimate, la FSEA proposera d\u00e8s septembre 2026 des ateliers et un accompagnement aux organisations de formation continue qui souhaitent s\u2019orienter vers un mode de fonctionnement plus durable.<\/p>\n\n\n\n<p>Comment mon organisation de formation continue peut-elle agir de mani\u00e8re plus durable? Pour r\u00e9pondre \u00e0 cela, la FSEA propose un atelier interactif ax\u00e9 sur la pratique, pendant lequel les organisations de formation continue pourront se pencher de mani\u00e8re approfondie sur le bilan climatique de leur propre organisation, identifier le potentiel de renforcement de ce bilan et d\u00e9finir des mesures concr\u00e8tes. Des expertes et experts de myclimate aideront les personnes participantes \u00e0 trouver les leviers adapt\u00e9s \u00e0 leur propre organisation. L\u2019atelier dure une apr\u00e8s-midi.<\/p>\n\n\n\n<p>L\u2019atelier et les mesures d\u2019accompagnement s\u2019appuient sur le \u00abClimate-Check\u00bb, un outil d\u2019analyse pour le d\u00e9veloppement durable des organisations de formation continue. Outre le travail sur le \u00abClimate-Check\u00bb, l\u2019atelier offre un espace pour les apports techniques de myclimate ainsi que pour un \u00e9change actif entre les personnes participantes. L\u2019atelier convient \u00e9galement aux organisations qui se sont d\u00e9j\u00e0 pench\u00e9es sur leur empreinte climatique et qui souhaitent b\u00e9n\u00e9ficier de conseils pour les prochaines \u00e9tapes.<\/p>\n\n\n\n<p>\u00c0 l\u2019issue de l\u2019atelier, les personnes participantes disposeront d\u2019environ trois mois pour d\u00e9velopper, tester et mettre en \u0153uvre les mesures. Pendant cette phase, les expertes et experts se tiendront \u00e0 la disposition des personnes participantes pour r\u00e9pondre \u00e0 leurs besoins. Un \u00e9v\u00e9nement de cl\u00f4ture en ligne permettra l\u2019\u00e9change et la r\u00e9flexion en commun.<\/p>\n\n\n\n<p>L\u2019atelier se tiendra aussi bien en Suisse al\u00e9manique (10 septembre 2026, r\u00e9gion de Zurich) qu\u2019en Suisse romande (10 novembre 2026, r\u00e9gion de Lausanne). Les dates de l\u2019\u00e9v\u00e8nement de cl\u00f4ture en ligne seront fix\u00e9es en concertation avec les personnes participantes. Cette offre s\u2019adresse \u00e0 toutes les organisations de formation continue int\u00e9ress\u00e9es.<\/p>\n\n\n\n<p>Si vous avez des questions, n\u2019h\u00e9sitez pas \u00e0 nous contacter (<a href=\"mailto:adea.barileva@alice.ch\">adea.barileva@alice.ch<\/a>).<\/p>\n\n\n\n<h2 class=\"wp-block-heading\">Plus d&rsquo;informations<\/h2>\n\n\n\n<figure class=\"wp-block-embed is-type-wp-embed is-provider-sveb wp-block-embed-sveb\"><div class=\"wp-block-embed__wrapper\">\n<blockquote class=\"wp-embedded-content\" data-secret=\"escGXpL3sr\"><a href=\"https:\/\/alice.ch\/fr\/event\/bilan-climatique-agir-de-maniere-plus-respectueuse-du-climat-en-tant-quinstitution\/\">\u00abClimate Check\u00bb: agir de mani\u00e8re plus respectueuse du climat en tant qu\u2019institution<\/a><\/blockquote><iframe class=\"wp-embedded-content\" sandbox=\"allow-scripts\" security=\"restricted\" style=\"position: absolute; visibility: hidden;\" title=\"&#8220;\u00abClimate Check\u00bb: agir de mani\u00e8re plus respectueuse du climat en tant qu\u2019institution&#8221; &#8212; SVEB\" src=\"https:\/\/alice.ch\/fr\/event\/bilan-climatique-agir-de-maniere-plus-respectueuse-du-climat-en-tant-quinstitution\/embed\/#?secret=3Txdx9b5Ks#?secret=escGXpL3sr\" data-secret=\"escGXpL3sr\" width=\"500\" height=\"282\" frameborder=\"0\" marginwidth=\"0\" marginheight=\"0\" scrolling=\"no\"><\/iframe>\n<\/div><\/figure>\n\n\n\n<div class=\"wp-block-buttons is-layout-flex wp-block-buttons-is-layout-flex\">\n<div class=\"wp-block-button has-custom-width wp-block-button__width-100 is-style-minimal\"><a class=\"wp-block-button__link wp-element-button\" href=\"https:\/\/alice.ch\/fr\/project\/klima-check\/\">\u00abClimate Check\u00bb<\/a><\/div>\n<\/div>\n","protected":false},"excerpt":{"rendered":"<p>En collaboration avec myclimate, la FSEA proposera d\u00e8s septembre 2026 des ateliers et un accompagnement aux organisations de formation continue [&hellip;]<\/p>\n","protected":false},"author":27,"featured_media":75157,"template":"","meta":{"_acf_changed":false,"inline_featured_image":false,"footnotes":""},"news-category":[342],"global-category":[449],"class_list":["post-75245","news","type-news","status-publish","has-post-thumbnail","hentry","news-category-durabilite","global-category-klima-check-fr"],"acf":[],"yoast_head":"<!-- This site is optimized with the Yoast SEO plugin v27.3 - https:\/\/yoast.com\/product\/yoast-seo-wordpress\/ -->\n<title>Pour des organisations de formation continue plus respectueuses du climat \u2013 nouvelle offre de la FSEA et de myclimate - FSEA<\/title>\n<meta name=\"robots\" content=\"index, follow, max-snippet:-1, max-image-preview:large, max-video-preview:-1\" \/>\n<link rel=\"canonical\" href=\"https:\/\/alice.ch\/fr\/news\/pour-des-organisations-de-formation-continue-plus-respectueuses-du-climat-nouvelle-offre-de-la-fsea-et-de-myclimate\/\" \/>\n<meta property=\"og:locale\" content=\"fr_FR\" \/>\n<meta property=\"og:type\" content=\"article\" \/>\n<meta property=\"og:title\" content=\"Pour des organisations de formation continue plus respectueuses du climat \u2013 nouvelle offre de la FSEA et de myclimate - FSEA\" \/>\n<meta property=\"og:description\" content=\"En collaboration avec myclimate, la FSEA proposera d\u00e8s septembre 2026 des ateliers et un accompagnement aux organisations de formation continue [&hellip;]\" \/>\n<meta property=\"og:url\" content=\"https:\/\/alice.ch\/fr\/news\/pour-des-organisations-de-formation-continue-plus-respectueuses-du-climat-nouvelle-offre-de-la-fsea-et-de-myclimate\/\" \/>\n<meta property=\"og:site_name\" content=\"SVEB\" \/>\n<meta property=\"og:image\" content=\"https:\/\/alice.ch\/app\/uploads\/2026\/04\/getty-images-Pz-FR0j7QEM-unsplash1.jpg\" \/>\n\t<meta property=\"og:image:width\" content=\"1200\" \/>\n\t<meta property=\"og:image:height\" content=\"627\" \/>\n\t<meta property=\"og:image:type\" content=\"image\/jpeg\" \/>\n<meta name=\"twitter:card\" content=\"summary_large_image\" \/>\n<meta name=\"twitter:label1\" content=\"Dur\u00e9e de lecture estim\u00e9e\" \/>\n\t<meta name=\"twitter:data1\" content=\"2 minutes\" \/>\n<script type=\"application\/ld+json\" class=\"yoast-schema-graph\">{\"@context\":\"https:\\\/\\\/schema.org\",\"@graph\":[{\"@type\":\"WebPage\",\"@id\":\"https:\\\/\\\/alice.ch\\\/fr\\\/news\\\/pour-des-organisations-de-formation-continue-plus-respectueuses-du-climat-nouvelle-offre-de-la-fsea-et-de-myclimate\\\/\",\"url\":\"https:\\\/\\\/alice.ch\\\/fr\\\/news\\\/pour-des-organisations-de-formation-continue-plus-respectueuses-du-climat-nouvelle-offre-de-la-fsea-et-de-myclimate\\\/\",\"name\":\"Pour des organisations de formation continue plus respectueuses du climat \u2013 nouvelle offre de la FSEA et de myclimate - FSEA\",\"isPartOf\":{\"@id\":\"https:\\\/\\\/alice.ch\\\/fr\\\/#website\"},\"primaryImageOfPage\":{\"@id\":\"https:\\\/\\\/alice.ch\\\/fr\\\/news\\\/pour-des-organisations-de-formation-continue-plus-respectueuses-du-climat-nouvelle-offre-de-la-fsea-et-de-myclimate\\\/#primaryimage\"},\"image\":{\"@id\":\"https:\\\/\\\/alice.ch\\\/fr\\\/news\\\/pour-des-organisations-de-formation-continue-plus-respectueuses-du-climat-nouvelle-offre-de-la-fsea-et-de-myclimate\\\/#primaryimage\"},\"thumbnailUrl\":\"https:\\\/\\\/alice.ch\\\/app\\\/uploads\\\/2026\\\/04\\\/getty-images-Pz-FR0j7QEM-unsplash1.jpg\",\"datePublished\":\"2026-04-30T07:14:35+00:00\",\"breadcrumb\":{\"@id\":\"https:\\\/\\\/alice.ch\\\/fr\\\/news\\\/pour-des-organisations-de-formation-continue-plus-respectueuses-du-climat-nouvelle-offre-de-la-fsea-et-de-myclimate\\\/#breadcrumb\"},\"inLanguage\":\"fr-FR\",\"potentialAction\":[{\"@type\":\"ReadAction\",\"target\":[\"https:\\\/\\\/alice.ch\\\/fr\\\/news\\\/pour-des-organisations-de-formation-continue-plus-respectueuses-du-climat-nouvelle-offre-de-la-fsea-et-de-myclimate\\\/\"]}]},{\"@type\":\"ImageObject\",\"inLanguage\":\"fr-FR\",\"@id\":\"https:\\\/\\\/alice.ch\\\/fr\\\/news\\\/pour-des-organisations-de-formation-continue-plus-respectueuses-du-climat-nouvelle-offre-de-la-fsea-et-de-myclimate\\\/#primaryimage\",\"url\":\"https:\\\/\\\/alice.ch\\\/app\\\/uploads\\\/2026\\\/04\\\/getty-images-Pz-FR0j7QEM-unsplash1.jpg\",\"contentUrl\":\"https:\\\/\\\/alice.ch\\\/app\\\/uploads\\\/2026\\\/04\\\/getty-images-Pz-FR0j7QEM-unsplash1.jpg\",\"width\":1200,\"height\":627},{\"@type\":\"BreadcrumbList\",\"@id\":\"https:\\\/\\\/alice.ch\\\/fr\\\/news\\\/pour-des-organisations-de-formation-continue-plus-respectueuses-du-climat-nouvelle-offre-de-la-fsea-et-de-myclimate\\\/#breadcrumb\",\"itemListElement\":[{\"@type\":\"ListItem\",\"position\":1,\"name\":\"Page d'accueil\",\"item\":\"https:\\\/\\\/alice.ch\\\/fr\\\/\"},{\"@type\":\"ListItem\",\"position\":2,\"name\":\"Pour des organisations de formation continue plus respectueuses du climat \u2013 nouvelle offre de la FSEA et de myclimate\"}]},{\"@type\":\"WebSite\",\"@id\":\"https:\\\/\\\/alice.ch\\\/fr\\\/#website\",\"url\":\"https:\\\/\\\/alice.ch\\\/fr\\\/\",\"name\":\"alice.ch (Adult Learning Information Center) ist das Portal der Weiterbildung in der Schweiz.\",\"description\":\"Schweizerischer Verband f\u00fcr Weiterbildung\",\"publisher\":{\"@id\":\"https:\\\/\\\/alice.ch\\\/fr\\\/#organization\"},\"potentialAction\":[{\"@type\":\"SearchAction\",\"target\":{\"@type\":\"EntryPoint\",\"urlTemplate\":\"https:\\\/\\\/alice.ch\\\/fr\\\/?s={search_term_string}\"},\"query-input\":{\"@type\":\"PropertyValueSpecification\",\"valueRequired\":true,\"valueName\":\"search_term_string\"}}],\"inLanguage\":\"fr-FR\"},{\"@type\":\"Organization\",\"@id\":\"https:\\\/\\\/alice.ch\\\/fr\\\/#organization\",\"name\":\"FSEA F\u00e9d\u00e9ration suisse pour la formation continue\",\"url\":\"https:\\\/\\\/alice.ch\\\/fr\\\/\",\"logo\":{\"@type\":\"ImageObject\",\"inLanguage\":\"fr-FR\",\"@id\":\"https:\\\/\\\/alice.ch\\\/fr\\\/#\\\/schema\\\/logo\\\/image\\\/\",\"url\":\"https:\\\/\\\/alice.ch\\\/app\\\/uploads\\\/2022\\\/07\\\/logo-sveb.png\",\"contentUrl\":\"https:\\\/\\\/alice.ch\\\/app\\\/uploads\\\/2022\\\/07\\\/logo-sveb.png\",\"width\":145,\"height\":64,\"caption\":\"FSEA F\u00e9d\u00e9ration suisse pour la formation continue\"},\"image\":{\"@id\":\"https:\\\/\\\/alice.ch\\\/fr\\\/#\\\/schema\\\/logo\\\/image\\\/\"},\"sameAs\":[\"https:\\\/\\\/www.linkedin.com\\\/company\\\/schweizerischer-verband-fr-weiterbildung-sveb\\\/\"]}]}<\/script>\n<!-- \/ Yoast SEO plugin. -->","yoast_head_json":{"title":"Pour des organisations de formation continue plus respectueuses du climat \u2013 nouvelle offre de la FSEA et de myclimate - FSEA","robots":{"index":"index","follow":"follow","max-snippet":"max-snippet:-1","max-image-preview":"max-image-preview:large","max-video-preview":"max-video-preview:-1"},"canonical":"https:\/\/alice.ch\/fr\/news\/pour-des-organisations-de-formation-continue-plus-respectueuses-du-climat-nouvelle-offre-de-la-fsea-et-de-myclimate\/","og_locale":"fr_FR","og_type":"article","og_title":"Pour des organisations de formation continue plus respectueuses du climat \u2013 nouvelle offre de la FSEA et de myclimate - FSEA","og_description":"En collaboration avec myclimate, la FSEA proposera d\u00e8s septembre 2026 des ateliers et un accompagnement aux organisations de formation continue [&hellip;]","og_url":"https:\/\/alice.ch\/fr\/news\/pour-des-organisations-de-formation-continue-plus-respectueuses-du-climat-nouvelle-offre-de-la-fsea-et-de-myclimate\/","og_site_name":"SVEB","og_image":[{"width":1200,"height":627,"url":"https:\/\/alice.ch\/app\/uploads\/2026\/04\/getty-images-Pz-FR0j7QEM-unsplash1.jpg","type":"image\/jpeg"}],"twitter_card":"summary_large_image","twitter_misc":{"Dur\u00e9e de lecture estim\u00e9e":"2 minutes"},"schema":{"@context":"https:\/\/schema.org","@graph":[{"@type":"WebPage","@id":"https:\/\/alice.ch\/fr\/news\/pour-des-organisations-de-formation-continue-plus-respectueuses-du-climat-nouvelle-offre-de-la-fsea-et-de-myclimate\/","url":"https:\/\/alice.ch\/fr\/news\/pour-des-organisations-de-formation-continue-plus-respectueuses-du-climat-nouvelle-offre-de-la-fsea-et-de-myclimate\/","name":"Pour des organisations de formation continue plus respectueuses du climat \u2013 nouvelle offre de la FSEA et de myclimate - FSEA","isPartOf":{"@id":"https:\/\/alice.ch\/fr\/#website"},"primaryImageOfPage":{"@id":"https:\/\/alice.ch\/fr\/news\/pour-des-organisations-de-formation-continue-plus-respectueuses-du-climat-nouvelle-offre-de-la-fsea-et-de-myclimate\/#primaryimage"},"image":{"@id":"https:\/\/alice.ch\/fr\/news\/pour-des-organisations-de-formation-continue-plus-respectueuses-du-climat-nouvelle-offre-de-la-fsea-et-de-myclimate\/#primaryimage"},"thumbnailUrl":"https:\/\/alice.ch\/app\/uploads\/2026\/04\/getty-images-Pz-FR0j7QEM-unsplash1.jpg","datePublished":"2026-04-30T07:14:35+00:00","breadcrumb":{"@id":"https:\/\/alice.ch\/fr\/news\/pour-des-organisations-de-formation-continue-plus-respectueuses-du-climat-nouvelle-offre-de-la-fsea-et-de-myclimate\/#breadcrumb"},"inLanguage":"fr-FR","potentialAction":[{"@type":"ReadAction","target":["https:\/\/alice.ch\/fr\/news\/pour-des-organisations-de-formation-continue-plus-respectueuses-du-climat-nouvelle-offre-de-la-fsea-et-de-myclimate\/"]}]},{"@type":"ImageObject","inLanguage":"fr-FR","@id":"https:\/\/alice.ch\/fr\/news\/pour-des-organisations-de-formation-continue-plus-respectueuses-du-climat-nouvelle-offre-de-la-fsea-et-de-myclimate\/#primaryimage","url":"https:\/\/alice.ch\/app\/uploads\/2026\/04\/getty-images-Pz-FR0j7QEM-unsplash1.jpg","contentUrl":"https:\/\/alice.ch\/app\/uploads\/2026\/04\/getty-images-Pz-FR0j7QEM-unsplash1.jpg","width":1200,"height":627},{"@type":"BreadcrumbList","@id":"https:\/\/alice.ch\/fr\/news\/pour-des-organisations-de-formation-continue-plus-respectueuses-du-climat-nouvelle-offre-de-la-fsea-et-de-myclimate\/#breadcrumb","itemListElement":[{"@type":"ListItem","position":1,"name":"Page d'accueil","item":"https:\/\/alice.ch\/fr\/"},{"@type":"ListItem","position":2,"name":"Pour des organisations de formation continue plus respectueuses du climat \u2013 nouvelle offre de la FSEA et de myclimate"}]},{"@type":"WebSite","@id":"https:\/\/alice.ch\/fr\/#website","url":"https:\/\/alice.ch\/fr\/","name":"alice.ch (Adult Learning Information Center) ist das Portal der Weiterbildung in der Schweiz.","description":"Schweizerischer Verband f\u00fcr Weiterbildung","publisher":{"@id":"https:\/\/alice.ch\/fr\/#organization"},"potentialAction":[{"@type":"SearchAction","target":{"@type":"EntryPoint","urlTemplate":"https:\/\/alice.ch\/fr\/?s={search_term_string}"},"query-input":{"@type":"PropertyValueSpecification","valueRequired":true,"valueName":"search_term_string"}}],"inLanguage":"fr-FR"},{"@type":"Organization","@id":"https:\/\/alice.ch\/fr\/#organization","name":"FSEA F\u00e9d\u00e9ration suisse pour la formation continue","url":"https:\/\/alice.ch\/fr\/","logo":{"@type":"ImageObject","inLanguage":"fr-FR","@id":"https:\/\/alice.ch\/fr\/#\/schema\/logo\/image\/","url":"https:\/\/alice.ch\/app\/uploads\/2022\/07\/logo-sveb.png","contentUrl":"https:\/\/alice.ch\/app\/uploads\/2022\/07\/logo-sveb.png","width":145,"height":64,"caption":"FSEA F\u00e9d\u00e9ration suisse pour la formation continue"},"image":{"@id":"https:\/\/alice.ch\/fr\/#\/schema\/logo\/image\/"},"sameAs":["https:\/\/www.linkedin.com\/company\/schweizerischer-verband-fr-weiterbildung-sveb\/"]}]}},"_links":{"self":[{"href":"https:\/\/alice.ch\/fr\/wp-json\/wp\/v2\/news\/75245","targetHints":{"allow":["GET"]}}],"collection":[{"href":"https:\/\/alice.ch\/fr\/wp-json\/wp\/v2\/news"}],"about":[{"href":"https:\/\/alice.ch\/fr\/wp-json\/wp\/v2\/types\/news"}],"author":[{"embeddable":true,"href":"https:\/\/alice.ch\/fr\/wp-json\/wp\/v2\/users\/27"}],"version-history":[{"count":2,"href":"https:\/\/alice.ch\/fr\/wp-json\/wp\/v2\/news\/75245\/revisions"}],"predecessor-version":[{"id":75316,"href":"https:\/\/alice.ch\/fr\/wp-json\/wp\/v2\/news\/75245\/revisions\/75316"}],"wp:featuredmedia":[{"embeddable":true,"href":"https:\/\/alice.ch\/fr\/wp-json\/wp\/v2\/media\/75157"}],"wp:attachment":[{"href":"https:\/\/alice.ch\/fr\/wp-json\/wp\/v2\/media?parent=75245"}],"wp:term":[{"taxonomy":"news-category","embeddable":true,"href":"https:\/\/alice.ch\/fr\/wp-json\/wp\/v2\/news-category?post=75245"},{"taxonomy":"global-category","embeddable":true,"href":"https:\/\/alice.ch\/fr\/wp-json\/wp\/v2\/global-category?post=75245"}],"curies":[{"name":"wp","href":"https:\/\/api.w.org\/{rel}","templated":true}]}}