{"id":75174,"date":"2026-04-13T10:45:20","date_gmt":"2026-04-13T08:45:20","guid":{"rendered":"https:\/\/alice.ch\/?post_type=news&#038;p=75174"},"modified":"2026-04-27T13:53:46","modified_gmt":"2026-04-27T11:53:46","slug":"favoriser-lemployabilite-mais-comment","status":"publish","type":"news","link":"https:\/\/alice.ch\/it\/news\/favoriser-lemployabilite-mais-comment\/","title":{"rendered":"Promuovere l&#8217;occupabilit\u00e0 \u2013 ma come?\u00a0"},"content":{"rendered":"\n<p class=\"is-style-lead\">La citt\u00e0 di Zurigo intende promuovere l&#8217;occupabilit\u00e0 degli adulti e a tal fine lancia un bando per il finanziamento di progetti e programmi. Saranno sostenute in particolare le idee che facilitano l&#8217;accesso alla formazione continua e a percorsi di qualificazione.&nbsp;<\/p>\n\n\n\n<p>La citt\u00e0 di Zurigo desidera sostenere le persone adulte residenti in citt\u00e0 che hanno qualifiche scarse o inadeguate. Con il \u00abfondo speciale per la promozione dell\u2019occupabilit\u00e0\u00bb, dispone, a quanto <a href=\"https:\/\/www.stadt-zuerich.ch\/de\/bildung\/berufsberatung-laufbahnberatung\/fuer-firmen-organisationen\/arbeitsmarktfaehigkeit-foerdern.html\" target=\"_blank\" rel=\"noreferrer noopener\">comunica<\/a>, di risorse finanziarie pari a circa tre milioni di franchi per finanziare progetti e programmi innovativi volti a rafforzare l\u2019occupabilit\u00e0. Dal mese di giugno fino al 15 settembre 2026, gli \u00abenti privati\u00bb potranno <a href=\"https:\/\/www.stadt-zuerich.ch\/de\/bildung\/berufsberatung-laufbahnberatung\/fuer-firmen-organisationen\/arbeitsmarktfaehigkeit-foerdern.html\" target=\"_blank\" rel=\"noreferrer noopener\">presentare<\/a> domande per progetti e programmi.&nbsp;<\/p>\n\n\n\n<p>L&#8217;obiettivo: rafforzare l&#8217;occupabilit\u00e0 del gruppo target. Con questa espressione si intende la \u00abcapacit\u00e0 di una persona di adattare e utilizzare in modo mirato e autonomo le proprie competenze professionali, sociali e metodologiche in condizioni mutevoli sul mercato del lavoro, al fine di ottenere o mantenere un impiego\u00bb.&nbsp;<\/p>\n\n\n\n<h2 class=\"wp-block-heading\">Rivolto agli adulti senza titolo di studio\u00a0<\/h2>\n\n\n\n<p>Il gruppo target comprende adulti senza un titolo di studio post-obbligatorio riconosciuto (livello secondario II o terziario) o con una formazione che non soddisfa (pi\u00f9) le esigenze del mercato del lavoro. Gli adolescenti e i giovani adulti senza formazione iniziale e le persone che beneficiano dell&#8217;assistenza sociale non fanno parte del gruppo target, poich\u00e9 nella citt\u00e0 di Zurigo per questi gruppi sono gi\u00e0 disponibili diverse offerte, precisa il comunicato.&nbsp;<\/p>\n\n\n\n<p>Le persone adulte poco qualificate sono colpite in misura superiore alla media dalla disoccupazione o da situazioni lavorative precarie. Inoltre, partecipano solo raramente a corsi di formazione professionale continua, sebbene ne trarrebbero particolare beneficio. Rafforzando la loro occupabilit\u00e0, possono ridurre il rischio e la durata della disoccupazione e migliorare in modo duraturo la loro situazione lavorativa, scrive la citt\u00e0.&nbsp;<\/p>\n\n\n\n<h2 class=\"wp-block-heading\">Criteri di selezione\u00a0<\/h2>\n\n\n\n<p>I progetti e i programmi candidabili al sostegno devono perseguire almeno uno dei seguenti obiettivi di promozione:&nbsp;<\/p>\n\n\n\n<ul class=\"wp-block-list\">\n<li>migliorare l&#8217;accesso (a offerte, informazioni, risorse, reti);\u00a0<\/li>\n\n\n\n<li>ridurre le barriere alla formazione continua;\u00a0<\/li>\n\n\n\n<li>colmare lacune nell&#8217;offerta nel settore delle competenze di base;\u00a0<\/li>\n\n\n\n<li>sviluppare misure di qualificazione rilevanti per il mercato del lavoro.\u00a0<\/li>\n<\/ul>\n\n\n\n<p>Nella valutazione delle candidature vengono inoltre presi in considerazione il raggiungimento dei gruppi target, l&#8217;empowerment, il carattere innovativo con potenziale di trasferibilit\u00e0 e replicabilit\u00e0, la fattibilit\u00e0, la dimostrazione dell&#8217;efficacia e la sostenibilit\u00e0.&nbsp;<\/p>\n\n\n\n<p>In occasione di un <a href=\"https:\/\/www.stadt-zuerich.ch\/de\/aktuell\/veranstaltungen\/bildung\/berufsberatung-laufbahnberatung\/hackathon.html\" target=\"_blank\" rel=\"noreferrer noopener\">hackathon che si terr\u00e0 il 4 giugno 2026<\/a>, gli enti privati avranno l&#8217;opportunit\u00e0 di sviluppare insieme idee innovative per promuovere l&#8217;occupabilit\u00e0 delle persone adulte e di creare una rete di contatti.&nbsp;<\/p>\n\n\n\n<h2 class=\"wp-block-heading\">Maggiori informazioni<\/h2>\n\n\n\n<div class=\"wp-block-buttons is-layout-flex wp-block-buttons-is-layout-flex\">\n<div class=\"wp-block-button has-custom-width wp-block-button__width-100 is-style-minimal\"><a class=\"wp-block-button__link wp-element-button\" href=\"https:\/\/www.stadt-zuerich.ch\/de\/bildung\/berufsberatung-laufbahnberatung\/fuer-firmen-organisationen\/arbeitsmarktfaehigkeit-foerdern.html\" target=\"_blank\" rel=\"noreferrer noopener\">informazioni della citt\u00e0 di Zurigo<\/a><\/div>\n<\/div>\n","protected":false},"excerpt":{"rendered":"<p>La citt\u00e0 di Zurigo intende promuovere l&#8217;occupabilit\u00e0 degli adulti e a tal fine lancia un bando per il finanziamento di [&hellip;]<\/p>\n","protected":false},"author":27,"featured_media":74927,"template":"","meta":{"_acf_changed":false,"inline_featured_image":false,"footnotes":""},"news-category":[78],"global-category":[],"class_list":["post-75174","news","type-news","status-publish","has-post-thumbnail","hentry","news-category-competenze-di-base"],"acf":[],"yoast_head":"<!-- This site is optimized with the Yoast SEO plugin v27.3 - https:\/\/yoast.com\/product\/yoast-seo-wordpress\/ -->\n<title>Promuovere l&#039;occupabilit\u00e0 \u2013 ma come?\u00a0 - FSEA<\/title>\n<meta name=\"robots\" content=\"index, follow, max-snippet:-1, max-image-preview:large, max-video-preview:-1\" \/>\n<link rel=\"canonical\" href=\"https:\/\/alice.ch\/it\/news\/favoriser-lemployabilite-mais-comment\/\" \/>\n<meta property=\"og:locale\" content=\"it_IT\" \/>\n<meta property=\"og:type\" content=\"article\" \/>\n<meta property=\"og:title\" content=\"Promuovere l&#039;occupabilit\u00e0 \u2013 ma come?\u00a0 - FSEA\" \/>\n<meta property=\"og:description\" content=\"La citt\u00e0 di Zurigo intende promuovere l&#8217;occupabilit\u00e0 degli adulti e a tal fine lancia un bando per il finanziamento di [&hellip;]\" \/>\n<meta property=\"og:url\" content=\"https:\/\/alice.ch\/it\/news\/favoriser-lemployabilite-mais-comment\/\" \/>\n<meta property=\"og:site_name\" content=\"SVEB\" \/>\n<meta property=\"article:modified_time\" content=\"2026-04-27T11:53:46+00:00\" \/>\n<meta property=\"og:image\" content=\"https:\/\/alice.ch\/app\/uploads\/2026\/04\/getty-images-I3PwGB4RZKM-unsplash1.jpg\" \/>\n\t<meta property=\"og:image:width\" content=\"1200\" \/>\n\t<meta property=\"og:image:height\" content=\"627\" \/>\n\t<meta property=\"og:image:type\" content=\"image\/jpeg\" \/>\n<meta name=\"twitter:card\" content=\"summary_large_image\" \/>\n<meta name=\"twitter:label1\" content=\"Tempo di lettura stimato\" \/>\n\t<meta name=\"twitter:data1\" content=\"2 minuti\" \/>\n<script type=\"application\/ld+json\" class=\"yoast-schema-graph\">{\"@context\":\"https:\\\/\\\/schema.org\",\"@graph\":[{\"@type\":\"WebPage\",\"@id\":\"https:\\\/\\\/alice.ch\\\/it\\\/news\\\/favoriser-lemployabilite-mais-comment\\\/\",\"url\":\"https:\\\/\\\/alice.ch\\\/it\\\/news\\\/favoriser-lemployabilite-mais-comment\\\/\",\"name\":\"Promuovere l'occupabilit\u00e0 \u2013 ma come?\u00a0 - FSEA\",\"isPartOf\":{\"@id\":\"https:\\\/\\\/alice.ch\\\/it\\\/#website\"},\"primaryImageOfPage\":{\"@id\":\"https:\\\/\\\/alice.ch\\\/it\\\/news\\\/favoriser-lemployabilite-mais-comment\\\/#primaryimage\"},\"image\":{\"@id\":\"https:\\\/\\\/alice.ch\\\/it\\\/news\\\/favoriser-lemployabilite-mais-comment\\\/#primaryimage\"},\"thumbnailUrl\":\"https:\\\/\\\/alice.ch\\\/app\\\/uploads\\\/2026\\\/04\\\/getty-images-I3PwGB4RZKM-unsplash1.jpg\",\"datePublished\":\"2026-04-13T08:45:20+00:00\",\"dateModified\":\"2026-04-27T11:53:46+00:00\",\"breadcrumb\":{\"@id\":\"https:\\\/\\\/alice.ch\\\/it\\\/news\\\/favoriser-lemployabilite-mais-comment\\\/#breadcrumb\"},\"inLanguage\":\"it-IT\",\"potentialAction\":[{\"@type\":\"ReadAction\",\"target\":[\"https:\\\/\\\/alice.ch\\\/it\\\/news\\\/favoriser-lemployabilite-mais-comment\\\/\"]}]},{\"@type\":\"ImageObject\",\"inLanguage\":\"it-IT\",\"@id\":\"https:\\\/\\\/alice.ch\\\/it\\\/news\\\/favoriser-lemployabilite-mais-comment\\\/#primaryimage\",\"url\":\"https:\\\/\\\/alice.ch\\\/app\\\/uploads\\\/2026\\\/04\\\/getty-images-I3PwGB4RZKM-unsplash1.jpg\",\"contentUrl\":\"https:\\\/\\\/alice.ch\\\/app\\\/uploads\\\/2026\\\/04\\\/getty-images-I3PwGB4RZKM-unsplash1.jpg\",\"width\":1200,\"height\":627},{\"@type\":\"BreadcrumbList\",\"@id\":\"https:\\\/\\\/alice.ch\\\/it\\\/news\\\/favoriser-lemployabilite-mais-comment\\\/#breadcrumb\",\"itemListElement\":[{\"@type\":\"ListItem\",\"position\":1,\"name\":\"Pagina iniziale\",\"item\":\"https:\\\/\\\/alice.ch\\\/it\\\/\"},{\"@type\":\"ListItem\",\"position\":2,\"name\":\"Promuovere l&#8217;occupabilit\u00e0 \u2013 ma come?\u00a0\"}]},{\"@type\":\"WebSite\",\"@id\":\"https:\\\/\\\/alice.ch\\\/it\\\/#website\",\"url\":\"https:\\\/\\\/alice.ch\\\/it\\\/\",\"name\":\"alice.ch (Adult Learning Information Center) ist das Portal der Weiterbildung in der Schweiz.\",\"description\":\"Schweizerischer Verband f\u00fcr Weiterbildung\",\"publisher\":{\"@id\":\"https:\\\/\\\/alice.ch\\\/it\\\/#organization\"},\"potentialAction\":[{\"@type\":\"SearchAction\",\"target\":{\"@type\":\"EntryPoint\",\"urlTemplate\":\"https:\\\/\\\/alice.ch\\\/it\\\/?s={search_term_string}\"},\"query-input\":{\"@type\":\"PropertyValueSpecification\",\"valueRequired\":true,\"valueName\":\"search_term_string\"}}],\"inLanguage\":\"it-IT\"},{\"@type\":\"Organization\",\"@id\":\"https:\\\/\\\/alice.ch\\\/it\\\/#organization\",\"name\":\"FSEA Federazione svizzera per la formazione continua\",\"url\":\"https:\\\/\\\/alice.ch\\\/it\\\/\",\"logo\":{\"@type\":\"ImageObject\",\"inLanguage\":\"it-IT\",\"@id\":\"https:\\\/\\\/alice.ch\\\/it\\\/#\\\/schema\\\/logo\\\/image\\\/\",\"url\":\"https:\\\/\\\/alice.ch\\\/app\\\/uploads\\\/2022\\\/07\\\/logo-sveb.png\",\"contentUrl\":\"https:\\\/\\\/alice.ch\\\/app\\\/uploads\\\/2022\\\/07\\\/logo-sveb.png\",\"width\":145,\"height\":64,\"caption\":\"FSEA Federazione svizzera per la formazione continua\"},\"image\":{\"@id\":\"https:\\\/\\\/alice.ch\\\/it\\\/#\\\/schema\\\/logo\\\/image\\\/\"},\"sameAs\":[\"https:\\\/\\\/www.linkedin.com\\\/company\\\/schweizerischer-verband-fr-weiterbildung-sveb\\\/\"]}]}<\/script>\n<!-- \/ Yoast SEO plugin. -->","yoast_head_json":{"title":"Promuovere l'occupabilit\u00e0 \u2013 ma come?\u00a0 - FSEA","robots":{"index":"index","follow":"follow","max-snippet":"max-snippet:-1","max-image-preview":"max-image-preview:large","max-video-preview":"max-video-preview:-1"},"canonical":"https:\/\/alice.ch\/it\/news\/favoriser-lemployabilite-mais-comment\/","og_locale":"it_IT","og_type":"article","og_title":"Promuovere l'occupabilit\u00e0 \u2013 ma come?\u00a0 - FSEA","og_description":"La citt\u00e0 di Zurigo intende promuovere l&#8217;occupabilit\u00e0 degli adulti e a tal fine lancia un bando per il finanziamento di [&hellip;]","og_url":"https:\/\/alice.ch\/it\/news\/favoriser-lemployabilite-mais-comment\/","og_site_name":"SVEB","article_modified_time":"2026-04-27T11:53:46+00:00","og_image":[{"width":1200,"height":627,"url":"https:\/\/alice.ch\/app\/uploads\/2026\/04\/getty-images-I3PwGB4RZKM-unsplash1.jpg","type":"image\/jpeg"}],"twitter_card":"summary_large_image","twitter_misc":{"Tempo di lettura stimato":"2 minuti"},"schema":{"@context":"https:\/\/schema.org","@graph":[{"@type":"WebPage","@id":"https:\/\/alice.ch\/it\/news\/favoriser-lemployabilite-mais-comment\/","url":"https:\/\/alice.ch\/it\/news\/favoriser-lemployabilite-mais-comment\/","name":"Promuovere l'occupabilit\u00e0 \u2013 ma come?\u00a0 - FSEA","isPartOf":{"@id":"https:\/\/alice.ch\/it\/#website"},"primaryImageOfPage":{"@id":"https:\/\/alice.ch\/it\/news\/favoriser-lemployabilite-mais-comment\/#primaryimage"},"image":{"@id":"https:\/\/alice.ch\/it\/news\/favoriser-lemployabilite-mais-comment\/#primaryimage"},"thumbnailUrl":"https:\/\/alice.ch\/app\/uploads\/2026\/04\/getty-images-I3PwGB4RZKM-unsplash1.jpg","datePublished":"2026-04-13T08:45:20+00:00","dateModified":"2026-04-27T11:53:46+00:00","breadcrumb":{"@id":"https:\/\/alice.ch\/it\/news\/favoriser-lemployabilite-mais-comment\/#breadcrumb"},"inLanguage":"it-IT","potentialAction":[{"@type":"ReadAction","target":["https:\/\/alice.ch\/it\/news\/favoriser-lemployabilite-mais-comment\/"]}]},{"@type":"ImageObject","inLanguage":"it-IT","@id":"https:\/\/alice.ch\/it\/news\/favoriser-lemployabilite-mais-comment\/#primaryimage","url":"https:\/\/alice.ch\/app\/uploads\/2026\/04\/getty-images-I3PwGB4RZKM-unsplash1.jpg","contentUrl":"https:\/\/alice.ch\/app\/uploads\/2026\/04\/getty-images-I3PwGB4RZKM-unsplash1.jpg","width":1200,"height":627},{"@type":"BreadcrumbList","@id":"https:\/\/alice.ch\/it\/news\/favoriser-lemployabilite-mais-comment\/#breadcrumb","itemListElement":[{"@type":"ListItem","position":1,"name":"Pagina iniziale","item":"https:\/\/alice.ch\/it\/"},{"@type":"ListItem","position":2,"name":"Promuovere l&#8217;occupabilit\u00e0 \u2013 ma come?\u00a0"}]},{"@type":"WebSite","@id":"https:\/\/alice.ch\/it\/#website","url":"https:\/\/alice.ch\/it\/","name":"alice.ch (Adult Learning Information Center) ist das Portal der Weiterbildung in der Schweiz.","description":"Schweizerischer Verband f\u00fcr Weiterbildung","publisher":{"@id":"https:\/\/alice.ch\/it\/#organization"},"potentialAction":[{"@type":"SearchAction","target":{"@type":"EntryPoint","urlTemplate":"https:\/\/alice.ch\/it\/?s={search_term_string}"},"query-input":{"@type":"PropertyValueSpecification","valueRequired":true,"valueName":"search_term_string"}}],"inLanguage":"it-IT"},{"@type":"Organization","@id":"https:\/\/alice.ch\/it\/#organization","name":"FSEA Federazione svizzera per la formazione continua","url":"https:\/\/alice.ch\/it\/","logo":{"@type":"ImageObject","inLanguage":"it-IT","@id":"https:\/\/alice.ch\/it\/#\/schema\/logo\/image\/","url":"https:\/\/alice.ch\/app\/uploads\/2022\/07\/logo-sveb.png","contentUrl":"https:\/\/alice.ch\/app\/uploads\/2022\/07\/logo-sveb.png","width":145,"height":64,"caption":"FSEA Federazione svizzera per la formazione continua"},"image":{"@id":"https:\/\/alice.ch\/it\/#\/schema\/logo\/image\/"},"sameAs":["https:\/\/www.linkedin.com\/company\/schweizerischer-verband-fr-weiterbildung-sveb\/"]}]}},"_links":{"self":[{"href":"https:\/\/alice.ch\/it\/wp-json\/wp\/v2\/news\/75174","targetHints":{"allow":["GET"]}}],"collection":[{"href":"https:\/\/alice.ch\/it\/wp-json\/wp\/v2\/news"}],"about":[{"href":"https:\/\/alice.ch\/it\/wp-json\/wp\/v2\/types\/news"}],"author":[{"embeddable":true,"href":"https:\/\/alice.ch\/it\/wp-json\/wp\/v2\/users\/27"}],"version-history":[{"count":2,"href":"https:\/\/alice.ch\/it\/wp-json\/wp\/v2\/news\/75174\/revisions"}],"predecessor-version":[{"id":75207,"href":"https:\/\/alice.ch\/it\/wp-json\/wp\/v2\/news\/75174\/revisions\/75207"}],"wp:featuredmedia":[{"embeddable":true,"href":"https:\/\/alice.ch\/it\/wp-json\/wp\/v2\/media\/74927"}],"wp:attachment":[{"href":"https:\/\/alice.ch\/it\/wp-json\/wp\/v2\/media?parent=75174"}],"wp:term":[{"taxonomy":"news-category","embeddable":true,"href":"https:\/\/alice.ch\/it\/wp-json\/wp\/v2\/news-category?post=75174"},{"taxonomy":"global-category","embeddable":true,"href":"https:\/\/alice.ch\/it\/wp-json\/wp\/v2\/global-category?post=75174"}],"curies":[{"name":"wp","href":"https:\/\/api.w.org\/{rel}","templated":true}]}}