{"id":75187,"date":"2026-04-22T09:20:07","date_gmt":"2026-04-22T07:20:07","guid":{"rendered":"https:\/\/alice.ch\/?post_type=news&#038;p=75187"},"modified":"2026-04-27T11:46:00","modified_gmt":"2026-04-27T09:46:00","slug":"utilizzo-dellia-nella-ricerca-di-lavoro-e-nel-reclutamento","status":"publish","type":"news","link":"https:\/\/alice.ch\/it\/news\/utilizzo-dellia-nella-ricerca-di-lavoro-e-nel-reclutamento\/","title":{"rendered":"Utilizzo dell&#8217;IA nella ricerca di lavoro e nel reclutamento\u00a0"},"content":{"rendered":"\n<p class=\"is-style-lead\">Un nuovo studio dell&#8217;Osservatorio intercantonale del mercato del lavoro AMOSA esamina l&#8217;impiego dell&#8217;intelligenza artificiale (IA) nella ricerca di lavoro e nel reclutamento. A tal fine sono state intervistate quasi 6&#8217;000 persone in cerca di lavoro e circa 700 aziende in merito al loro utilizzo dell&#8217;IA rispettivamente nella ricerca di un impiego e nei processi di selezione del personale.\u00a0<\/p>\n\n\n\n<p><em>Testo: Aranya Sritharan\u00a0<\/em><\/p>\n\n\n\n<p>La regione AMOSA comprende i Cantoni di Argovia, Appenzello Esterno, Appenzello Interno, Glarona, Grigioni, Sciaffusa, San Gallo, Turgovia, Zugo e Zurigo.&nbsp;<\/p>\n\n\n\n<p>Colpisce la differenza nella percentuale di utenti tra i due gruppi intervistati: mentre il 65% delle persone in cerca di lavoro utilizza gi\u00e0 l\u2019IA per la ricerca di un impiego, sul versante aziendale solo il 13% di chi si occupa di reclutamento ricorre a strumenti di IA. Le grandi aziende utilizzano l\u2019IA nel processo di reclutamento pi\u00f9 frequentemente della media (24%) e le persone in cerca di lavoro con una formazione terziaria lo fanno in misura nettamente superiore alla media (83%).&nbsp;<\/p>\n\n\n\n<h2 class=\"wp-block-heading\">Motivi dell&#8217;utilizzo dell&#8217;IA e benefici attesi\u00a0<\/h2>\n\n\n\n<p>Le persone in cerca di lavoro indicano come motivo principale il fatto che dall&#8217;uso dell&#8217;IA sperano di potersi presentare come candidate e candidati ottimali. Inoltre, gli strumenti di IA dovrebbero aiutarle a correggere linguisticamente i loro documenti di candidatura. Quanto all\u2019effettiva utilit\u00e0 dell\u2019IA, le opinioni risultano per\u00f2 divergenti: poco meno della met\u00e0 ritiene che le probabilit\u00e0 di essere invitati a un colloquio siano aumentate e che l&#8217;IA li aiuti a trovare un posto di lavoro adeguato.&nbsp;<\/p>\n\n\n\n<p>Per chi si occupa di reclutamento, l\u2019interesse si concentra soprattutto sul risparmio di tempo auspicato nella redazione di annunci di lavoro e sul supporto nella valutazione delle competenze di chi si candida. Il sondaggio mostra inoltre che le aziende ricevono gi\u00e0 un numero considerevole di candidature (in media il 39%) redatte con l\u2019aiuto dell\u2019IA. Chi si occupa di reclutamento indica che ci\u00f2 si riflette in una crescente standardizzazione dei dossier di candidatura.&nbsp;&nbsp;<\/p>\n\n\n\n<h2 class=\"wp-block-heading\">Ostacoli all\u2019utilizzo dell\u2019IA\u00a0<\/h2>\n\n\n\n<p>Per quanto riguarda i motivi per cui l&#8217;IA non viene utilizzata o lo \u00e8 solo in misura limitata, circa la met\u00e0 delle persone in cerca di lavoro afferma di non aver ancora pensato di utilizzare l&#8217;IA per la ricerca di un impiego. Un altro motivo importante (citato da oltre un terzo delle persone intervistate) \u00e8 la mancanza di conoscenza degli strumenti pertinenti e potenzialmente utili. Altrettanto importante \u00e8 il desiderio di inviare una candidatura personale che non risulti generica.&nbsp;<\/p>\n\n\n\n<p>Per pi\u00f9 della met\u00e0 delle persone responsabili del reclutamento, la necessit\u00e0 di utilizzare l&#8217;IA nel reclutamento \u00e8 attualmente minima, in quanto il volume di assunzioni \u00e8 limitato. Altrettanto significativa \u00e8 la volont\u00e0 di gestire consapevolmente il processo di selezione in modo umano.&nbsp;<\/p>\n\n\n\n<h2 class=\"wp-block-heading\">Maggiori informazioni<\/h2>\n\n\n\n<div class=\"wp-block-buttons is-layout-flex wp-block-buttons-is-layout-flex\">\n<div class=\"wp-block-button has-custom-width wp-block-button__width-100 is-style-minimal\"><a class=\"wp-block-button__link wp-element-button\" href=\"https:\/\/www.amosa.net\/projekte\/kuenstliche-intelligenz.html\" target=\"_blank\" rel=\"noreferrer noopener\">sullo studio<\/a><\/div>\n<\/div>\n","protected":false},"excerpt":{"rendered":"<p>Un nuovo studio dell&#8217;Osservatorio intercantonale del mercato del lavoro AMOSA esamina l&#8217;impiego dell&#8217;intelligenza artificiale (IA) nella ricerca di lavoro e [&hellip;]<\/p>\n","protected":false},"author":27,"featured_media":74976,"template":"","meta":{"_acf_changed":false,"inline_featured_image":false,"footnotes":""},"news-category":[81],"global-category":[368],"class_list":["post-75187","news","type-news","status-publish","has-post-thumbnail","hentry","news-category-digitalizzazione","global-category-ia-e-formazione-continua"],"acf":[],"yoast_head":"<!-- This site is optimized with the Yoast SEO plugin v27.3 - https:\/\/yoast.com\/product\/yoast-seo-wordpress\/ -->\n<title>Utilizzo dell&#039;IA nella ricerca di lavoro e nel reclutamento\u00a0 - FSEA<\/title>\n<meta name=\"robots\" content=\"index, follow, max-snippet:-1, max-image-preview:large, max-video-preview:-1\" \/>\n<link rel=\"canonical\" href=\"https:\/\/alice.ch\/it\/news\/utilizzo-dellia-nella-ricerca-di-lavoro-e-nel-reclutamento\/\" \/>\n<meta property=\"og:locale\" content=\"it_IT\" \/>\n<meta property=\"og:type\" content=\"article\" \/>\n<meta property=\"og:title\" content=\"Utilizzo dell&#039;IA nella ricerca di lavoro e nel reclutamento\u00a0 - FSEA\" \/>\n<meta property=\"og:description\" content=\"Un nuovo studio dell&#8217;Osservatorio intercantonale del mercato del lavoro AMOSA esamina l&#8217;impiego dell&#8217;intelligenza artificiale (IA) nella ricerca di lavoro e [&hellip;]\" \/>\n<meta property=\"og:url\" content=\"https:\/\/alice.ch\/it\/news\/utilizzo-dellia-nella-ricerca-di-lavoro-e-nel-reclutamento\/\" \/>\n<meta property=\"og:site_name\" content=\"SVEB\" \/>\n<meta property=\"article:modified_time\" content=\"2026-04-27T09:46:00+00:00\" \/>\n<meta property=\"og:image\" content=\"https:\/\/alice.ch\/app\/uploads\/2026\/04\/dmitrii-shirnin-MRNuFO7Je9M-unsplash1.jpg\" \/>\n\t<meta property=\"og:image:width\" content=\"1200\" \/>\n\t<meta property=\"og:image:height\" content=\"627\" \/>\n\t<meta property=\"og:image:type\" content=\"image\/jpeg\" \/>\n<meta name=\"twitter:card\" content=\"summary_large_image\" \/>\n<meta name=\"twitter:label1\" content=\"Tempo di lettura stimato\" \/>\n\t<meta name=\"twitter:data1\" content=\"2 minuti\" \/>\n<script type=\"application\/ld+json\" class=\"yoast-schema-graph\">{\"@context\":\"https:\\\/\\\/schema.org\",\"@graph\":[{\"@type\":\"WebPage\",\"@id\":\"https:\\\/\\\/alice.ch\\\/it\\\/news\\\/utilizzo-dellia-nella-ricerca-di-lavoro-e-nel-reclutamento\\\/\",\"url\":\"https:\\\/\\\/alice.ch\\\/it\\\/news\\\/utilizzo-dellia-nella-ricerca-di-lavoro-e-nel-reclutamento\\\/\",\"name\":\"Utilizzo dell'IA nella ricerca di lavoro e nel reclutamento\u00a0 - FSEA\",\"isPartOf\":{\"@id\":\"https:\\\/\\\/alice.ch\\\/it\\\/#website\"},\"primaryImageOfPage\":{\"@id\":\"https:\\\/\\\/alice.ch\\\/it\\\/news\\\/utilizzo-dellia-nella-ricerca-di-lavoro-e-nel-reclutamento\\\/#primaryimage\"},\"image\":{\"@id\":\"https:\\\/\\\/alice.ch\\\/it\\\/news\\\/utilizzo-dellia-nella-ricerca-di-lavoro-e-nel-reclutamento\\\/#primaryimage\"},\"thumbnailUrl\":\"https:\\\/\\\/alice.ch\\\/app\\\/uploads\\\/2026\\\/04\\\/dmitrii-shirnin-MRNuFO7Je9M-unsplash1.jpg\",\"datePublished\":\"2026-04-22T07:20:07+00:00\",\"dateModified\":\"2026-04-27T09:46:00+00:00\",\"breadcrumb\":{\"@id\":\"https:\\\/\\\/alice.ch\\\/it\\\/news\\\/utilizzo-dellia-nella-ricerca-di-lavoro-e-nel-reclutamento\\\/#breadcrumb\"},\"inLanguage\":\"it-IT\",\"potentialAction\":[{\"@type\":\"ReadAction\",\"target\":[\"https:\\\/\\\/alice.ch\\\/it\\\/news\\\/utilizzo-dellia-nella-ricerca-di-lavoro-e-nel-reclutamento\\\/\"]}]},{\"@type\":\"ImageObject\",\"inLanguage\":\"it-IT\",\"@id\":\"https:\\\/\\\/alice.ch\\\/it\\\/news\\\/utilizzo-dellia-nella-ricerca-di-lavoro-e-nel-reclutamento\\\/#primaryimage\",\"url\":\"https:\\\/\\\/alice.ch\\\/app\\\/uploads\\\/2026\\\/04\\\/dmitrii-shirnin-MRNuFO7Je9M-unsplash1.jpg\",\"contentUrl\":\"https:\\\/\\\/alice.ch\\\/app\\\/uploads\\\/2026\\\/04\\\/dmitrii-shirnin-MRNuFO7Je9M-unsplash1.jpg\",\"width\":1200,\"height\":627},{\"@type\":\"BreadcrumbList\",\"@id\":\"https:\\\/\\\/alice.ch\\\/it\\\/news\\\/utilizzo-dellia-nella-ricerca-di-lavoro-e-nel-reclutamento\\\/#breadcrumb\",\"itemListElement\":[{\"@type\":\"ListItem\",\"position\":1,\"name\":\"Pagina iniziale\",\"item\":\"https:\\\/\\\/alice.ch\\\/it\\\/\"},{\"@type\":\"ListItem\",\"position\":2,\"name\":\"Utilizzo dell&#8217;IA nella ricerca di lavoro e nel reclutamento\u00a0\"}]},{\"@type\":\"WebSite\",\"@id\":\"https:\\\/\\\/alice.ch\\\/it\\\/#website\",\"url\":\"https:\\\/\\\/alice.ch\\\/it\\\/\",\"name\":\"alice.ch (Adult Learning Information Center) ist das Portal der Weiterbildung in der Schweiz.\",\"description\":\"Schweizerischer Verband f\u00fcr Weiterbildung\",\"publisher\":{\"@id\":\"https:\\\/\\\/alice.ch\\\/it\\\/#organization\"},\"potentialAction\":[{\"@type\":\"SearchAction\",\"target\":{\"@type\":\"EntryPoint\",\"urlTemplate\":\"https:\\\/\\\/alice.ch\\\/it\\\/?s={search_term_string}\"},\"query-input\":{\"@type\":\"PropertyValueSpecification\",\"valueRequired\":true,\"valueName\":\"search_term_string\"}}],\"inLanguage\":\"it-IT\"},{\"@type\":\"Organization\",\"@id\":\"https:\\\/\\\/alice.ch\\\/it\\\/#organization\",\"name\":\"FSEA Federazione svizzera per la formazione continua\",\"url\":\"https:\\\/\\\/alice.ch\\\/it\\\/\",\"logo\":{\"@type\":\"ImageObject\",\"inLanguage\":\"it-IT\",\"@id\":\"https:\\\/\\\/alice.ch\\\/it\\\/#\\\/schema\\\/logo\\\/image\\\/\",\"url\":\"https:\\\/\\\/alice.ch\\\/app\\\/uploads\\\/2022\\\/07\\\/logo-sveb.png\",\"contentUrl\":\"https:\\\/\\\/alice.ch\\\/app\\\/uploads\\\/2022\\\/07\\\/logo-sveb.png\",\"width\":145,\"height\":64,\"caption\":\"FSEA Federazione svizzera per la formazione continua\"},\"image\":{\"@id\":\"https:\\\/\\\/alice.ch\\\/it\\\/#\\\/schema\\\/logo\\\/image\\\/\"},\"sameAs\":[\"https:\\\/\\\/www.linkedin.com\\\/company\\\/schweizerischer-verband-fr-weiterbildung-sveb\\\/\"]}]}<\/script>\n<!-- \/ Yoast SEO plugin. -->","yoast_head_json":{"title":"Utilizzo dell'IA nella ricerca di lavoro e nel reclutamento\u00a0 - FSEA","robots":{"index":"index","follow":"follow","max-snippet":"max-snippet:-1","max-image-preview":"max-image-preview:large","max-video-preview":"max-video-preview:-1"},"canonical":"https:\/\/alice.ch\/it\/news\/utilizzo-dellia-nella-ricerca-di-lavoro-e-nel-reclutamento\/","og_locale":"it_IT","og_type":"article","og_title":"Utilizzo dell'IA nella ricerca di lavoro e nel reclutamento\u00a0 - FSEA","og_description":"Un nuovo studio dell&#8217;Osservatorio intercantonale del mercato del lavoro AMOSA esamina l&#8217;impiego dell&#8217;intelligenza artificiale (IA) nella ricerca di lavoro e [&hellip;]","og_url":"https:\/\/alice.ch\/it\/news\/utilizzo-dellia-nella-ricerca-di-lavoro-e-nel-reclutamento\/","og_site_name":"SVEB","article_modified_time":"2026-04-27T09:46:00+00:00","og_image":[{"width":1200,"height":627,"url":"https:\/\/alice.ch\/app\/uploads\/2026\/04\/dmitrii-shirnin-MRNuFO7Je9M-unsplash1.jpg","type":"image\/jpeg"}],"twitter_card":"summary_large_image","twitter_misc":{"Tempo di lettura stimato":"2 minuti"},"schema":{"@context":"https:\/\/schema.org","@graph":[{"@type":"WebPage","@id":"https:\/\/alice.ch\/it\/news\/utilizzo-dellia-nella-ricerca-di-lavoro-e-nel-reclutamento\/","url":"https:\/\/alice.ch\/it\/news\/utilizzo-dellia-nella-ricerca-di-lavoro-e-nel-reclutamento\/","name":"Utilizzo dell'IA nella ricerca di lavoro e nel reclutamento\u00a0 - FSEA","isPartOf":{"@id":"https:\/\/alice.ch\/it\/#website"},"primaryImageOfPage":{"@id":"https:\/\/alice.ch\/it\/news\/utilizzo-dellia-nella-ricerca-di-lavoro-e-nel-reclutamento\/#primaryimage"},"image":{"@id":"https:\/\/alice.ch\/it\/news\/utilizzo-dellia-nella-ricerca-di-lavoro-e-nel-reclutamento\/#primaryimage"},"thumbnailUrl":"https:\/\/alice.ch\/app\/uploads\/2026\/04\/dmitrii-shirnin-MRNuFO7Je9M-unsplash1.jpg","datePublished":"2026-04-22T07:20:07+00:00","dateModified":"2026-04-27T09:46:00+00:00","breadcrumb":{"@id":"https:\/\/alice.ch\/it\/news\/utilizzo-dellia-nella-ricerca-di-lavoro-e-nel-reclutamento\/#breadcrumb"},"inLanguage":"it-IT","potentialAction":[{"@type":"ReadAction","target":["https:\/\/alice.ch\/it\/news\/utilizzo-dellia-nella-ricerca-di-lavoro-e-nel-reclutamento\/"]}]},{"@type":"ImageObject","inLanguage":"it-IT","@id":"https:\/\/alice.ch\/it\/news\/utilizzo-dellia-nella-ricerca-di-lavoro-e-nel-reclutamento\/#primaryimage","url":"https:\/\/alice.ch\/app\/uploads\/2026\/04\/dmitrii-shirnin-MRNuFO7Je9M-unsplash1.jpg","contentUrl":"https:\/\/alice.ch\/app\/uploads\/2026\/04\/dmitrii-shirnin-MRNuFO7Je9M-unsplash1.jpg","width":1200,"height":627},{"@type":"BreadcrumbList","@id":"https:\/\/alice.ch\/it\/news\/utilizzo-dellia-nella-ricerca-di-lavoro-e-nel-reclutamento\/#breadcrumb","itemListElement":[{"@type":"ListItem","position":1,"name":"Pagina iniziale","item":"https:\/\/alice.ch\/it\/"},{"@type":"ListItem","position":2,"name":"Utilizzo dell&#8217;IA nella ricerca di lavoro e nel reclutamento\u00a0"}]},{"@type":"WebSite","@id":"https:\/\/alice.ch\/it\/#website","url":"https:\/\/alice.ch\/it\/","name":"alice.ch (Adult Learning Information Center) ist das Portal der Weiterbildung in der Schweiz.","description":"Schweizerischer Verband f\u00fcr Weiterbildung","publisher":{"@id":"https:\/\/alice.ch\/it\/#organization"},"potentialAction":[{"@type":"SearchAction","target":{"@type":"EntryPoint","urlTemplate":"https:\/\/alice.ch\/it\/?s={search_term_string}"},"query-input":{"@type":"PropertyValueSpecification","valueRequired":true,"valueName":"search_term_string"}}],"inLanguage":"it-IT"},{"@type":"Organization","@id":"https:\/\/alice.ch\/it\/#organization","name":"FSEA Federazione svizzera per la formazione continua","url":"https:\/\/alice.ch\/it\/","logo":{"@type":"ImageObject","inLanguage":"it-IT","@id":"https:\/\/alice.ch\/it\/#\/schema\/logo\/image\/","url":"https:\/\/alice.ch\/app\/uploads\/2022\/07\/logo-sveb.png","contentUrl":"https:\/\/alice.ch\/app\/uploads\/2022\/07\/logo-sveb.png","width":145,"height":64,"caption":"FSEA Federazione svizzera per la formazione continua"},"image":{"@id":"https:\/\/alice.ch\/it\/#\/schema\/logo\/image\/"},"sameAs":["https:\/\/www.linkedin.com\/company\/schweizerischer-verband-fr-weiterbildung-sveb\/"]}]}},"_links":{"self":[{"href":"https:\/\/alice.ch\/it\/wp-json\/wp\/v2\/news\/75187","targetHints":{"allow":["GET"]}}],"collection":[{"href":"https:\/\/alice.ch\/it\/wp-json\/wp\/v2\/news"}],"about":[{"href":"https:\/\/alice.ch\/it\/wp-json\/wp\/v2\/types\/news"}],"author":[{"embeddable":true,"href":"https:\/\/alice.ch\/it\/wp-json\/wp\/v2\/users\/27"}],"version-history":[{"count":1,"href":"https:\/\/alice.ch\/it\/wp-json\/wp\/v2\/news\/75187\/revisions"}],"predecessor-version":[{"id":75189,"href":"https:\/\/alice.ch\/it\/wp-json\/wp\/v2\/news\/75187\/revisions\/75189"}],"wp:featuredmedia":[{"embeddable":true,"href":"https:\/\/alice.ch\/it\/wp-json\/wp\/v2\/media\/74976"}],"wp:attachment":[{"href":"https:\/\/alice.ch\/it\/wp-json\/wp\/v2\/media?parent=75187"}],"wp:term":[{"taxonomy":"news-category","embeddable":true,"href":"https:\/\/alice.ch\/it\/wp-json\/wp\/v2\/news-category?post=75187"},{"taxonomy":"global-category","embeddable":true,"href":"https:\/\/alice.ch\/it\/wp-json\/wp\/v2\/global-category?post=75187"}],"curies":[{"name":"wp","href":"https:\/\/api.w.org\/{rel}","templated":true}]}}