{"id":75210,"date":"2026-04-20T09:14:23","date_gmt":"2026-04-20T07:14:23","guid":{"rendered":"https:\/\/alice.ch\/?post_type=news&#038;p=75210"},"modified":"2026-04-27T14:03:38","modified_gmt":"2026-04-27T12:03:38","slug":"la-sostenibilita-nella-formazione-degli-adulti-e-raramente-integrata-in-modo-sistematico","status":"publish","type":"news","link":"https:\/\/alice.ch\/it\/news\/la-sostenibilita-nella-formazione-degli-adulti-e-raramente-integrata-in-modo-sistematico\/","title":{"rendered":"La sostenibilit\u00e0 nella formazione degli adulti \u00e8 raramente integrata in modo sistematico\u00a0"},"content":{"rendered":"\n<p class=\"is-style-lead\">Uno studio dell\u2019Istituto austriaco per la formazione degli adulti ha analizzato in che modo la formazione degli adulti affronta il tema della sostenibilit\u00e0. Il tema viene trattato per lo pi\u00f9 nell\u2019ambito di progetti specifici o in occasione di eventi particolari, senza essere integrato nelle linee guida, nei programmi e nelle strutture. In futuro, molte istituzioni intendono integrare la sostenibilit\u00e0 come tema trasversale.\u00a0<\/p>\n\n\n\n<p>Lo sviluppo sostenibile non richiede solo soluzioni tecnologiche ed economiche o singoli cambiamenti comportamentali, ma un processo di apprendimento e trasformazione a livello individuale, istituzionale e sociale. Su questa premessa si basa&nbsp;lo studio dell\u2019Istituto austriaco per la formazione degli adulti intitolato <a href=\"https:\/\/www.oieb.at\/2026\/03\/16\/next-level-sustainability-nachhaltigkeit-als-thema-und-aufgabe-der-erwachsenenbildung\/\" target=\"_blank\" rel=\"noreferrer noopener\">\u00abNext Level Sustainability? La sostenibilit\u00e0 come tema e compito della formazione degli adulti\u00bb<\/a>. Lo studio \u00absistematizza concetti e strumenti, documenta le pratiche e le linee di conflitto, individua i compiti istituzionali e delinea percorsi attraverso i quali la formazione degli adulti in Austria possa sfruttare ancora meglio il proprio potenziale per una societ\u00e0 vivibile, equa e orientata al futuro\u00bb.&nbsp;<\/p>\n\n\n\n<p>Secondo lo studio, la formazione degli adulti svolge un ruolo chiave nello sviluppo sostenibile, poich\u00e9 raggiunge anche quei gruppi target che prendono decisioni in ambito politico, economico e nella societ\u00e0 civile, influenzando in modo determinante le condizioni materiali e normative della convivenza sociale.&nbsp;<\/p>\n\n\n\n<h2 class=\"wp-block-heading\">Scarsa integrazione sistematica e strategica\u00a0<\/h2>\n\n\n\n<p>I risultati di un sondaggio online condotto tra il personale di due associazioni che si occupano di formazione degli adulti mostrano che la sostenibilit\u00e0 nella formazione degli adulti \u00e8 generalmente riconosciuta come tema rilevante, ma \u00e8 integrata in modi molto diversi. In molte istituzioni manca un\u2019integrazione&nbsp;sistematica e strategica nelle linee guida, nei programmi e nelle strutture; di conseguenza la sostenibilit\u00e0 viene spesso trattata in modo episodico, legato a progetti o a eventi specifici. Inoltre, alcuni attori segnalano un calo di interesse, difficolt\u00e0 nel raggiungere nuovi gruppi target e una certa stanchezza dovuta all\u2019uso inflazionato del termine sostenibilit\u00e0.&nbsp;<\/p>\n\n\n\n<p>\u00abLa formazione degli adulti orientata alla sostenibilit\u00e0 \u00e8 ritenuta particolarmente efficace quando \u00e8 orientata all\u2019applicazione concreta, legata alla vita quotidiana. Risulta inoltre pi\u00f9 incisiva quando \u00e8&nbsp;fondata sul confronto tra i partecipanti e quando la sostenibilit\u00e0 viene vissuta in modo credibile, ad esempio attraverso un\u2019organizzazione degli eventi rispettosa del clima\u00bb, si legge nello studio. Le attivit\u00e0 formative puramente teoriche o che trasmettono contenuti senza coinvolgimento attivo, invece, incontrano spesso scarsa risonanza. Per il futuro, molte istituzioni prevedono di integrare maggiormente la sostenibilit\u00e0 come tema trasversale, di sviluppare nuovi formati di apprendimento cooperativi e innovativi e di tenere maggiormente conto di aspetti sociali come la giustizia climatica e la resilienza regionale.&nbsp;<\/p>\n\n\n\n<h2 class=\"wp-block-heading\">Un contributo importante alla sostenibilit\u00e0\u00a0<\/h2>\n\n\n\n<p>A livello organizzativo, assume un\u2019importanza crescente il Whole Institution Approach (WIA), che considera la sostenibilit\u00e0 come un compito dell\u2019intera istituzione. Questo approccio parte dal presupposto che l\u2019educazione allo sviluppo sostenibile sia particolarmente efficace quando l\u2019apprendimento e l\u2019azione istituzionale sono strettamente collegati tra loro. Di conseguenza, gli istituti di formazione risultano credibili quando non si limitano a insegnare la sostenibilit\u00e0, ma la praticano concretamente. Trasparenza, partecipazione e orientamento all\u2019azione rafforzano inoltre la motivazione di tutte le parti coinvolte e aumentano la forza persuasiva della formazione in ambito di sostenibilit\u00e0.&nbsp;<\/p>\n\n\n\n<p>Nel complesso, emerge che la formazione degli adulti non \u00e8 una panacea, ma pu\u00f2 fornire un importante contributo alla sensibilizzazione, alla promozione di comportamenti sostenibili nella vita quotidiana e al sostegno di processi di trasformazione sociale a lungo termine.&nbsp;<\/p>\n\n\n\n<h2 class=\"wp-block-heading\">Maggiori informazioni<\/h2>\n\n\n\n<div class=\"wp-block-buttons is-layout-flex wp-block-buttons-is-layout-flex\">\n<div class=\"wp-block-button has-custom-width wp-block-button__width-100 is-style-minimal\"><a class=\"wp-block-button__link wp-element-button\" href=\"https:\/\/www.oieb.at\/2026\/03\/16\/next-level-sustainability-nachhaltigkeit-als-thema-und-aufgabe-der-erwachsenenbildung\/\" target=\"_blank\" rel=\"noreferrer noopener\">sullo studio<\/a><\/div>\n<\/div>\n","protected":false},"excerpt":{"rendered":"<p>Uno studio dell\u2019Istituto austriaco per la formazione degli adulti ha analizzato in che modo la formazione degli adulti affronta il [&hellip;]<\/p>\n","protected":false},"author":27,"featured_media":74944,"template":"","meta":{"_acf_changed":false,"inline_featured_image":false,"footnotes":""},"news-category":[343],"global-category":[371],"class_list":["post-75210","news","type-news","status-publish","has-post-thumbnail","hentry","news-category-sostenibilita","global-category-sostenibilita-nella-formazione-continua"],"acf":[],"yoast_head":"<!-- This site is optimized with the Yoast SEO plugin v27.3 - https:\/\/yoast.com\/product\/yoast-seo-wordpress\/ -->\n<title>La sostenibilit\u00e0 nella formazione degli adulti \u00e8 raramente integrata in modo sistematico\u00a0 - FSEA<\/title>\n<meta name=\"robots\" content=\"index, follow, max-snippet:-1, max-image-preview:large, max-video-preview:-1\" \/>\n<link rel=\"canonical\" href=\"https:\/\/alice.ch\/it\/news\/la-sostenibilita-nella-formazione-degli-adulti-e-raramente-integrata-in-modo-sistematico\/\" \/>\n<meta property=\"og:locale\" content=\"it_IT\" \/>\n<meta property=\"og:type\" content=\"article\" \/>\n<meta property=\"og:title\" content=\"La sostenibilit\u00e0 nella formazione degli adulti \u00e8 raramente integrata in modo sistematico\u00a0 - FSEA\" \/>\n<meta property=\"og:description\" content=\"Uno studio dell\u2019Istituto austriaco per la formazione degli adulti ha analizzato in che modo la formazione degli adulti affronta il [&hellip;]\" \/>\n<meta property=\"og:url\" content=\"https:\/\/alice.ch\/it\/news\/la-sostenibilita-nella-formazione-degli-adulti-e-raramente-integrata-in-modo-sistematico\/\" \/>\n<meta property=\"og:site_name\" content=\"SVEB\" \/>\n<meta property=\"article:modified_time\" content=\"2026-04-27T12:03:38+00:00\" \/>\n<meta property=\"og:image\" content=\"https:\/\/alice.ch\/app\/uploads\/2026\/04\/curated-lifestyle-hNZMpA0g6l8-unsplash1.jpg\" \/>\n\t<meta property=\"og:image:width\" content=\"1200\" \/>\n\t<meta property=\"og:image:height\" content=\"627\" \/>\n\t<meta property=\"og:image:type\" content=\"image\/jpeg\" \/>\n<meta name=\"twitter:card\" content=\"summary_large_image\" \/>\n<meta name=\"twitter:label1\" content=\"Tempo di lettura stimato\" \/>\n\t<meta name=\"twitter:data1\" content=\"3 minuti\" \/>\n<script type=\"application\/ld+json\" class=\"yoast-schema-graph\">{\"@context\":\"https:\\\/\\\/schema.org\",\"@graph\":[{\"@type\":\"WebPage\",\"@id\":\"https:\\\/\\\/alice.ch\\\/it\\\/news\\\/la-sostenibilita-nella-formazione-degli-adulti-e-raramente-integrata-in-modo-sistematico\\\/\",\"url\":\"https:\\\/\\\/alice.ch\\\/it\\\/news\\\/la-sostenibilita-nella-formazione-degli-adulti-e-raramente-integrata-in-modo-sistematico\\\/\",\"name\":\"La sostenibilit\u00e0 nella formazione degli adulti \u00e8 raramente integrata in modo sistematico\u00a0 - FSEA\",\"isPartOf\":{\"@id\":\"https:\\\/\\\/alice.ch\\\/it\\\/#website\"},\"primaryImageOfPage\":{\"@id\":\"https:\\\/\\\/alice.ch\\\/it\\\/news\\\/la-sostenibilita-nella-formazione-degli-adulti-e-raramente-integrata-in-modo-sistematico\\\/#primaryimage\"},\"image\":{\"@id\":\"https:\\\/\\\/alice.ch\\\/it\\\/news\\\/la-sostenibilita-nella-formazione-degli-adulti-e-raramente-integrata-in-modo-sistematico\\\/#primaryimage\"},\"thumbnailUrl\":\"https:\\\/\\\/alice.ch\\\/app\\\/uploads\\\/2026\\\/04\\\/curated-lifestyle-hNZMpA0g6l8-unsplash1.jpg\",\"datePublished\":\"2026-04-20T07:14:23+00:00\",\"dateModified\":\"2026-04-27T12:03:38+00:00\",\"breadcrumb\":{\"@id\":\"https:\\\/\\\/alice.ch\\\/it\\\/news\\\/la-sostenibilita-nella-formazione-degli-adulti-e-raramente-integrata-in-modo-sistematico\\\/#breadcrumb\"},\"inLanguage\":\"it-IT\",\"potentialAction\":[{\"@type\":\"ReadAction\",\"target\":[\"https:\\\/\\\/alice.ch\\\/it\\\/news\\\/la-sostenibilita-nella-formazione-degli-adulti-e-raramente-integrata-in-modo-sistematico\\\/\"]}]},{\"@type\":\"ImageObject\",\"inLanguage\":\"it-IT\",\"@id\":\"https:\\\/\\\/alice.ch\\\/it\\\/news\\\/la-sostenibilita-nella-formazione-degli-adulti-e-raramente-integrata-in-modo-sistematico\\\/#primaryimage\",\"url\":\"https:\\\/\\\/alice.ch\\\/app\\\/uploads\\\/2026\\\/04\\\/curated-lifestyle-hNZMpA0g6l8-unsplash1.jpg\",\"contentUrl\":\"https:\\\/\\\/alice.ch\\\/app\\\/uploads\\\/2026\\\/04\\\/curated-lifestyle-hNZMpA0g6l8-unsplash1.jpg\",\"width\":1200,\"height\":627},{\"@type\":\"BreadcrumbList\",\"@id\":\"https:\\\/\\\/alice.ch\\\/it\\\/news\\\/la-sostenibilita-nella-formazione-degli-adulti-e-raramente-integrata-in-modo-sistematico\\\/#breadcrumb\",\"itemListElement\":[{\"@type\":\"ListItem\",\"position\":1,\"name\":\"Pagina iniziale\",\"item\":\"https:\\\/\\\/alice.ch\\\/it\\\/\"},{\"@type\":\"ListItem\",\"position\":2,\"name\":\"La sostenibilit\u00e0 nella formazione degli adulti \u00e8 raramente integrata in modo sistematico\u00a0\"}]},{\"@type\":\"WebSite\",\"@id\":\"https:\\\/\\\/alice.ch\\\/it\\\/#website\",\"url\":\"https:\\\/\\\/alice.ch\\\/it\\\/\",\"name\":\"alice.ch (Adult Learning Information Center) ist das Portal der Weiterbildung in der Schweiz.\",\"description\":\"Schweizerischer Verband f\u00fcr Weiterbildung\",\"publisher\":{\"@id\":\"https:\\\/\\\/alice.ch\\\/it\\\/#organization\"},\"potentialAction\":[{\"@type\":\"SearchAction\",\"target\":{\"@type\":\"EntryPoint\",\"urlTemplate\":\"https:\\\/\\\/alice.ch\\\/it\\\/?s={search_term_string}\"},\"query-input\":{\"@type\":\"PropertyValueSpecification\",\"valueRequired\":true,\"valueName\":\"search_term_string\"}}],\"inLanguage\":\"it-IT\"},{\"@type\":\"Organization\",\"@id\":\"https:\\\/\\\/alice.ch\\\/it\\\/#organization\",\"name\":\"FSEA Federazione svizzera per la formazione continua\",\"url\":\"https:\\\/\\\/alice.ch\\\/it\\\/\",\"logo\":{\"@type\":\"ImageObject\",\"inLanguage\":\"it-IT\",\"@id\":\"https:\\\/\\\/alice.ch\\\/it\\\/#\\\/schema\\\/logo\\\/image\\\/\",\"url\":\"https:\\\/\\\/alice.ch\\\/app\\\/uploads\\\/2022\\\/07\\\/logo-sveb.png\",\"contentUrl\":\"https:\\\/\\\/alice.ch\\\/app\\\/uploads\\\/2022\\\/07\\\/logo-sveb.png\",\"width\":145,\"height\":64,\"caption\":\"FSEA Federazione svizzera per la formazione continua\"},\"image\":{\"@id\":\"https:\\\/\\\/alice.ch\\\/it\\\/#\\\/schema\\\/logo\\\/image\\\/\"},\"sameAs\":[\"https:\\\/\\\/www.linkedin.com\\\/company\\\/schweizerischer-verband-fr-weiterbildung-sveb\\\/\"]}]}<\/script>\n<!-- \/ Yoast SEO plugin. -->","yoast_head_json":{"title":"La sostenibilit\u00e0 nella formazione degli adulti \u00e8 raramente integrata in modo sistematico\u00a0 - FSEA","robots":{"index":"index","follow":"follow","max-snippet":"max-snippet:-1","max-image-preview":"max-image-preview:large","max-video-preview":"max-video-preview:-1"},"canonical":"https:\/\/alice.ch\/it\/news\/la-sostenibilita-nella-formazione-degli-adulti-e-raramente-integrata-in-modo-sistematico\/","og_locale":"it_IT","og_type":"article","og_title":"La sostenibilit\u00e0 nella formazione degli adulti \u00e8 raramente integrata in modo sistematico\u00a0 - FSEA","og_description":"Uno studio dell\u2019Istituto austriaco per la formazione degli adulti ha analizzato in che modo la formazione degli adulti affronta il [&hellip;]","og_url":"https:\/\/alice.ch\/it\/news\/la-sostenibilita-nella-formazione-degli-adulti-e-raramente-integrata-in-modo-sistematico\/","og_site_name":"SVEB","article_modified_time":"2026-04-27T12:03:38+00:00","og_image":[{"width":1200,"height":627,"url":"https:\/\/alice.ch\/app\/uploads\/2026\/04\/curated-lifestyle-hNZMpA0g6l8-unsplash1.jpg","type":"image\/jpeg"}],"twitter_card":"summary_large_image","twitter_misc":{"Tempo di lettura stimato":"3 minuti"},"schema":{"@context":"https:\/\/schema.org","@graph":[{"@type":"WebPage","@id":"https:\/\/alice.ch\/it\/news\/la-sostenibilita-nella-formazione-degli-adulti-e-raramente-integrata-in-modo-sistematico\/","url":"https:\/\/alice.ch\/it\/news\/la-sostenibilita-nella-formazione-degli-adulti-e-raramente-integrata-in-modo-sistematico\/","name":"La sostenibilit\u00e0 nella formazione degli adulti \u00e8 raramente integrata in modo sistematico\u00a0 - FSEA","isPartOf":{"@id":"https:\/\/alice.ch\/it\/#website"},"primaryImageOfPage":{"@id":"https:\/\/alice.ch\/it\/news\/la-sostenibilita-nella-formazione-degli-adulti-e-raramente-integrata-in-modo-sistematico\/#primaryimage"},"image":{"@id":"https:\/\/alice.ch\/it\/news\/la-sostenibilita-nella-formazione-degli-adulti-e-raramente-integrata-in-modo-sistematico\/#primaryimage"},"thumbnailUrl":"https:\/\/alice.ch\/app\/uploads\/2026\/04\/curated-lifestyle-hNZMpA0g6l8-unsplash1.jpg","datePublished":"2026-04-20T07:14:23+00:00","dateModified":"2026-04-27T12:03:38+00:00","breadcrumb":{"@id":"https:\/\/alice.ch\/it\/news\/la-sostenibilita-nella-formazione-degli-adulti-e-raramente-integrata-in-modo-sistematico\/#breadcrumb"},"inLanguage":"it-IT","potentialAction":[{"@type":"ReadAction","target":["https:\/\/alice.ch\/it\/news\/la-sostenibilita-nella-formazione-degli-adulti-e-raramente-integrata-in-modo-sistematico\/"]}]},{"@type":"ImageObject","inLanguage":"it-IT","@id":"https:\/\/alice.ch\/it\/news\/la-sostenibilita-nella-formazione-degli-adulti-e-raramente-integrata-in-modo-sistematico\/#primaryimage","url":"https:\/\/alice.ch\/app\/uploads\/2026\/04\/curated-lifestyle-hNZMpA0g6l8-unsplash1.jpg","contentUrl":"https:\/\/alice.ch\/app\/uploads\/2026\/04\/curated-lifestyle-hNZMpA0g6l8-unsplash1.jpg","width":1200,"height":627},{"@type":"BreadcrumbList","@id":"https:\/\/alice.ch\/it\/news\/la-sostenibilita-nella-formazione-degli-adulti-e-raramente-integrata-in-modo-sistematico\/#breadcrumb","itemListElement":[{"@type":"ListItem","position":1,"name":"Pagina iniziale","item":"https:\/\/alice.ch\/it\/"},{"@type":"ListItem","position":2,"name":"La sostenibilit\u00e0 nella formazione degli adulti \u00e8 raramente integrata in modo sistematico\u00a0"}]},{"@type":"WebSite","@id":"https:\/\/alice.ch\/it\/#website","url":"https:\/\/alice.ch\/it\/","name":"alice.ch (Adult Learning Information Center) ist das Portal der Weiterbildung in der Schweiz.","description":"Schweizerischer Verband f\u00fcr Weiterbildung","publisher":{"@id":"https:\/\/alice.ch\/it\/#organization"},"potentialAction":[{"@type":"SearchAction","target":{"@type":"EntryPoint","urlTemplate":"https:\/\/alice.ch\/it\/?s={search_term_string}"},"query-input":{"@type":"PropertyValueSpecification","valueRequired":true,"valueName":"search_term_string"}}],"inLanguage":"it-IT"},{"@type":"Organization","@id":"https:\/\/alice.ch\/it\/#organization","name":"FSEA Federazione svizzera per la formazione continua","url":"https:\/\/alice.ch\/it\/","logo":{"@type":"ImageObject","inLanguage":"it-IT","@id":"https:\/\/alice.ch\/it\/#\/schema\/logo\/image\/","url":"https:\/\/alice.ch\/app\/uploads\/2022\/07\/logo-sveb.png","contentUrl":"https:\/\/alice.ch\/app\/uploads\/2022\/07\/logo-sveb.png","width":145,"height":64,"caption":"FSEA Federazione svizzera per la formazione continua"},"image":{"@id":"https:\/\/alice.ch\/it\/#\/schema\/logo\/image\/"},"sameAs":["https:\/\/www.linkedin.com\/company\/schweizerischer-verband-fr-weiterbildung-sveb\/"]}]}},"_links":{"self":[{"href":"https:\/\/alice.ch\/it\/wp-json\/wp\/v2\/news\/75210","targetHints":{"allow":["GET"]}}],"collection":[{"href":"https:\/\/alice.ch\/it\/wp-json\/wp\/v2\/news"}],"about":[{"href":"https:\/\/alice.ch\/it\/wp-json\/wp\/v2\/types\/news"}],"author":[{"embeddable":true,"href":"https:\/\/alice.ch\/it\/wp-json\/wp\/v2\/users\/27"}],"version-history":[{"count":1,"href":"https:\/\/alice.ch\/it\/wp-json\/wp\/v2\/news\/75210\/revisions"}],"predecessor-version":[{"id":75211,"href":"https:\/\/alice.ch\/it\/wp-json\/wp\/v2\/news\/75210\/revisions\/75211"}],"wp:featuredmedia":[{"embeddable":true,"href":"https:\/\/alice.ch\/it\/wp-json\/wp\/v2\/media\/74944"}],"wp:attachment":[{"href":"https:\/\/alice.ch\/it\/wp-json\/wp\/v2\/media?parent=75210"}],"wp:term":[{"taxonomy":"news-category","embeddable":true,"href":"https:\/\/alice.ch\/it\/wp-json\/wp\/v2\/news-category?post=75210"},{"taxonomy":"global-category","embeddable":true,"href":"https:\/\/alice.ch\/it\/wp-json\/wp\/v2\/global-category?post=75210"}],"curies":[{"name":"wp","href":"https:\/\/api.w.org\/{rel}","templated":true}]}}