{"id":75212,"date":"2026-04-27T09:02:26","date_gmt":"2026-04-27T07:02:26","guid":{"rendered":"https:\/\/alice.ch\/?post_type=news&#038;p=75212"},"modified":"2026-04-27T14:09:20","modified_gmt":"2026-04-27T12:09:20","slug":"perche-la-svizzera-dovrebbe-aderire-a-erasmus","status":"publish","type":"news","link":"https:\/\/alice.ch\/it\/news\/perche-la-svizzera-dovrebbe-aderire-a-erasmus\/","title":{"rendered":"Perch\u00e9 la Svizzera dovrebbe aderire a Erasmus+\u00a0"},"content":{"rendered":"\n<p class=\"is-style-lead\">In autunno il Parlamento decider\u00e0 in merito al finanziamento dell\u2019adesione della Svizzera al programma UE Erasmus+. A tal fine dovr\u00e0 essere stanziato un credito supplementare di 130 milioni di franchi. La FSEA \u00e8 convinta che questo investimento vale la pena. \u00a0<\/p>\n\n\n\n<p>Nel novembre 2024 il Consiglio federale ha preso una decisione di principio, ponendo cos\u00ec le basi per l\u2019adesione della Svizzera al programma UE Erasmus+ a partire dal 2027. Ci\u00f2 significa che l\u2019anno prossimo la Svizzera potr\u00e0 aderire al programma europeo di formazione Erasmus+.&nbsp;<\/p>\n\n\n\n<p>Erasmus+ \u00e8 il programma di formazione pi\u00f9 ampio per la promozione della mobilit\u00e0 e della cooperazione in Europa e oltre. Vi partecipano oltre 30 paesi e dispone di un budget di 26,2 miliardi di euro.&nbsp;<\/p>\n\n\n\n<p>Nell\u2019autunno 2026 il Parlamento discuter\u00e0 il finanziamento della partecipazione svizzera per la quale \u00e8 necessario un credito supplementare di 130 milioni di franchi.<\/p>\n\n\n\n<h2 class=\"wp-block-heading\">Associarsi offre un grande potenziale\u00a0<\/h2>\n\n\n\n<p>Nella situazione attuale, le organizzazioni svizzere possono partecipare ai progetti di cooperazione solo come \u00abpartner silenti\u00bb, ovvero aggregandosi a progetti di sviluppo orientati alla pratica gi\u00e0 esistenti e gestiti da partner europei assieme ai quali, si cercano soluzioni alle sfide della formazione continua. Sono, inoltre, possibili anche progetti di mobilit\u00e0: le persone attive nella formazione continua, come le formatrici e i formatori o coloro che sviluppano i programmi di formazione continua, possono usufruire di offerte o opportunit\u00e0 di scambio all\u2019estero.&nbsp;<\/p>\n\n\n\n<p>Con un\u2019associazione completa si aggiungerebbe, inoltre, la possibilit\u00e0 di sviluppare autonomamente progetti di innovazione e progetti pilota. Questi potrebbero cos\u00ec nascere direttamente dalle esigenze e i bisogni della Svizzera. Grazie all\u2019associazione, gli istituti e le organizzazioni di formazione continua svizzeri avrebbero inoltre accesso illimitato alle offerte, agli strumenti, alle reti e alle possibilit\u00e0 di finanziamento di Erasmus+. La Svizzera potrebbe cos\u00ec collaborare a piattaforme e reti tematiche e partecipare a gruppi di lavoro europei. Gli enti di formazione continua svizzeri potrebbero partecipare direttamente ai bandi europei, aderire a consorzi e diventare partner interessanti per le organizzazioni straniere.&nbsp;<\/p>\n\n\n\n<h2 class=\"wp-block-heading\">Influenza sulla competitivit\u00e0 della Svizzera\u00a0<\/h2>\n\n\n\n<p>Dal punto di vista della FSEA, un\u2019associazione sarebbe quindi molto auspicabile. Infatti, la cooperazione internazionale e il conseguente trasferimento di know-how dall\u2019Europa renderebbero la formazione continua in Svizzera pi\u00f9 efficiente ed efficace. A sua volta, gli investimenti effettuati nella formazione continua in Svizzera genererebbero un maggiore ritorno sull\u2019investimento \u2013 il che avrebbe un effetto positivo diretto sulla competitivit\u00e0 della Svizzera.\u00a0<\/p>\n\n\n\n<p>\u00abErasmus+ \u00e8 per la Svizzera l\u2019unico accesso strutturato alla cooperazione europea nel settore della formazione continua \u2013 e quindi non ha alternative\u00bb, afferma il direttore della FSEA Bernhard Gr\u00e4miger.&nbsp;&nbsp;<\/p>\n\n\n\n<p>\u00abIl programma consente alla formazione continua in Svizzera di svilupparsi in modo mirato laddove, nel confronto internazionale, ottiene gi\u00e0 buoni risultati. E di migliorare dove ha ancora bisogno di svilupparsi.\u00bb&nbsp;<\/p>\n\n\n\n<h2 class=\"wp-block-heading\">\u00abChiaro valore aggiunto\u00bb\u00a0<\/h2>\n\n\n\n<p>Gr\u00e4miger cita come esempio di un ambito nel quale la Svizzera pu\u00f2 attualmente ancora imparare molto dai partner dell\u2019UE , quello del riconoscimento dei risultati di apprendimento con le cosiddette micro credenziali, nonch\u00e9 il settore della digitalizzazione degli ambienti di apprendimento. &nbsp;<\/p>\n\n\n\n<p>L\u2019associazione a Erasmus+ apre la possibilit\u00e0 di approfondire ed estendere la cooperazione con l\u2019Europa. \u00abRispetto all\u2019attuale soluzione svizzera, offre un chiaro valore aggiunto. A nostro avviso rappresenta quindi una grande opportunit\u00e0 per la Svizzera, che dovremmo cogliere.\u00bb&nbsp;<\/p>\n\n\n\n<p>La FSEA invita quindi il Parlamento a pronunciarsi a favore dell&#8217;associazione. &nbsp;<\/p>\n\n\n\n<h2 class=\"wp-block-heading\">Maggiori informazioni<\/h2>\n\n\n\n<div class=\"wp-block-buttons is-layout-flex wp-block-buttons-is-layout-flex\">\n<div class=\"wp-block-button has-custom-width wp-block-button__width-100 is-style-minimal\"><a class=\"wp-block-button__link wp-element-button\" href=\"https:\/\/alice.ch\/it\/news\/il-consiglio-federale-approva-laccordo-sui-programmi-con-lue-erasmus-possibile-dal-2027\/\">Il Consiglio federale approva l\u2019accordo sui programmi con l\u2019UE: Erasmus+ possibile dal 2027<br><br><\/a><\/div>\n<\/div>\n","protected":false},"excerpt":{"rendered":"<p>In autunno il Parlamento decider\u00e0 in merito al finanziamento dell\u2019adesione della Svizzera al programma UE Erasmus+. A tal fine dovr\u00e0 [&hellip;]<\/p>\n","protected":false},"author":27,"featured_media":75144,"template":"","meta":{"_acf_changed":false,"inline_featured_image":false,"footnotes":""},"news-category":[75],"global-category":[],"class_list":["post-75212","news","type-news","status-publish","has-post-thumbnail","hentry","news-category-internazionale"],"acf":[],"yoast_head":"<!-- This site is optimized with the Yoast SEO plugin v27.3 - https:\/\/yoast.com\/product\/yoast-seo-wordpress\/ -->\n<title>Perch\u00e9 la Svizzera dovrebbe aderire a Erasmus+\u00a0 - FSEA<\/title>\n<meta name=\"robots\" content=\"index, follow, max-snippet:-1, max-image-preview:large, max-video-preview:-1\" \/>\n<link rel=\"canonical\" href=\"https:\/\/alice.ch\/it\/news\/perche-la-svizzera-dovrebbe-aderire-a-erasmus\/\" \/>\n<meta property=\"og:locale\" content=\"it_IT\" \/>\n<meta property=\"og:type\" content=\"article\" \/>\n<meta property=\"og:title\" content=\"Perch\u00e9 la Svizzera dovrebbe aderire a Erasmus+\u00a0 - FSEA\" \/>\n<meta property=\"og:description\" content=\"In autunno il Parlamento decider\u00e0 in merito al finanziamento dell\u2019adesione della Svizzera al programma UE Erasmus+. A tal fine dovr\u00e0 [&hellip;]\" \/>\n<meta property=\"og:url\" content=\"https:\/\/alice.ch\/it\/news\/perche-la-svizzera-dovrebbe-aderire-a-erasmus\/\" \/>\n<meta property=\"og:site_name\" content=\"SVEB\" \/>\n<meta property=\"article:modified_time\" content=\"2026-04-27T12:09:20+00:00\" \/>\n<meta property=\"og:image\" content=\"https:\/\/alice.ch\/app\/uploads\/2026\/04\/antoine-schibler-KF3Ty-K6NVA-unsplash1.jpg\" \/>\n\t<meta property=\"og:image:width\" content=\"1200\" \/>\n\t<meta property=\"og:image:height\" content=\"627\" \/>\n\t<meta property=\"og:image:type\" content=\"image\/jpeg\" \/>\n<meta name=\"twitter:card\" content=\"summary_large_image\" \/>\n<meta name=\"twitter:label1\" content=\"Tempo di lettura stimato\" \/>\n\t<meta name=\"twitter:data1\" content=\"3 minuti\" \/>\n<script type=\"application\/ld+json\" class=\"yoast-schema-graph\">{\"@context\":\"https:\\\/\\\/schema.org\",\"@graph\":[{\"@type\":\"WebPage\",\"@id\":\"https:\\\/\\\/alice.ch\\\/it\\\/news\\\/perche-la-svizzera-dovrebbe-aderire-a-erasmus\\\/\",\"url\":\"https:\\\/\\\/alice.ch\\\/it\\\/news\\\/perche-la-svizzera-dovrebbe-aderire-a-erasmus\\\/\",\"name\":\"Perch\u00e9 la Svizzera dovrebbe aderire a Erasmus+\u00a0 - FSEA\",\"isPartOf\":{\"@id\":\"https:\\\/\\\/alice.ch\\\/it\\\/#website\"},\"primaryImageOfPage\":{\"@id\":\"https:\\\/\\\/alice.ch\\\/it\\\/news\\\/perche-la-svizzera-dovrebbe-aderire-a-erasmus\\\/#primaryimage\"},\"image\":{\"@id\":\"https:\\\/\\\/alice.ch\\\/it\\\/news\\\/perche-la-svizzera-dovrebbe-aderire-a-erasmus\\\/#primaryimage\"},\"thumbnailUrl\":\"https:\\\/\\\/alice.ch\\\/app\\\/uploads\\\/2026\\\/04\\\/antoine-schibler-KF3Ty-K6NVA-unsplash1.jpg\",\"datePublished\":\"2026-04-27T07:02:26+00:00\",\"dateModified\":\"2026-04-27T12:09:20+00:00\",\"breadcrumb\":{\"@id\":\"https:\\\/\\\/alice.ch\\\/it\\\/news\\\/perche-la-svizzera-dovrebbe-aderire-a-erasmus\\\/#breadcrumb\"},\"inLanguage\":\"it-IT\",\"potentialAction\":[{\"@type\":\"ReadAction\",\"target\":[\"https:\\\/\\\/alice.ch\\\/it\\\/news\\\/perche-la-svizzera-dovrebbe-aderire-a-erasmus\\\/\"]}]},{\"@type\":\"ImageObject\",\"inLanguage\":\"it-IT\",\"@id\":\"https:\\\/\\\/alice.ch\\\/it\\\/news\\\/perche-la-svizzera-dovrebbe-aderire-a-erasmus\\\/#primaryimage\",\"url\":\"https:\\\/\\\/alice.ch\\\/app\\\/uploads\\\/2026\\\/04\\\/antoine-schibler-KF3Ty-K6NVA-unsplash1.jpg\",\"contentUrl\":\"https:\\\/\\\/alice.ch\\\/app\\\/uploads\\\/2026\\\/04\\\/antoine-schibler-KF3Ty-K6NVA-unsplash1.jpg\",\"width\":1200,\"height\":627},{\"@type\":\"BreadcrumbList\",\"@id\":\"https:\\\/\\\/alice.ch\\\/it\\\/news\\\/perche-la-svizzera-dovrebbe-aderire-a-erasmus\\\/#breadcrumb\",\"itemListElement\":[{\"@type\":\"ListItem\",\"position\":1,\"name\":\"Pagina iniziale\",\"item\":\"https:\\\/\\\/alice.ch\\\/it\\\/\"},{\"@type\":\"ListItem\",\"position\":2,\"name\":\"Perch\u00e9 la Svizzera dovrebbe aderire a Erasmus+\u00a0\"}]},{\"@type\":\"WebSite\",\"@id\":\"https:\\\/\\\/alice.ch\\\/it\\\/#website\",\"url\":\"https:\\\/\\\/alice.ch\\\/it\\\/\",\"name\":\"alice.ch (Adult Learning Information Center) ist das Portal der Weiterbildung in der Schweiz.\",\"description\":\"Schweizerischer Verband f\u00fcr Weiterbildung\",\"publisher\":{\"@id\":\"https:\\\/\\\/alice.ch\\\/it\\\/#organization\"},\"potentialAction\":[{\"@type\":\"SearchAction\",\"target\":{\"@type\":\"EntryPoint\",\"urlTemplate\":\"https:\\\/\\\/alice.ch\\\/it\\\/?s={search_term_string}\"},\"query-input\":{\"@type\":\"PropertyValueSpecification\",\"valueRequired\":true,\"valueName\":\"search_term_string\"}}],\"inLanguage\":\"it-IT\"},{\"@type\":\"Organization\",\"@id\":\"https:\\\/\\\/alice.ch\\\/it\\\/#organization\",\"name\":\"FSEA Federazione svizzera per la formazione continua\",\"url\":\"https:\\\/\\\/alice.ch\\\/it\\\/\",\"logo\":{\"@type\":\"ImageObject\",\"inLanguage\":\"it-IT\",\"@id\":\"https:\\\/\\\/alice.ch\\\/it\\\/#\\\/schema\\\/logo\\\/image\\\/\",\"url\":\"https:\\\/\\\/alice.ch\\\/app\\\/uploads\\\/2022\\\/07\\\/logo-sveb.png\",\"contentUrl\":\"https:\\\/\\\/alice.ch\\\/app\\\/uploads\\\/2022\\\/07\\\/logo-sveb.png\",\"width\":145,\"height\":64,\"caption\":\"FSEA Federazione svizzera per la formazione continua\"},\"image\":{\"@id\":\"https:\\\/\\\/alice.ch\\\/it\\\/#\\\/schema\\\/logo\\\/image\\\/\"},\"sameAs\":[\"https:\\\/\\\/www.linkedin.com\\\/company\\\/schweizerischer-verband-fr-weiterbildung-sveb\\\/\"]}]}<\/script>\n<!-- \/ Yoast SEO plugin. -->","yoast_head_json":{"title":"Perch\u00e9 la Svizzera dovrebbe aderire a Erasmus+\u00a0 - FSEA","robots":{"index":"index","follow":"follow","max-snippet":"max-snippet:-1","max-image-preview":"max-image-preview:large","max-video-preview":"max-video-preview:-1"},"canonical":"https:\/\/alice.ch\/it\/news\/perche-la-svizzera-dovrebbe-aderire-a-erasmus\/","og_locale":"it_IT","og_type":"article","og_title":"Perch\u00e9 la Svizzera dovrebbe aderire a Erasmus+\u00a0 - FSEA","og_description":"In autunno il Parlamento decider\u00e0 in merito al finanziamento dell\u2019adesione della Svizzera al programma UE Erasmus+. A tal fine dovr\u00e0 [&hellip;]","og_url":"https:\/\/alice.ch\/it\/news\/perche-la-svizzera-dovrebbe-aderire-a-erasmus\/","og_site_name":"SVEB","article_modified_time":"2026-04-27T12:09:20+00:00","og_image":[{"width":1200,"height":627,"url":"https:\/\/alice.ch\/app\/uploads\/2026\/04\/antoine-schibler-KF3Ty-K6NVA-unsplash1.jpg","type":"image\/jpeg"}],"twitter_card":"summary_large_image","twitter_misc":{"Tempo di lettura stimato":"3 minuti"},"schema":{"@context":"https:\/\/schema.org","@graph":[{"@type":"WebPage","@id":"https:\/\/alice.ch\/it\/news\/perche-la-svizzera-dovrebbe-aderire-a-erasmus\/","url":"https:\/\/alice.ch\/it\/news\/perche-la-svizzera-dovrebbe-aderire-a-erasmus\/","name":"Perch\u00e9 la Svizzera dovrebbe aderire a Erasmus+\u00a0 - FSEA","isPartOf":{"@id":"https:\/\/alice.ch\/it\/#website"},"primaryImageOfPage":{"@id":"https:\/\/alice.ch\/it\/news\/perche-la-svizzera-dovrebbe-aderire-a-erasmus\/#primaryimage"},"image":{"@id":"https:\/\/alice.ch\/it\/news\/perche-la-svizzera-dovrebbe-aderire-a-erasmus\/#primaryimage"},"thumbnailUrl":"https:\/\/alice.ch\/app\/uploads\/2026\/04\/antoine-schibler-KF3Ty-K6NVA-unsplash1.jpg","datePublished":"2026-04-27T07:02:26+00:00","dateModified":"2026-04-27T12:09:20+00:00","breadcrumb":{"@id":"https:\/\/alice.ch\/it\/news\/perche-la-svizzera-dovrebbe-aderire-a-erasmus\/#breadcrumb"},"inLanguage":"it-IT","potentialAction":[{"@type":"ReadAction","target":["https:\/\/alice.ch\/it\/news\/perche-la-svizzera-dovrebbe-aderire-a-erasmus\/"]}]},{"@type":"ImageObject","inLanguage":"it-IT","@id":"https:\/\/alice.ch\/it\/news\/perche-la-svizzera-dovrebbe-aderire-a-erasmus\/#primaryimage","url":"https:\/\/alice.ch\/app\/uploads\/2026\/04\/antoine-schibler-KF3Ty-K6NVA-unsplash1.jpg","contentUrl":"https:\/\/alice.ch\/app\/uploads\/2026\/04\/antoine-schibler-KF3Ty-K6NVA-unsplash1.jpg","width":1200,"height":627},{"@type":"BreadcrumbList","@id":"https:\/\/alice.ch\/it\/news\/perche-la-svizzera-dovrebbe-aderire-a-erasmus\/#breadcrumb","itemListElement":[{"@type":"ListItem","position":1,"name":"Pagina iniziale","item":"https:\/\/alice.ch\/it\/"},{"@type":"ListItem","position":2,"name":"Perch\u00e9 la Svizzera dovrebbe aderire a Erasmus+\u00a0"}]},{"@type":"WebSite","@id":"https:\/\/alice.ch\/it\/#website","url":"https:\/\/alice.ch\/it\/","name":"alice.ch (Adult Learning Information Center) ist das Portal der Weiterbildung in der Schweiz.","description":"Schweizerischer Verband f\u00fcr Weiterbildung","publisher":{"@id":"https:\/\/alice.ch\/it\/#organization"},"potentialAction":[{"@type":"SearchAction","target":{"@type":"EntryPoint","urlTemplate":"https:\/\/alice.ch\/it\/?s={search_term_string}"},"query-input":{"@type":"PropertyValueSpecification","valueRequired":true,"valueName":"search_term_string"}}],"inLanguage":"it-IT"},{"@type":"Organization","@id":"https:\/\/alice.ch\/it\/#organization","name":"FSEA Federazione svizzera per la formazione continua","url":"https:\/\/alice.ch\/it\/","logo":{"@type":"ImageObject","inLanguage":"it-IT","@id":"https:\/\/alice.ch\/it\/#\/schema\/logo\/image\/","url":"https:\/\/alice.ch\/app\/uploads\/2022\/07\/logo-sveb.png","contentUrl":"https:\/\/alice.ch\/app\/uploads\/2022\/07\/logo-sveb.png","width":145,"height":64,"caption":"FSEA Federazione svizzera per la formazione continua"},"image":{"@id":"https:\/\/alice.ch\/it\/#\/schema\/logo\/image\/"},"sameAs":["https:\/\/www.linkedin.com\/company\/schweizerischer-verband-fr-weiterbildung-sveb\/"]}]}},"_links":{"self":[{"href":"https:\/\/alice.ch\/it\/wp-json\/wp\/v2\/news\/75212","targetHints":{"allow":["GET"]}}],"collection":[{"href":"https:\/\/alice.ch\/it\/wp-json\/wp\/v2\/news"}],"about":[{"href":"https:\/\/alice.ch\/it\/wp-json\/wp\/v2\/types\/news"}],"author":[{"embeddable":true,"href":"https:\/\/alice.ch\/it\/wp-json\/wp\/v2\/users\/27"}],"version-history":[{"count":1,"href":"https:\/\/alice.ch\/it\/wp-json\/wp\/v2\/news\/75212\/revisions"}],"predecessor-version":[{"id":75215,"href":"https:\/\/alice.ch\/it\/wp-json\/wp\/v2\/news\/75212\/revisions\/75215"}],"wp:featuredmedia":[{"embeddable":true,"href":"https:\/\/alice.ch\/it\/wp-json\/wp\/v2\/media\/75144"}],"wp:attachment":[{"href":"https:\/\/alice.ch\/it\/wp-json\/wp\/v2\/media?parent=75212"}],"wp:term":[{"taxonomy":"news-category","embeddable":true,"href":"https:\/\/alice.ch\/it\/wp-json\/wp\/v2\/news-category?post=75212"},{"taxonomy":"global-category","embeddable":true,"href":"https:\/\/alice.ch\/it\/wp-json\/wp\/v2\/global-category?post=75212"}],"curies":[{"name":"wp","href":"https:\/\/api.w.org\/{rel}","templated":true}]}}